{"id":8751,"date":"2020-12-07T09:18:25","date_gmt":"2020-12-07T14:18:25","guid":{"rendered":"http:\/\/fr.une-sen.org\/press\/?p=8751"},"modified":"2020-12-07T09:18:27","modified_gmt":"2020-12-07T14:18:27","slug":"lafpc-appuie-les-fonctionnaires-noirs-dans-leur-recours-collectif","status":"publish","type":"post","link":"https:\/\/www.unesen.ca\/press\/?p=8751&amp;lang=fr","title":{"rendered":"L\u2019AFPC appuie les fonctionnaires noirs dans leur recours collectif"},"content":{"rendered":"\n<figure class=\"wp-block-image size-large\"><img loading=\"lazy\" width=\"960\" height=\"400\" src=\"http:\/\/www.une-sen.org\/press\/wp-content\/uploads\/2020\/12\/black-employee-lawsuit-1.png\" alt=\"\" class=\"wp-image-8752\" srcset=\"https:\/\/www.unesen.ca\/press\/wp-content\/uploads\/2020\/12\/black-employee-lawsuit-1.png 960w, https:\/\/www.unesen.ca\/press\/wp-content\/uploads\/2020\/12\/black-employee-lawsuit-1-300x125.png 300w, https:\/\/www.unesen.ca\/press\/wp-content\/uploads\/2020\/12\/black-employee-lawsuit-1-768x320.png 768w\" sizes=\"(max-width: 767px) 89vw, (max-width: 1000px) 54vw, (max-width: 1071px) 543px, 580px\" \/><\/figure>\n\n\n\n<p>4 d\u00e9cembre 2020<\/p>\n\n\n\n<p>L\u2019Alliance de la Fonction publique du Canada (AFPC) appuie l\u2019action en justice men\u00e9e par pr\u00e8s de 30\u2009000&nbsp;fonctionnaires (actuels et anciens) qui s\u2019identifient comme noirs, cara\u00efb\u00e9ens ou de descendance africaine. L\u2019AFPC veut agir \u00e0 titre d\u2019intervenant dans le&nbsp;<a href=\"https:\/\/fr.blackclassaction.ca\/\" target=\"_blank\" rel=\"noreferrer noopener\">recours collectif d\u00e9pos\u00e9 contre le gouvernement du Canada par les fonctionnaires noirs<\/a>, qui sont victimes de pratiques discriminatoires en mati\u00e8re d\u2019embauche et de promotion.<\/p>\n\n\n\n<p>Le racisme anti-noir est r\u00e9pandu dans la soci\u00e9t\u00e9 canadienne, et la fonction publique f\u00e9d\u00e9rale n\u2019y \u00e9chappe pas. Plusieurs de nos membres noirs souffrent depuis trop longtemps d\u2019\u00eatre limit\u00e9s dans leur parcours professionnel et sous-repr\u00e9sent\u00e9s dans les rangs des gestionnaires et des cadres au sein de la fonction publique f\u00e9d\u00e9rale.&nbsp;<\/p>\n\n\n\n<p>L\u2019argument au c\u0153ur du recours collectif&nbsp;<a href=\"https:\/\/a288a9eb-7abf-4616-80f3-8620c7d78b3b.filesusr.com\/ugd\/8e4f35_ee64fd757ec04d33836e4115bc3ecac3.pdf?index=true\" target=\"_blank\" rel=\"noreferrer noopener\">d\u00e9pos\u00e9 devant la Cour f\u00e9d\u00e9rale du Canada<\/a>&nbsp;(en anglais) est que l\u2019exclusion des fonctionnaires noirs a entra\u00een\u00e9 des torts \u00e9conomiques et psychologiques pour des milliers de fonctionnaires depuis les ann\u00e9es&nbsp;1970. La partie plaignante demande au gouvernement f\u00e9d\u00e9ral de mettre en \u0153uvre un plan pour r\u00e9ellement diversifier la fonction publique f\u00e9d\u00e9rale&nbsp;et de verser un d\u00e9dommagement aux dizaines de milliers de fonctionnaires noirs.<\/p>\n\n\n\n<p>Le soutien de l\u2019AFPC \u00e0 ce recours collectif s\u2019inscrit dans sa lutte continue contre le racisme anti-noir.<\/p>\n\n\n\n<p>\u00ab&nbsp;La fonction publique canadienne se pr\u00e9sente comme \u201cune organisation non partisane, fond\u00e9e sur le m\u00e9rite et repr\u00e9sentative, au service de tous les Canadiens\u201d&nbsp;\u00bb, signale Chris Aylward, pr\u00e9sident national de l\u2019AFPC. \u00ab&nbsp;C\u2019est un principe tr\u00e8s honorable, mais pour bien des Canadiens et des Canadiennes, surtout noirs, la r\u00e9alit\u00e9 est compl\u00e8tement diff\u00e9rente. Le gouvernement doit faire ce qui est n\u00e9cessaire pour r\u00e9parer ces injustices et veiller \u00e0 ce qu\u2019elles s\u2019arr\u00eatent.&nbsp;\u00bb<\/p>\n\n\n\n<p>L\u2019AFPC reprend les appels de nos membres noirs. Le gouvernement f\u00e9d\u00e9ral doit \u00e9liminer les obstacles syst\u00e9miques dans ses pratiques de ressources humaines. Il doit passer \u00e0 l\u2019action pour am\u00e9liorer la diversit\u00e9 et l\u2019inclusion, surtout au niveau de la direction. Le gouvernement doit \u00e9couter les travailleuses et travailleurs noirs et suivre leurs directives pour r\u00e9parer cette injustice flagrante.<\/p>\n\n\n\n<p>Le&nbsp;<a rel=\"noreferrer noopener\" href=\"https:\/\/ici.radio-canada.ca\/nouvelle\/1708822\/existence-racisme-systemique-outaouais-depute-greg-fergus\" target=\"_blank\">gouvernement f\u00e9d\u00e9ral a reconnu que le racisme syst\u00e9mique est r\u00e9pandu dans la soci\u00e9t\u00e9 canadienne<\/a>&nbsp;et au sein des institutions gouvernementales. Si le gouvernement veut r\u00e9ellement \u00e9liminer le racisme syst\u00e9mique, il doit commencer par ses propres pratiques d\u2019embauche et de promotion. La fonction publique canadienne est plus forte et mieux servie lorsqu\u2019elle est compos\u00e9e de fonctionnaires ayant diff\u00e9rents points de vue et exp\u00e9riences de vie.<\/p>\n\n\n\n<p>Source : <a href=\"http:\/\/syndicatafpc.ca\/lafpc-appuie-fonctionnaires-noirs-leur-recours?_ga=2.70523477.457706759.1606943548-1121130890.1580157739\">L\u2019AFPC appuie les fonctionnaires noirs dans leur recours collectif | Alliance de la Fonction publique du Canada (syndicatafpc.ca)<\/a><\/p>\n","protected":false},"excerpt":{"rendered":"<p>4 d\u00e9cembre 2020 L\u2019Alliance de la Fonction publique du Canada (AFPC) appuie l\u2019action en justice men\u00e9e par pr\u00e8s de 30\u2009000&nbsp;fonctionnaires (actuels et anciens) qui s\u2019identifient comme noirs, cara\u00efb\u00e9ens ou de descendance africaine. L\u2019AFPC veut agir \u00e0 titre d\u2019intervenant dans le&nbsp;recours collectif d\u00e9pos\u00e9 contre le gouvernement du Canada par les fonctionnaires noirs, qui sont victimes de &hellip; <\/p>\n<p class=\"link-more\"><a href=\"https:\/\/www.unesen.ca\/press\/?p=8751&#038;lang=fr\" class=\"more-link\">>><span class=\"screen-reader-text\"> &#8220;L\u2019AFPC appuie les fonctionnaires noirs dans leur recours collectif&#8221;<\/span><\/a><\/p>\n","protected":false},"author":6,"featured_media":0,"comment_status":"closed","ping_status":"open","sticky":false,"template":"","format":"standard","meta":{"_links_to":"","_links_to_target":""},"categories":[],"tags":[],"_links":{"self":[{"href":"https:\/\/www.unesen.ca\/press\/index.php?rest_route=\/wp\/v2\/posts\/8751"}],"collection":[{"href":"https:\/\/www.unesen.ca\/press\/index.php?rest_route=\/wp\/v2\/posts"}],"about":[{"href":"https:\/\/www.unesen.ca\/press\/index.php?rest_route=\/wp\/v2\/types\/post"}],"author":[{"embeddable":true,"href":"https:\/\/www.unesen.ca\/press\/index.php?rest_route=\/wp\/v2\/users\/6"}],"replies":[{"embeddable":true,"href":"https:\/\/www.unesen.ca\/press\/index.php?rest_route=%2Fwp%2Fv2%2Fcomments&post=8751"}],"version-history":[{"count":2,"href":"https:\/\/www.unesen.ca\/press\/index.php?rest_route=\/wp\/v2\/posts\/8751\/revisions"}],"predecessor-version":[{"id":8755,"href":"https:\/\/www.unesen.ca\/press\/index.php?rest_route=\/wp\/v2\/posts\/8751\/revisions\/8755"}],"wp:attachment":[{"href":"https:\/\/www.unesen.ca\/press\/index.php?rest_route=%2Fwp%2Fv2%2Fmedia&parent=8751"}],"wp:term":[{"taxonomy":"category","embeddable":true,"href":"https:\/\/www.unesen.ca\/press\/index.php?rest_route=%2Fwp%2Fv2%2Fcategories&post=8751"},{"taxonomy":"post_tag","embeddable":true,"href":"https:\/\/www.unesen.ca\/press\/index.php?rest_route=%2Fwp%2Fv2%2Ftags&post=8751"}],"curies":[{"name":"wp","href":"https:\/\/api.w.org\/{rel}","templated":true}]}}