{"id":8718,"date":"2020-12-03T15:16:02","date_gmt":"2020-12-03T20:16:02","guid":{"rendered":"http:\/\/fr.une-sen.org\/press\/?p=8718"},"modified":"2020-12-03T15:16:04","modified_gmt":"2020-12-03T20:16:04","slug":"paiements-retroactifs-et-augmentations-de-salaire-le-conseil-du-tresor-et-larc-avancent-quelques-dates","status":"publish","type":"post","link":"https:\/\/www.unesen.ca\/press\/?p=8718&amp;lang=fr","title":{"rendered":"Paiements r\u00e9troactifs et augmentations de salaire : le Conseil du Tr\u00e9sor et l\u2019ARC avancent quelques dates"},"content":{"rendered":"\n<figure class=\"wp-block-image size-large\"><img loading=\"lazy\" width=\"960\" height=\"488\" src=\"http:\/\/www.une-sen.org\/press\/wp-content\/uploads\/2020\/12\/bargain-pattern-blue-960x488_0-1.jpg\" alt=\"\" class=\"wp-image-8719\" srcset=\"https:\/\/www.unesen.ca\/press\/wp-content\/uploads\/2020\/12\/bargain-pattern-blue-960x488_0-1.jpg 960w, https:\/\/www.unesen.ca\/press\/wp-content\/uploads\/2020\/12\/bargain-pattern-blue-960x488_0-1-300x153.jpg 300w, https:\/\/www.unesen.ca\/press\/wp-content\/uploads\/2020\/12\/bargain-pattern-blue-960x488_0-1-768x390.jpg 768w\" sizes=\"(max-width: 767px) 89vw, (max-width: 1000px) 54vw, (max-width: 1071px) 543px, 580px\" \/><\/figure>\n\n\n\n<p>3 d\u00e9cembre 2020<\/p>\n\n\n\n<p>Le Conseil du Tr\u00e9sor et l\u2019Agence du revenu du Canada ont communiqu\u00e9 \u00e0 l\u2019AFPC les dates auxquelles seront vers\u00e9s les diff\u00e9rents paiements d\u00e9coulant de la signature des conventions collectives des groupes&nbsp;<a href=\"http:\/\/syndicatafpc.ca\/groupe-pa?_ga=2.261024781.1484696137.1606947583-1236042247.1568402190\" target=\"_blank\" rel=\"noreferrer noopener\">PA<\/a>,&nbsp;<a href=\"http:\/\/syndicatafpc.ca\/groupe-eb-0?_ga=2.30245439.1484696137.1606947583-1236042247.1568402190\" target=\"_blank\" rel=\"noreferrer noopener\">EB<\/a>,&nbsp;<a href=\"http:\/\/syndicatafpc.ca\/groupe-tc?_ga=2.30245439.1484696137.1606947583-1236042247.1568402190\" target=\"_blank\" rel=\"noreferrer noopener\">TC<\/a>,&nbsp;<a href=\"http:\/\/syndicatafpc.ca\/groupe-sv?_ga=2.92711837.1484696137.1606947583-1236042247.1568402190\" target=\"_blank\" rel=\"noreferrer noopener\">SV<\/a>&nbsp;et des membres de l\u2019<a href=\"http:\/\/syndicatafpc.ca\/agence-du-revenu-du-canada?_ga=2.92711837.1484696137.1606947583-1236042247.1568402190\" target=\"_blank\" rel=\"noreferrer noopener\">AFPC-SEI<\/a>.<\/p>\n\n\n\n<figure class=\"wp-block-table\"><table><tbody><tr><td>&nbsp;<\/td><td><strong>Augmentations et rajustements salariaux<\/strong><\/td><td><strong>Paye r\u00e9troactive<\/strong><\/td><td><strong>Paiement forfaitaire de 500&nbsp;$ (pour la mise en \u0153uvre tardive des ententes)<\/strong><\/td><td><strong>Paiement forfaitaire de 400&nbsp;$ (membres du SEI seulement)<\/strong><\/td><\/tr><tr><td><strong>PA<\/strong><\/td><td>25 nov. 2020<\/td><td>3 f\u00e9vr. 2021<\/td><td>14 avril 2021<\/td><td>&nbsp;<\/td><\/tr><tr><td><strong>TC<\/strong><\/td><td>23 d\u00e9c. 2020<\/td><td>17 mars 2021<\/td><td>14 avril 2021<\/td><td>&nbsp;<\/td><\/tr><tr><td><strong>SV<\/strong><\/td><td>23 d\u00e9c. 2020<\/td><td>17 mars 2021<\/td><td>28 avril 2021<\/td><td>&nbsp;<\/td><\/tr><tr><td><strong>EB<\/strong><\/td><td>17 f\u00e9vr. 2021<\/td><td>14 avril 2021<\/td><td>28 avril 2021<\/td><td>&nbsp;<\/td><\/tr><tr><td><strong>SEI<\/strong><\/td><td>23 d\u00e9c. 2020<\/td><td>Printemps 2021<\/td><td>Printemps&nbsp;2021<\/td><td>23 d\u00e9c. 2020<\/td><\/tr><\/tbody><\/table><\/figure>\n\n\n\n<p>\u00c0 noter que&nbsp;<strong><u>ce calendrier est provisoire<\/u>&nbsp;<\/strong>et pourrait \u00eatre modifi\u00e9 par le Conseil du Tr\u00e9sor et l&#8217;ARC.<\/p>\n\n\n\n<p>Le Conseil du Tr\u00e9sor et l&#8217;ARC n\u2019ont&nbsp;pas encore d\u00e9termin\u00e9 quand il versera le&nbsp;<a href=\"http:\/\/syndicatafpc.ca\/foire-questions-dedommagement-phenix?_ga=2.24369274.1713573668.1606934137-459196255.1606934137\" target=\"_blank\" rel=\"noreferrer noopener\">d\u00e9dommagement Ph\u00e9nix<\/a>. Pour recevoir toute l\u2019information pertinente sur la mise en \u0153uvre des conventions collectives et le d\u00e9dommagement Ph\u00e9nix, assurez-vous que vos coordonn\u00e9es sont \u00e0 jour dans le&nbsp;<a href=\"http:\/\/syndicatafpc.ca\/user?_ga=2.42515429.1713573668.1606934137-459196255.1606934137\" target=\"_blank\" rel=\"noreferrer noopener\">portail des membres<\/a>&nbsp;.<\/p>\n\n\n\n<h3><strong>Parcs Canada et ACIA<\/strong><\/h3>\n\n\n\n<p>L\u2019AFPC travaille avec les deux agences \u00e0 peaufiner le texte et les grilles salariales des contrats de travail&nbsp;<a href=\"http:\/\/syndicatafpc.ca\/ratification-nouvelles-conventions-collectives?_ga=2.20607096.1713573668.1606934137-459196255.1606934137\" target=\"_blank\" rel=\"noreferrer noopener\">ratifi\u00e9s en novembre<\/a>. Ces nouvelles ententes devraient \u00eatre sign\u00e9es au cours des prochaines semaines.<\/p>\n\n\n\n<h3><strong>Services frontaliers<\/strong><\/h3>\n\n\n\n<p>Le groupe FB est toujours en pourparlers avec le Conseil du Tr\u00e9sor et l\u2019Agence des services frontaliers. Pour conna\u00eetre les derni\u00e8res nouvelles, consultez le&nbsp;<a href=\"http:\/\/syndicatafpc.ca\/groupe-fb-0?_ga=2.214529495.1713573668.1606934137-459196255.1606934137\" target=\"_blank\" rel=\"noreferrer noopener\">site Web de l\u2019AFPC<\/a>.<\/p>\n\n\n\n<p>Source : <a href=\"http:\/\/syndicatafpc.ca\/paiements-retroactifs-augmentations-salaire?_ga=2.162673017.457706759.1606943548-1121130890.1580157739\">Paiements r\u00e9troactifs et augmentations de salaire : le Conseil du Tr\u00e9sor et l\u2019ARC avancent quelques dates | Alliance de la Fonction publique du Canada (syndicatafpc.ca)<\/a><\/p>\n","protected":false},"excerpt":{"rendered":"<p>3 d\u00e9cembre 2020 Le Conseil du Tr\u00e9sor et l\u2019Agence du revenu du Canada ont communiqu\u00e9 \u00e0 l\u2019AFPC les dates auxquelles seront vers\u00e9s les diff\u00e9rents paiements d\u00e9coulant de la signature des conventions collectives des groupes&nbsp;PA,&nbsp;EB,&nbsp;TC,&nbsp;SV&nbsp;et des membres de l\u2019AFPC-SEI. &nbsp; Augmentations et rajustements salariaux Paye r\u00e9troactive Paiement forfaitaire de 500&nbsp;$ (pour la mise en \u0153uvre tardive &hellip; <\/p>\n<p class=\"link-more\"><a href=\"https:\/\/www.unesen.ca\/press\/?p=8718&#038;lang=fr\" class=\"more-link\">>><span class=\"screen-reader-text\"> &#8220;Paiements r\u00e9troactifs et augmentations de salaire : le Conseil du Tr\u00e9sor et l\u2019ARC avancent quelques dates&#8221;<\/span><\/a><\/p>\n","protected":false},"author":6,"featured_media":0,"comment_status":"closed","ping_status":"open","sticky":false,"template":"","format":"standard","meta":{"_links_to":"","_links_to_target":""},"categories":[],"tags":[],"_links":{"self":[{"href":"https:\/\/www.unesen.ca\/press\/index.php?rest_route=\/wp\/v2\/posts\/8718"}],"collection":[{"href":"https:\/\/www.unesen.ca\/press\/index.php?rest_route=\/wp\/v2\/posts"}],"about":[{"href":"https:\/\/www.unesen.ca\/press\/index.php?rest_route=\/wp\/v2\/types\/post"}],"author":[{"embeddable":true,"href":"https:\/\/www.unesen.ca\/press\/index.php?rest_route=\/wp\/v2\/users\/6"}],"replies":[{"embeddable":true,"href":"https:\/\/www.unesen.ca\/press\/index.php?rest_route=%2Fwp%2Fv2%2Fcomments&post=8718"}],"version-history":[{"count":2,"href":"https:\/\/www.unesen.ca\/press\/index.php?rest_route=\/wp\/v2\/posts\/8718\/revisions"}],"predecessor-version":[{"id":8722,"href":"https:\/\/www.unesen.ca\/press\/index.php?rest_route=\/wp\/v2\/posts\/8718\/revisions\/8722"}],"wp:attachment":[{"href":"https:\/\/www.unesen.ca\/press\/index.php?rest_route=%2Fwp%2Fv2%2Fmedia&parent=8718"}],"wp:term":[{"taxonomy":"category","embeddable":true,"href":"https:\/\/www.unesen.ca\/press\/index.php?rest_route=%2Fwp%2Fv2%2Fcategories&post=8718"},{"taxonomy":"post_tag","embeddable":true,"href":"https:\/\/www.unesen.ca\/press\/index.php?rest_route=%2Fwp%2Fv2%2Ftags&post=8718"}],"curies":[{"name":"wp","href":"https:\/\/api.w.org\/{rel}","templated":true}]}}