{"id":8702,"date":"2020-12-03T08:55:47","date_gmt":"2020-12-03T13:55:47","guid":{"rendered":"http:\/\/fr.une-sen.org\/press\/?p=8702"},"modified":"2020-12-03T08:55:49","modified_gmt":"2020-12-03T13:55:49","slug":"journee-internationale-des-personnes-handicapees-noubliez-pas-de-vous-souvenir","status":"publish","type":"post","link":"https:\/\/www.unesen.ca\/press\/?p=8702&amp;lang=fr","title":{"rendered":"Journ\u00e9e internationale des personnes handicap\u00e9es : N\u2019oubliez pas de vous souvenir"},"content":{"rendered":"\n<figure class=\"wp-block-image size-large\"><img loading=\"lazy\" width=\"1024\" height=\"538\" src=\"http:\/\/www.une-sen.org\/press\/wp-content\/uploads\/2020\/12\/NatDisabilityDayDec3-1-1024x538.png\" alt=\"\" class=\"wp-image-8703\" srcset=\"https:\/\/www.unesen.ca\/press\/wp-content\/uploads\/2020\/12\/NatDisabilityDayDec3-1-1024x538.png 1024w, https:\/\/www.unesen.ca\/press\/wp-content\/uploads\/2020\/12\/NatDisabilityDayDec3-1-300x158.png 300w, https:\/\/www.unesen.ca\/press\/wp-content\/uploads\/2020\/12\/NatDisabilityDayDec3-1-768x403.png 768w, https:\/\/www.unesen.ca\/press\/wp-content\/uploads\/2020\/12\/NatDisabilityDayDec3-1.png 1200w\" sizes=\"(max-width: 767px) 89vw, (max-width: 1000px) 54vw, (max-width: 1071px) 543px, 580px\" \/><\/figure>\n\n\n\n<p>3 d\u00e9cembre 2020<\/p>\n\n\n\n<p>Les personnes avec un handicap sont souvent les personnes plus r\u00e9silientes et les plus d\u00e9termin\u00e9es que je connaisse. Rien ne semble pouvoir les d\u00e9monter; un obstacle est un d\u00e9fi pouvant \u00eatre relev\u00e9. Il n\u2019y a rien d\u2019insurmontable. Pour certaines personnes, les al\u00e9as de la vie semblent prendre toute la place. Ils semblent invalidants. Mais pour une personne avec un handicap, il y a toujours une fa\u00e7on de s\u2019en sortir.<\/p>\n\n\n\n<p>Il faut qu\u2019il y en ait une.<\/p>\n\n\n\n<p>Il n\u2019y a pas d\u2019autre choix.<\/p>\n\n\n\n<p>Il faut simplement trouver la solution.<\/p>\n\n\n\n<p>Et c\u2019est ce que nous faisons.<\/p>\n\n\n\n<p>Malgr\u00e9 tout, pour certaines personnes, cette force et cette r\u00e9silience ne sont qu\u2019un masque qu\u2019elles tiennent solidement devant les gens. \u00c9trangement, elles croient que cette force et cette r\u00e9silience sont ce que les gens veulent voir ou m\u00eame doivent voir pour continuer \u00e0 vivre leur vie sans avoir une seconde pens\u00e9e \u2014 parfois m\u00eame une seule pens\u00e9e \u2014 pour le bien\u2011\u00eatre des autres.<\/p>\n\n\n\n<p>Disons\u2011le franchement&nbsp;: pourquoi le feraient-ils?<\/p>\n\n\n\n<p>Tout semble bien aller.<\/p>\n\n\n\n<p>Tout a l\u2019air de bien aller.<\/p>\n\n\n\n<p>Mais parfois, \u00ab&nbsp;les choses ne sont pas ce qu\u2019elles semblent&nbsp;\u00eatre&nbsp;\u00bb.<\/p>\n\n\n\n<p>En raison d\u2019un certain instinct d\u2019autod\u00e9fense, d\u2019un certain instinct \u00e9go\u00efste d\u2019autoprotection, les gens acceptent ce masque, m\u00eame si, derri\u00e8re le masque, les choses ne sont pas ce qu\u2019elles semblent \u00eatre.<\/p>\n\n\n\n<p>La v\u00e9rit\u00e9, c\u2019est que vivre avec un handicap est \u00e9puisant. Cela nous met \u00e0 part des autres. Les petites choses qui semblent insignifiantes finissent par former une montagne. Nous ratons des occasions, nous fuyons des situations, et cela ne fait que nous enfermer dans notre solitude. Les personnes avec un handicap font parfois tout pour les bonnes raisons, mais n\u2019obtiennent pas les bons r\u00e9sultats.<\/p>\n\n\n\n<p><strong>N\u2019oubliez pas de vous souvenir.<\/strong><\/p>\n\n\n\n<p>Assurez-vous que les gens qui vous entourent vont bien \u2013 tous les gens, les personnes avec un handicap comme les autres.<\/p>\n\n\n\n<p>Nouez des liens, ouvrez votre c\u0153ur.<\/p>\n\n\n\n<p>Respectez le masque, mais essayez de voir au\u2011del\u00e0; laissez le bien\u2011\u00eatre vous guider.<\/p>\n\n\n\n<p>Faites partie de la vie des personnes \u00e9puis\u00e9es et seules. Aidez\u2011les \u00e0 rester r\u00e9silientes et fortes.<\/p>\n\n\n\n<p>Par Michael Freeman<\/p>\n\n\n\n<p>Repr\u00e9sentant national de l&#8217;\u00e9quit\u00e9 pour les personnes handicap\u00e9es du SEN<\/p>\n","protected":false},"excerpt":{"rendered":"<p>3 d\u00e9cembre 2020 Les personnes avec un handicap sont souvent les personnes plus r\u00e9silientes et les plus d\u00e9termin\u00e9es que je connaisse. Rien ne semble pouvoir les d\u00e9monter; un obstacle est un d\u00e9fi pouvant \u00eatre relev\u00e9. Il n\u2019y a rien d\u2019insurmontable. Pour certaines personnes, les al\u00e9as de la vie semblent prendre toute la place. Ils semblent &hellip; <\/p>\n<p class=\"link-more\"><a href=\"https:\/\/www.unesen.ca\/press\/?p=8702&#038;lang=fr\" class=\"more-link\">>><span class=\"screen-reader-text\"> &#8220;Journ\u00e9e internationale des personnes handicap\u00e9es : N\u2019oubliez pas de vous souvenir&#8221;<\/span><\/a><\/p>\n","protected":false},"author":6,"featured_media":0,"comment_status":"closed","ping_status":"open","sticky":false,"template":"","format":"standard","meta":{"_links_to":"","_links_to_target":""},"categories":[],"tags":[],"_links":{"self":[{"href":"https:\/\/www.unesen.ca\/press\/index.php?rest_route=\/wp\/v2\/posts\/8702"}],"collection":[{"href":"https:\/\/www.unesen.ca\/press\/index.php?rest_route=\/wp\/v2\/posts"}],"about":[{"href":"https:\/\/www.unesen.ca\/press\/index.php?rest_route=\/wp\/v2\/types\/post"}],"author":[{"embeddable":true,"href":"https:\/\/www.unesen.ca\/press\/index.php?rest_route=\/wp\/v2\/users\/6"}],"replies":[{"embeddable":true,"href":"https:\/\/www.unesen.ca\/press\/index.php?rest_route=%2Fwp%2Fv2%2Fcomments&post=8702"}],"version-history":[{"count":2,"href":"https:\/\/www.unesen.ca\/press\/index.php?rest_route=\/wp\/v2\/posts\/8702\/revisions"}],"predecessor-version":[{"id":8705,"href":"https:\/\/www.unesen.ca\/press\/index.php?rest_route=\/wp\/v2\/posts\/8702\/revisions\/8705"}],"wp:attachment":[{"href":"https:\/\/www.unesen.ca\/press\/index.php?rest_route=%2Fwp%2Fv2%2Fmedia&parent=8702"}],"wp:term":[{"taxonomy":"category","embeddable":true,"href":"https:\/\/www.unesen.ca\/press\/index.php?rest_route=%2Fwp%2Fv2%2Fcategories&post=8702"},{"taxonomy":"post_tag","embeddable":true,"href":"https:\/\/www.unesen.ca\/press\/index.php?rest_route=%2Fwp%2Fv2%2Ftags&post=8702"}],"curies":[{"name":"wp","href":"https:\/\/api.w.org\/{rel}","templated":true}]}}