{"id":8692,"date":"2020-12-02T12:02:04","date_gmt":"2020-12-02T17:02:04","guid":{"rendered":"http:\/\/fr.une-sen.org\/press\/?p=8692"},"modified":"2020-12-04T12:08:57","modified_gmt":"2020-12-04T17:08:57","slug":"mise-a-jour-au-sujet-du-congres-triennial-du-sen-annoncement-de-nouvelles-dates","status":"publish","type":"post","link":"https:\/\/www.unesen.ca\/press\/?p=8692&amp;lang=fr","title":{"rendered":"Mise \u00e0 jour au sujet du Congr\u00e8s triennial du SEN- Annonce de nouvelles dates"},"content":{"rendered":"\n<figure class=\"wp-block-image size-large\"><img loading=\"lazy\" width=\"1024\" height=\"538\" src=\"http:\/\/www.une-sen.org\/press\/wp-content\/uploads\/2020\/12\/ConventionUpdate-f-1024x538.png\" alt=\"\" class=\"wp-image-8694\" srcset=\"https:\/\/www.unesen.ca\/press\/wp-content\/uploads\/2020\/12\/ConventionUpdate-f-1024x538.png 1024w, https:\/\/www.unesen.ca\/press\/wp-content\/uploads\/2020\/12\/ConventionUpdate-f-300x158.png 300w, https:\/\/www.unesen.ca\/press\/wp-content\/uploads\/2020\/12\/ConventionUpdate-f-768x403.png 768w, https:\/\/www.unesen.ca\/press\/wp-content\/uploads\/2020\/12\/ConventionUpdate-f.png 1200w\" sizes=\"(max-width: 767px) 89vw, (max-width: 1000px) 54vw, (max-width: 1071px) 543px, 580px\" \/><\/figure>\n\n\n\n<p>Le Congr\u00e8s triennal du SEN de 2020 a \u00e9t\u00e9 report\u00e9 <strong>du 12 au 16 juillet 2021<\/strong>.<\/p>\n\n\n\n<p>Si vous vous \u00eates d\u00e9j\u00e0 inscrit.e, vous serez contact\u00e9.e au fur et \u00e0 mesure des mises \u00e0 jour. Veuillez prendre note des nouvelles dates limites ci-dessous si votre section locale n\u2019a pas encore \u00e9lu de d\u00e9l\u00e9gu\u00e9.e.s, suppl\u00e9ant.e.s ou d\u2019obervateurs\/observatrices.<\/p>\n\n\n\n<p>Le SEN encourage les sections locales \u00e0 tenir les \u00e9lections \u00e0 travers des r\u00e9unions de membres virtuelles.<\/p>\n\n\n\n<p class=\"has-medium-font-size\"><strong>NOUVELLE DATE \u2013 La date limite pour soumettre les r\u00e9solutions, l\u2019inscription de d\u00e9l\u00e9gu\u00e9.e et pour rendre conforme votre section locale est le 12 mars 2021.<\/strong><\/p>\n\n\n\n<p><strong>Assurez-vous que votre section locale est en conformit\u00e9<\/strong><strong><br><\/strong>Vous pourrez assister au Congr\u00e8s uniquement si votre section locale est en conformit\u00e9. Pour obtenir la liste compl\u00e8te des documents que votre section locale doit fournir, veuillez consulter la&nbsp;<a href=\"http:\/\/fr.une-sen.org\/events\/convention\/\">section du Congr\u00e8s du site Web du SEN<\/a>.<\/p>\n\n\n\n<p><strong>D\u00e9l\u00e9gu\u00e9es et d\u00e9l\u00e9gu\u00e9s \u00e9lus et leurs suppl\u00e9antes et suppl\u00e9ants<\/strong><strong><br><\/strong>Les d\u00e9l\u00e9gu\u00e9es et d\u00e9l\u00e9gu\u00e9s et les d\u00e9l\u00e9gu\u00e9es et d\u00e9l\u00e9gu\u00e9s suppl\u00e9ants sont \u00e9lus durant les r\u00e9unions g\u00e9n\u00e9rales de la section locale. Le nombre de d\u00e9l\u00e9gu\u00e9.e.s par section locale est calcul\u00e9 en fonction du nombre de membres en r\u00e8gle six mois avant la date d\u2019ouverture du Congr\u00e8s, conform\u00e9ment \u00e0 l\u2019article&nbsp;11 du R\u00e8glement interne&nbsp;6 du SEN.<\/p>\n\n\n\n<ol type=\"1\"><li>De 4 \u00e0&nbsp;100&nbsp;membres en r\u00e8gle&nbsp;=&nbsp;une d\u00e9l\u00e9gu\u00e9e ou un d\u00e9l\u00e9gu\u00e9<\/li><li>Une d\u00e9l\u00e9gu\u00e9e ou un d\u00e9l\u00e9gu\u00e9 pour chaque tranche de 100&nbsp;membres ou fraction de ce nombre, jusqu\u2019\u00e0 concurrence de 5 par section locale.<\/li><\/ol>\n\n\n\n<p><strong>Observatrices et Observateurs<\/strong><strong><br><\/strong>Les sections locales peuvent \u00e9galement envoyer des observatrices et observateurs au Congr\u00e8s aux frais de la section locale. Ces membres peuvent assister au Congr\u00e8s, mais elles\/ils ne peuvent participer ni aux d\u00e9bats ni aux votes.<\/p>\n\n\n\n<p><strong>Pr\u00e9sentation des lettres de cr\u00e9ance<\/strong><strong><br><\/strong>Les lettres de cr\u00e9ance de chaque d\u00e9l\u00e9gu\u00e9e ou d\u00e9l\u00e9gu\u00e9, d\u00e9l\u00e9gu\u00e9e suppl\u00e9ante ou d\u00e9l\u00e9gu\u00e9 suppl\u00e9ant et observatrice ou observateur doivent \u00eatre pr\u00e9sent\u00e9es au SEN. Les formulaires pour les d\u00e9l\u00e9gu\u00e9es et d\u00e9l\u00e9gu\u00e9s et les d\u00e9l\u00e9gu\u00e9es suppl\u00e9antes et les d\u00e9l\u00e9gu\u00e9s suppl\u00e9ants doivent renfermer une copie du proc\u00e8s-verbal de la r\u00e9union g\u00e9n\u00e9rale de la section locale, montrant l\u2019\u00e9lection de ces membres. Les formulaires n\u00e9cessaires peuvent \u00eatre t\u00e9l\u00e9charg\u00e9s dans la&nbsp;<a href=\"http:\/\/fr.une-sen.org\/events\/convention\/\">section du Congr\u00e8s du site Web du SEN<\/a>.<\/p>\n\n\n\n<p><strong>Date limite d\u2019inscription<\/strong><strong><br><\/strong>Pour \u00eatre reconnu.e en tant que d\u00e9l\u00e9gu\u00e9e ou d\u00e9l\u00e9gu\u00e9 au Congr\u00e8s, les membres doivent remplir <a href=\"https:\/\/fr.une-sen.org\/events\/convention\/registration\/\">l\u2019inscription en ligne<\/a> et pr\u00e9senter les documents suivants d\u2019ici&nbsp;<strong>le 12 mars 2021, \u00e0 16&nbsp;h, heure normale de l\u2019Est<\/strong>&nbsp;:<\/p>\n\n\n\n<ol type=\"1\"><li>les lettres de cr\u00e9ance, y compris le proc\u00e8s-verbal de la r\u00e9union montrant l\u2019\u00e9lection des d\u00e9l\u00e9gu\u00e9es et d\u00e9l\u00e9gu\u00e9s et des d\u00e9l\u00e9gu\u00e9es suppl\u00e9antes et d\u00e9l\u00e9gu\u00e9s suppl\u00e9ants;<\/li><li>les documents financiers de la section locale, conform\u00e9ment aux r\u00e8glements internes et aux politiques du SEN.<\/li><\/ol>\n\n\n\n<p>Les membres qui ne respectent pas la date limite ne seront pas en mesure de participer aux comit\u00e9s du Congr\u00e8s et seront consid\u00e9r\u00e9.e.s comme des d\u00e9l\u00e9gu\u00e9es et d\u00e9l\u00e9gu\u00e9s inscrits en retard. Les d\u00e9l\u00e9gu\u00e9es et d\u00e9l\u00e9gu\u00e9s inscrits tardivement si\u00e8gent au Congr\u00e8s au moyen d\u2019une motion de proc\u00e9dure durant les premi\u00e8res \u00e9tapes de l\u2019ouverture de notre Congr\u00e8s.<\/p>\n\n\n\n<p><strong>Avez-vous des questions au sujet de la logistique du Congr\u00e8s et de l\u2019inscription?<\/strong><br>Nous esp\u00e9rons que vous trouverez toutes les r\u00e9ponses dans la&nbsp;<a href=\"http:\/\/fr.une-sen.org\/events\/convention\/\">section du Congr\u00e8s de notre site Web<\/a>.<\/p>\n\n\n\n<p>Si vous avez besoin de renseignements suppl\u00e9mentaires, veuillez communiquer avec Suzanne Boucher, coordonnatrice du Congr\u00e8s, \u00e0 <a href=\"mailto:events@une-sen.org\">events@une-sen.org<\/a> ou au&nbsp;613\u2011560\u20114359 ou 1\u2011800\u2011663\u20116685.<\/p>\n\n\n\n<p><strong>R\u00c9SOLUTIONS<\/strong><\/p>\n\n\n\n<p><strong>Option&nbsp;1<\/strong><\/p>\n\n\n\n<p>Les sections locales devraient nommer un comit\u00e9 responsable des r\u00e9solutions du Congr\u00e8s; ces comit\u00e9s sont habituellement compos\u00e9s de trois \u00e0 cinq membres. Certaines sections locales peuvent pr\u00e9f\u00e9rer nommer un comit\u00e9 pour chaque sujet de r\u00e9solution&nbsp;: statut et r\u00e8glements internes, finances et r\u00e9solutions g\u00e9n\u00e9rales. Votre section locale devrait publier un avis demandant aux membres de pr\u00e9senter des r\u00e9solutions \u00e0 votre comit\u00e9 responsable des r\u00e9solutions du Congr\u00e8s. Laissez suffisamment de temps au comit\u00e9 pour qu\u2019il pr\u00e9pare un rapport. Les membres du comit\u00e9 devraient \u00eatre encourag\u00e9.e.s \u00e0 pr\u00e9senter leurs propres r\u00e9solutions. Le rapport de chaque comit\u00e9 et ses r\u00e9solutions suppl\u00e9mentaires devraient \u00eatre pr\u00e9sent\u00e9s durant l\u2019assembl\u00e9e g\u00e9n\u00e9rale des membres. Cette r\u00e9union devrait permettre suffisamment de temps pour d\u00e9battre des r\u00e9solutions avant le vote des membres.<\/p>\n\n\n\n<p><strong>Option&nbsp;2<\/strong><\/p>\n\n\n\n<p>Toute ou tout membre en r\u00e8gle peut pr\u00e9senter une r\u00e9solution au Congr\u00e8s en la faisant cosigner par cinq autres membres en r\u00e8gle.<\/p>\n\n\n\n<p><strong>Pr\u00e9senter votre r\u00e9solution en ligne<\/strong><\/p>\n\n\n\n<p>Vous devrez pr\u00e9senter vos r\u00e9solutions <a href=\"http:\/\/fr.une-sen.org\/events\/convention\/resolutions\/index.php\">par voie \u00e9lectronique sur notre site Web<\/a>. Ce processus permet de r\u00e9duire grandement le temps requis pour pr\u00e9parer des r\u00e9solutions qui seront examin\u00e9es par le comit\u00e9 en juin. Si vous n\u2019avez pas acc\u00e8s \u00e0 Internet, vous pouvez pr\u00e9senter vos r\u00e9solutions par courriel ou par t\u00e9l\u00e9copieur.<\/p>\n\n\n\n<p><strong>Pr\u00e9sentez de la documentation \u00e0 l\u2019appui<\/strong><\/p>\n\n\n\n<p>Les r\u00e9solutions que vous pr\u00e9sentez en ligne doivent aussi \u00eatre appuy\u00e9es par des versions papier du proc\u00e8s-verbal sign\u00e9 v\u00e9rifiant que la r\u00e9solution a \u00e9t\u00e9 adopt\u00e9e durant une assembl\u00e9e g\u00e9n\u00e9rale des membres ou par le formulaire des r\u00e9solutions cosign\u00e9 par cinq autres membres en r\u00e8gle.&nbsp;<a href=\"http:\/\/fr.une-sen.org\/events\/convention\/resolutions\/Resolution-Fran%C3%A7ais.pdf\">Vous pouvez t\u00e9l\u00e9charger le mod\u00e8le des r\u00e9solutions sur notre page du Congr\u00e8s<\/a>.<\/p>\n\n\n\n<p>Veuillez faire parvenir ces copies papier \u00e0 l\u2019attention d\u2019Ateau Zola par courriel, \u00e0 <a href=\"mailto:resolutions@une-sen.org\">resolutions@une-sen.org<\/a>.<\/p>\n\n\n\n<p>Vous pouvez aussi les envoyer par t\u00e9l\u00e9copieur, au&nbsp;613\u2011560&nbsp;5208, ou par courrier \u00e0 l\u2019adresse suivante&nbsp;: Syndicat des employ\u00e9es et employ\u00e9s nationaux, 900\u2011150, rue Isabella, Ottawa (ON) K1S&nbsp;1V7.<\/p>\n\n\n\n<p>Les r\u00e9solutions re\u00e7ues apr\u00e8s 12 mars 2021, 16&nbsp;h, heure normale de l\u2019Est, seront r\u00e9put\u00e9es r\u00e9solutions re\u00e7ues en retard et seront trait\u00e9es apr\u00e8s toutes les autres r\u00e9solutions.<\/p>\n\n\n\n<p><strong>Avez-vous des questions au sujet des r\u00e9solutions<\/strong>? Veuillez communiquer avec Ateau Zola \u00e0 <a href=\"mailto:resolutions@une-sen.org\">resolutions@une-sen.org<\/a> ou au&nbsp;613\u2011560\u20114343 ou 1\u2011800\u2011663\u20116685.<\/p>\n\n\n\n<p>En toute solidarit\u00e9,<\/p>\n\n\n\n<p>Kevin King<br>Pr\u00e9sident national<br>Syndicat des employ\u00e9es et employ\u00e9s nationaux<strong><br><br><\/strong><\/p>\n","protected":false},"excerpt":{"rendered":"<p>Le Congr\u00e8s triennal du SEN de 2020 a \u00e9t\u00e9 report\u00e9 du 12 au 16 juillet 2021. Si vous vous \u00eates d\u00e9j\u00e0 inscrit.e, vous serez contact\u00e9.e au fur et \u00e0 mesure des mises \u00e0 jour. Veuillez prendre note des nouvelles dates limites ci-dessous si votre section locale n\u2019a pas encore \u00e9lu de d\u00e9l\u00e9gu\u00e9.e.s, suppl\u00e9ant.e.s ou d\u2019obervateurs\/observatrices. &hellip; <\/p>\n<p class=\"link-more\"><a href=\"https:\/\/www.unesen.ca\/press\/?p=8692&#038;lang=fr\" class=\"more-link\">>><span class=\"screen-reader-text\"> &#8220;Mise \u00e0 jour au sujet du Congr\u00e8s triennial du SEN- Annonce de nouvelles dates&#8221;<\/span><\/a><\/p>\n","protected":false},"author":2,"featured_media":0,"comment_status":"closed","ping_status":"open","sticky":false,"template":"","format":"standard","meta":{"_links_to":"","_links_to_target":""},"categories":[],"tags":[],"_links":{"self":[{"href":"https:\/\/www.unesen.ca\/press\/index.php?rest_route=\/wp\/v2\/posts\/8692"}],"collection":[{"href":"https:\/\/www.unesen.ca\/press\/index.php?rest_route=\/wp\/v2\/posts"}],"about":[{"href":"https:\/\/www.unesen.ca\/press\/index.php?rest_route=\/wp\/v2\/types\/post"}],"author":[{"embeddable":true,"href":"https:\/\/www.unesen.ca\/press\/index.php?rest_route=\/wp\/v2\/users\/2"}],"replies":[{"embeddable":true,"href":"https:\/\/www.unesen.ca\/press\/index.php?rest_route=%2Fwp%2Fv2%2Fcomments&post=8692"}],"version-history":[{"count":3,"href":"https:\/\/www.unesen.ca\/press\/index.php?rest_route=\/wp\/v2\/posts\/8692\/revisions"}],"predecessor-version":[{"id":8745,"href":"https:\/\/www.unesen.ca\/press\/index.php?rest_route=\/wp\/v2\/posts\/8692\/revisions\/8745"}],"wp:attachment":[{"href":"https:\/\/www.unesen.ca\/press\/index.php?rest_route=%2Fwp%2Fv2%2Fmedia&parent=8692"}],"wp:term":[{"taxonomy":"category","embeddable":true,"href":"https:\/\/www.unesen.ca\/press\/index.php?rest_route=%2Fwp%2Fv2%2Fcategories&post=8692"},{"taxonomy":"post_tag","embeddable":true,"href":"https:\/\/www.unesen.ca\/press\/index.php?rest_route=%2Fwp%2Fv2%2Ftags&post=8692"}],"curies":[{"name":"wp","href":"https:\/\/api.w.org\/{rel}","templated":true}]}}