{"id":8683,"date":"2020-11-25T13:42:32","date_gmt":"2020-11-25T18:42:32","guid":{"rendered":"http:\/\/fr.une-sen.org\/press\/?p=8683"},"modified":"2020-11-25T13:42:34","modified_gmt":"2020-11-25T18:42:34","slug":"une-nouvelle-etude-montre-quun-reseau-universel-de-services-de-garde-aiderait-a-relancer-leconomie-apres-la-pandemie","status":"publish","type":"post","link":"https:\/\/www.unesen.ca\/press\/?p=8683&amp;lang=fr","title":{"rendered":"Une nouvelle \u00e9tude montre qu&#8217;un r\u00e9seau universel de services de garde aiderait \u00e0 relancer l\u2019\u00e9conomie apr\u00e8s la pand\u00e9mie"},"content":{"rendered":"\n<figure class=\"wp-block-image size-large\"><img loading=\"lazy\" width=\"960\" height=\"400\" src=\"http:\/\/www.une-sen.org\/press\/wp-content\/uploads\/2020\/11\/child_care_-_service_de_garde_1-1.jpg\" alt=\"\" class=\"wp-image-8684\" srcset=\"https:\/\/www.unesen.ca\/press\/wp-content\/uploads\/2020\/11\/child_care_-_service_de_garde_1-1.jpg 960w, https:\/\/www.unesen.ca\/press\/wp-content\/uploads\/2020\/11\/child_care_-_service_de_garde_1-1-300x125.jpg 300w, https:\/\/www.unesen.ca\/press\/wp-content\/uploads\/2020\/11\/child_care_-_service_de_garde_1-1-768x320.jpg 768w\" sizes=\"(max-width: 767px) 89vw, (max-width: 1000px) 54vw, (max-width: 1071px) 543px, 580px\" \/><\/figure>\n\n\n\n<p>25 novembre 2020<\/p>\n\n\n\n<p>L\u2019AFPC accueille positivement la nouvelle \u00e9tude du Centre for Future Work, qui explique comment des services de garde abordables et accessibles&nbsp;\u00e0 tous&nbsp;pourraient aider l\u2019\u00e9conomie \u00e0 se relever apr\u00e8s la pand\u00e9mie de COVID-19. L\u2019\u00e9tude d\u00e9montre que les avantages \u00e9conomiques d\u2019un syst\u00e8me national d\u2019apprentissage et de garde des jeunes enfants d\u00e9passent largement les co\u00fbts.&nbsp;&nbsp;<\/p>\n\n\n\n<p>Elle soutient les demandes de l\u2019AFPC visant l\u2019\u00e9tablissement d\u2019un&nbsp;r\u00e9seau&nbsp;pancanadien et appuie fermement le&nbsp;<a href=\"http:\/\/syndicatafpc.ca\/victoire-services-garde-gouvernement-sengage-creer?_ga=2.215404496.692655333.1606250309-1816280841.1606250309\" rel=\"noreferrer noopener\" target=\"_blank\">r\u00e9cent engagement&nbsp;<\/a>du gouvernement Trudeau \u00e0 r\u00e9aliser \u00ab\u202fun investissement important, soutenu et \u00e0 long terme\u202f\u00bb pour mettre en place un syst\u00e8me d\u2019apprentissage et de garde d\u2019enfants \u00e0 l\u2019\u00e9chelle du Canada dans le cadre d\u2019un plan de relance \u00e9conomique post-pand\u00e9mie.&nbsp;<\/p>\n\n\n\n<p>L\u2019\u00e9tude d\u00e9montre que la mise en place d\u2019un programme universel d\u2019apprentissage et de garde des jeunes enfants sur une p\u00e9riode de 10 ans\u202f:&nbsp;<\/p>\n\n\n\n<ul><li>cr\u00e9erait&nbsp;<strong>plus de 200\u202f000\u202femplois<\/strong>&nbsp;dans les garderies r\u00e9glement\u00e9es;&nbsp;<\/li><\/ul>\n\n\n\n<ul><li>g\u00e9n\u00e9rerait&nbsp;<strong>80\u202f000\u202femplois&nbsp;<\/strong>dans des industries connexes, comme la construction et la r\u00e9novation;&nbsp;<\/li><li>engendrerait&nbsp;une hausse du PIB canadien de l\u2019ordre de&nbsp;<strong>63 \u00e0 107\u202fmilliards<\/strong>&nbsp;de dollars;&nbsp;<\/li><li>g\u00e9n\u00e9rerait&nbsp;des recettes fiscales de l\u2019ordre de&nbsp;<strong>17 \u00e0 29\u202fmilliards<\/strong>&nbsp;de dollars pour les gouvernements f\u00e9d\u00e9ral et provinciaux, une somme amplement suffisante pour couvrir les co\u00fbts des services de garde financ\u00e9s par les deniers publics.&nbsp;<\/li><\/ul>\n\n\n\n<p>L\u2019\u00e9largissement des services permettrait \u00e0 725\u202f000 femmes d\u2019int\u00e9grer le march\u00e9 du travail, ce qui permettrait de r\u00e9aliser une partie des importants avantages \u00e9conomiques susmentionn\u00e9s.&nbsp;&nbsp;<\/p>\n\n\n\n<p>Le rapport fait \u00e9galement \u00e9tat de bienfaits pour la sant\u00e9 et le bien-\u00eatre \u00e9conomique des enfants qui participent \u00e0 ces programmes, et ce, tout au long de leur vie. En effet, des donn\u00e9es probantes montrent qu\u2019une \u00e9ducation de qualit\u00e9 durant la petite enfance peut am\u00e9liorer les comp\u00e9tences cognitives et sociales et la sant\u00e9, r\u00e9duisant de ce fait les d\u00e9penses publiques dans le r\u00e9seau de la sant\u00e9 et des services sociaux. Les recherches montrent que l\u2019acc\u00e8s \u00e0 des services de garde de haute qualit\u00e9 est particuli\u00e8rement b\u00e9n\u00e9fique pour les enfants issus de familles \u00e0 faible revenu et racialis\u00e9es, qui ont acc\u00e8s \u00e0 moins de programmes.<\/p>\n\n\n\n<ul><li><strong>T\u00e9l\u00e9chargez\u202f:<\/strong>&nbsp;<a href=\"https:\/\/centreforfuturework.ca\/wp-content\/uploads\/2020\/11\/ELCC-Report-Formatted-FINAL-FINAL.pdf\" target=\"_blank\" rel=\"noreferrer noopener\">Le r\u00f4le des services de garde et d\u2019apprentissage dans la relance de l\u2019\u00e9conomie canadienne post-pand\u00e9mie (en anglais)<\/a><\/li><\/ul>\n\n\n\n<p>\u00ab\u202fNotre syndicat est depuis des d\u00e9cennies \u00e0 l\u2019avant-garde de la lutte pour un r\u00e9seau de services de garde universel, alors c\u2019est encourageant de voir&nbsp;enfin les astres&nbsp;s\u2019aligner, se r\u00e9jouit Chris\u202fAylward, pr\u00e9sident national de l\u2019AFPC. Nous avons toujours dit qu\u2019un&nbsp;r\u00e9seau&nbsp;national pourrait facilement couvrir ses propres co\u00fbts, et cette \u00e9tude le confirme.\u202f\u00bb&nbsp;<\/p>\n\n\n\n<p>Actuellement, les Canadiens&nbsp;<a href=\"https:\/\/www.cbc.ca\/news\/business\/oecd-child-care-costs-1.3815954#:~:text=Across%20the%20OECD%2C%20the%20average,countries%20that%20the%20OECD%20monitors.\" rel=\"noreferrer noopener\" target=\"_blank\">sont parmi ceux qui d\u00e9pensent le plus pour les services de garde dans le monde<\/a>&nbsp;selon&nbsp;le&nbsp;classement de l\u2019Organisation de coop\u00e9ration et de d\u00e9veloppement \u00e9conomiques (OCDE).&nbsp;&nbsp;<\/p>\n\n\n\n<p>\u00ab\u202fLe Canada a un retard consid\u00e9rable \u00e0 rattraper pour ce qui est des services de garde, ajoute&nbsp;Chris\u202fAylward. La meilleure fa\u00e7on d\u2019assurer une relance \u00e9conomique \u00e9quitable apr\u00e8s la pand\u00e9mie est d\u2019investir dans un r\u00e9seau universel de services de garde abordables.\u202f\u00bb&nbsp;<\/p>\n\n\n\n<ul><li><a rel=\"noreferrer noopener\" href=\"http:\/\/syndicatafpc.ca\/investissons-maintenant-services-garde\" target=\"_blank\">Recommandations de l\u2019AFPC pour un r\u00e9seau national de services de garde<\/a>&nbsp;<\/li><\/ul>\n\n\n\n<p>Source : <a href=\"http:\/\/syndicatafpc.ca\/nouvelle-etude-montre-quun-reseau-universel?_ga=2.151110201.1461324401.1606329185-1121130890.1580157739\">Une nouvelle \u00e9tude montre qu&#8217;un r\u00e9seau universel de services de garde aiderait \u00e0 relancer l\u2019\u00e9conomie apr\u00e8s la pand\u00e9mie | Alliance de la Fonction publique du Canada (syndicatafpc.ca)<\/a><\/p>\n","protected":false},"excerpt":{"rendered":"<p>25 novembre 2020 L\u2019AFPC accueille positivement la nouvelle \u00e9tude du Centre for Future Work, qui explique comment des services de garde abordables et accessibles&nbsp;\u00e0 tous&nbsp;pourraient aider l\u2019\u00e9conomie \u00e0 se relever apr\u00e8s la pand\u00e9mie de COVID-19. L\u2019\u00e9tude d\u00e9montre que les avantages \u00e9conomiques d\u2019un syst\u00e8me national d\u2019apprentissage et de garde des jeunes enfants d\u00e9passent largement les co\u00fbts.&nbsp;&nbsp; &hellip; <\/p>\n<p class=\"link-more\"><a href=\"https:\/\/www.unesen.ca\/press\/?p=8683&#038;lang=fr\" class=\"more-link\">>><span class=\"screen-reader-text\"> &#8220;Une nouvelle \u00e9tude montre qu&#8217;un r\u00e9seau universel de services de garde aiderait \u00e0 relancer l\u2019\u00e9conomie apr\u00e8s la pand\u00e9mie&#8221;<\/span><\/a><\/p>\n","protected":false},"author":6,"featured_media":0,"comment_status":"closed","ping_status":"open","sticky":false,"template":"","format":"standard","meta":{"_links_to":"","_links_to_target":""},"categories":[],"tags":[],"_links":{"self":[{"href":"https:\/\/www.unesen.ca\/press\/index.php?rest_route=\/wp\/v2\/posts\/8683"}],"collection":[{"href":"https:\/\/www.unesen.ca\/press\/index.php?rest_route=\/wp\/v2\/posts"}],"about":[{"href":"https:\/\/www.unesen.ca\/press\/index.php?rest_route=\/wp\/v2\/types\/post"}],"author":[{"embeddable":true,"href":"https:\/\/www.unesen.ca\/press\/index.php?rest_route=\/wp\/v2\/users\/6"}],"replies":[{"embeddable":true,"href":"https:\/\/www.unesen.ca\/press\/index.php?rest_route=%2Fwp%2Fv2%2Fcomments&post=8683"}],"version-history":[{"count":3,"href":"https:\/\/www.unesen.ca\/press\/index.php?rest_route=\/wp\/v2\/posts\/8683\/revisions"}],"predecessor-version":[{"id":8688,"href":"https:\/\/www.unesen.ca\/press\/index.php?rest_route=\/wp\/v2\/posts\/8683\/revisions\/8688"}],"wp:attachment":[{"href":"https:\/\/www.unesen.ca\/press\/index.php?rest_route=%2Fwp%2Fv2%2Fmedia&parent=8683"}],"wp:term":[{"taxonomy":"category","embeddable":true,"href":"https:\/\/www.unesen.ca\/press\/index.php?rest_route=%2Fwp%2Fv2%2Fcategories&post=8683"},{"taxonomy":"post_tag","embeddable":true,"href":"https:\/\/www.unesen.ca\/press\/index.php?rest_route=%2Fwp%2Fv2%2Ftags&post=8683"}],"curies":[{"name":"wp","href":"https:\/\/api.w.org\/{rel}","templated":true}]}}