{"id":8668,"date":"2020-11-25T08:43:57","date_gmt":"2020-11-25T13:43:57","guid":{"rendered":"http:\/\/fr.une-sen.org\/press\/?p=8668"},"modified":"2020-11-25T08:48:25","modified_gmt":"2020-11-25T13:48:25","slug":"journee-internationale-pour-lelimination-de-la-violence-a-legard-des-femmes","status":"publish","type":"post","link":"https:\/\/www.unesen.ca\/press\/?p=8668&amp;lang=fr","title":{"rendered":"Journ\u00e9e internationale pour l\u2019\u00e9limination de la violence \u00e0 l\u2019\u00e9gard des femmes"},"content":{"rendered":"\n<figure class=\"wp-block-image size-large\"><img loading=\"lazy\" width=\"1024\" height=\"538\" src=\"http:\/\/www.une-sen.org\/press\/wp-content\/uploads\/2020\/11\/EliminationViolenceWomen-1-1024x538.png\" alt=\"\" class=\"wp-image-8673\" srcset=\"https:\/\/www.unesen.ca\/press\/wp-content\/uploads\/2020\/11\/EliminationViolenceWomen-1-1024x538.png 1024w, https:\/\/www.unesen.ca\/press\/wp-content\/uploads\/2020\/11\/EliminationViolenceWomen-1-300x158.png 300w, https:\/\/www.unesen.ca\/press\/wp-content\/uploads\/2020\/11\/EliminationViolenceWomen-1-768x403.png 768w, https:\/\/www.unesen.ca\/press\/wp-content\/uploads\/2020\/11\/EliminationViolenceWomen-1.png 1200w\" sizes=\"(max-width: 767px) 89vw, (max-width: 1000px) 54vw, (max-width: 1071px) 543px, 580px\" \/><\/figure>\n\n\n\n<p>25 novembre 2020<\/p>\n\n\n\n<p>Le 25&nbsp;novembre&nbsp;2020 est la <em>Journ\u00e9e internationale pour l\u2019\u00e9limination de la violence \u00e0 l\u2019\u00e9gard des femmes<\/em>. Pourquoi est-ce important, se demanderont beaucoup? Voici quelques faits fournis par les Nations&nbsp;Unies.<\/p>\n\n\n\n<ul><li><strong>Des chiffres alarmants&nbsp;:<\/strong> Une femme sur&nbsp;trois a \u00e9t\u00e9 subi des violences physiques ou sexuelles \u00e0 un moment donn\u00e9 dans sa vie, le plus souvent de la part d\u2019un partenaire intime.<\/li><li>Seulement 52&nbsp;% des femmes mari\u00e9es ou en union prennent librement leurs propres d\u00e9cisions concernant les relations sexuelles, l\u2019utilisation de contraceptifs et les soins de sant\u00e9.<\/li><li>Pr\u00e8s de 750&nbsp;millions de femmes et de filles dans le monde \u00e9taient mari\u00e9es avant leur 18<sup>e<\/sup>&nbsp;anniversaire. Plus de 200&nbsp;millions de femmes et de filles ont subi une mutilation g\u00e9nitale f\u00e9minine (MGF).<\/li><li>Une&nbsp;femme sur deux tu\u00e9e dans le monde a \u00e9t\u00e9 assassin\u00e9e par son partenaire ou sa famille en 2017, tandis que seulement un&nbsp;homme sur&nbsp;20 a \u00e9t\u00e9 tu\u00e9 dans des circonstances similaires.<\/li><li>71&nbsp;% de toutes les victimes de la traite des \u00eatres humains dans le monde sont des femmes et des filles, trois&nbsp;quarts d\u2019entre elles sont exploit\u00e9es sexuellement.<\/li><li>La violence \u00e0 l\u2019\u00e9gard des femmes est une cause de d\u00e9c\u00e8s et d\u2019incapacit\u00e9 chez les femmes en \u00e2ge de procr\u00e9er aussi grave que le cancer et une plus grande cause de mauvaise sant\u00e9 que les accidents de la circulation et le paludisme r\u00e9unis.<\/li><\/ul>\n\n\n\n<p>Nous sommes en\u00a02020, et ce sont des faits auxquels les femmes sont encore confront\u00e9es quotidiennement. Nous avons toutes et tous un r\u00f4le \u00e0 jouer pour mettre fin \u00e0 la <a rel=\"noreferrer noopener\" href=\"https:\/\/cfc-swc.gc.ca\/commemoration\/vaw-vff\/index-fr.html\" target=\"_blank\">violence fond\u00e9e sur le sexe<\/a> envers les femmes, les filles et les personnes\u00a0LGBTQ2+. Il est temps de se joindre aux discussions embarrassantes sur ce qu\u2019est la violence \u00e0 l\u2019\u00e9gard des femmes et sur la fa\u00e7on de faire partie de la solution.<\/p>\n\n\n\n<p><strong>Devenir une personne alli\u00e9e des femmes!<\/strong><\/p>\n\n\n\n<ul><li><strong>\u00c9couter&nbsp;: <\/strong>faites preuve d\u2019ouverture pour apprendre des exp\u00e9riences des autres.<\/li><li><strong>Croire&nbsp;:<\/strong> appuyez les personnes survivantes et celles touch\u00e9es par la violence.<\/li><li><strong>D\u00e9noncer&nbsp;:<\/strong> ajoutez votre voix aux d\u00e9nonciations de la violence.<\/li><li><strong>Intervenir&nbsp;:<\/strong> trouvez des moyens s\u00e9curitaires pour offrir de l\u2019aide lorsque vous \u00eates t\u00e9moin d\u2019actes de violence fond\u00e9e sur le sexe.<\/li><li><strong>Agir&nbsp;:<\/strong> donnez de votre temps aux organismes qui \u0153uvrent \u00e0 l\u2019\u00e9radication de la violence.<\/li><\/ul>\n\n\n\n<p>Nous devons commencer quelque part, et c\u2019est tout ce qui me passionne, non seulement parce que je suis une femme, PARCE QUE je suis une femme. Aucune femme ne devrait se sentir impuissante, JAMAIS! Nous ne sommes pas le sexe faible. Nous sommes tout aussi puissantes que les hommes de diff\u00e9rentes mani\u00e8res!<\/p>\n\n\n\n<p><strong>LES FEMMES AUTONOMIS\u00c9ES AUTONOMISENT LES FEMMES!<\/strong><\/p>\n\n\n\n<p>Aucune femme ne devrait jamais se sentir impuissante! J\u2019ai grandi en me disant que j\u2019\u00e9tais forte, intelligente, belle et que je pouvais \u00eatre tout ce que je voulais, et je ne poss\u00e9dais que mon corps. \u00c9coutez votre instinct, il ne vous ment jamais. J\u2019ai eu de la chance. Je suis s\u00fbre que je me suis mise dans des situations o\u00f9 je n\u2019aurais pas d\u00fb \u00eatre. Je n\u2019ai jamais \u00e9t\u00e9 une survivante de la violence; j\u2019ai eu de la chance.<\/p>\n\n\n\n<p>Comme toutes les autres femmes, j\u2019ai eu de l\u2019attention, et on m\u2019a dit des choses qu\u2019on n\u2019aurait jamais d\u00fb me dire tandis que je grandissais. Ne pas savoir comment le g\u00e9rer ou ne pas savoir quoi dire ou faire. Se faire dire que c\u2019est simplement l\u2019\u00e9poque qui veut \u00e7a ou \u00e7a fait juste partie du travail. J\u2019ai travaill\u00e9 comme serveuse dans un bar, tout cela contribuait \u00e0 l\u2019importance des pourboires que je touchais.<\/p>\n\n\n\n<p>Il y a quelque temps, un de mes amis m\u2019a montr\u00e9 une photo d\u2019une femme tenant une pancarte sur laquelle on pouvait voir une phrase barr\u00e9e et une autre en dessous. La phrase en dessous \u00e9tait puissante et vraie!<\/p>\n\n\n\n<p><s>Elle a \u00e9t\u00e9 viol\u00e9e.<\/s><\/p>\n\n\n\n<p>Il l\u2019a viol\u00e9e.<\/p>\n\n\n\n<p>Cette pancarte a chang\u00e9 ma fa\u00e7on de percevoir les mots que nous disons et la fa\u00e7on dont nous les voyons. Ce qu\u2019ils disent sont des outils puissants dans la lutte contre la violence \u00e0 l\u2019\u00e9gard des femmes. J\u2019ai cherch\u00e9 plus d\u2019exemples et j\u2019en ai trouv\u00e9 beaucoup d\u2019autres.<\/p>\n\n\n\n<p>Nous avons tous entendu le dicton \u00ab&nbsp;Les b\u00e2tons et les pierres peuvent te briser les os, mais les mots ne peuvent pas te faire de mal&nbsp;\u00bb. Ce n\u2019est pas vrai. Lorsque ces d\u00e9clarations sont ce que vous voyez et ce que vous entendez, la soci\u00e9t\u00e9 les croit et les transmet, et cela devient la norme. Commen\u00e7ons par rompre ce cycle.<\/p>\n\n\n\n<p><strong>Voici encore quelques choses que nous devons changer&nbsp;:<\/strong><\/p>\n\n\n\n<p>\u00c9duquer nos fils.<\/p>\n\n\n\n<p>Se battre pour notre s\u00e9curit\u00e9 jusqu\u2019\u00e0 ce que nous l\u2019obtenions!<\/p>\n\n\n\n<p>Rien de tel; une femme mineure est une enfant. Les enfants ne peuvent pas donner leur consentement. Les femmes sont VIOL\u00c9ES, des victimes de viol, des victimes d\u2019agression sexuelle, des SURVIVANTES d\u2019agression sexuelle!<\/p>\n\n\n\n<p>C\u2019est un terme \u00e9quivoque poli pour le viol, et les violeurs ne m\u00e9ritent pas la politesse. <strong>Les victimes m\u00e9ritent d\u2019\u00eatre valid\u00e9es pour ce qu\u2019elles ont v\u00e9cu.<\/strong><\/p>\n\n\n\n<p>Les violeurs seront tenus responsables de leurs actes (tout comme les filles). Il n\u2019y a pas d\u2019excuse qui tienne!<\/p>\n\n\n\n<p>Diana Walker<\/p>\n\n\n\n<p>Repr\u00e9sentante nationale de l&#8217;\u00e9quit\u00e9 pour les femmes du SEN<\/p>\n","protected":false},"excerpt":{"rendered":"<p>25 novembre 2020 Le 25&nbsp;novembre&nbsp;2020 est la Journ\u00e9e internationale pour l\u2019\u00e9limination de la violence \u00e0 l\u2019\u00e9gard des femmes. Pourquoi est-ce important, se demanderont beaucoup? Voici quelques faits fournis par les Nations&nbsp;Unies. Des chiffres alarmants&nbsp;: Une femme sur&nbsp;trois a \u00e9t\u00e9 subi des violences physiques ou sexuelles \u00e0 un moment donn\u00e9 dans sa vie, le plus souvent &hellip; <\/p>\n<p class=\"link-more\"><a href=\"https:\/\/www.unesen.ca\/press\/?p=8668&#038;lang=fr\" class=\"more-link\">>><span class=\"screen-reader-text\"> &#8220;Journ\u00e9e internationale pour l\u2019\u00e9limination de la violence \u00e0 l\u2019\u00e9gard des femmes&#8221;<\/span><\/a><\/p>\n","protected":false},"author":6,"featured_media":0,"comment_status":"closed","ping_status":"open","sticky":false,"template":"","format":"standard","meta":{"_links_to":"","_links_to_target":""},"categories":[],"tags":[],"_links":{"self":[{"href":"https:\/\/www.unesen.ca\/press\/index.php?rest_route=\/wp\/v2\/posts\/8668"}],"collection":[{"href":"https:\/\/www.unesen.ca\/press\/index.php?rest_route=\/wp\/v2\/posts"}],"about":[{"href":"https:\/\/www.unesen.ca\/press\/index.php?rest_route=\/wp\/v2\/types\/post"}],"author":[{"embeddable":true,"href":"https:\/\/www.unesen.ca\/press\/index.php?rest_route=\/wp\/v2\/users\/6"}],"replies":[{"embeddable":true,"href":"https:\/\/www.unesen.ca\/press\/index.php?rest_route=%2Fwp%2Fv2%2Fcomments&post=8668"}],"version-history":[{"count":5,"href":"https:\/\/www.unesen.ca\/press\/index.php?rest_route=\/wp\/v2\/posts\/8668\/revisions"}],"predecessor-version":[{"id":8677,"href":"https:\/\/www.unesen.ca\/press\/index.php?rest_route=\/wp\/v2\/posts\/8668\/revisions\/8677"}],"wp:attachment":[{"href":"https:\/\/www.unesen.ca\/press\/index.php?rest_route=%2Fwp%2Fv2%2Fmedia&parent=8668"}],"wp:term":[{"taxonomy":"category","embeddable":true,"href":"https:\/\/www.unesen.ca\/press\/index.php?rest_route=%2Fwp%2Fv2%2Fcategories&post=8668"},{"taxonomy":"post_tag","embeddable":true,"href":"https:\/\/www.unesen.ca\/press\/index.php?rest_route=%2Fwp%2Fv2%2Ftags&post=8668"}],"curies":[{"name":"wp","href":"https:\/\/api.w.org\/{rel}","templated":true}]}}