{"id":8657,"date":"2020-11-20T10:32:35","date_gmt":"2020-11-20T15:32:35","guid":{"rendered":"http:\/\/fr.une-sen.org\/press\/?p=8657"},"modified":"2020-11-20T10:32:38","modified_gmt":"2020-11-20T15:32:38","slug":"journee-du-souvenir-trans-la-covid-19-pese-lourd-sur-les-personnes-trans-et-non-binaires-surtout-si-elles-sont-racialisees","status":"publish","type":"post","link":"https:\/\/www.unesen.ca\/press\/?p=8657&amp;lang=fr","title":{"rendered":"Journ\u00e9e du souvenir trans : la COVID-19 p\u00e8se lourd sur les personnes trans et non binaires, surtout si elles sont racialis\u00e9es"},"content":{"rendered":"\n<figure class=\"wp-block-image size-large\"><img loading=\"lazy\" width=\"960\" height=\"400\" src=\"http:\/\/www.une-sen.org\/press\/wp-content\/uploads\/2020\/11\/transdayofremembrance-v2_0-1.png\" alt=\"\" class=\"wp-image-8658\" srcset=\"https:\/\/www.unesen.ca\/press\/wp-content\/uploads\/2020\/11\/transdayofremembrance-v2_0-1.png 960w, https:\/\/www.unesen.ca\/press\/wp-content\/uploads\/2020\/11\/transdayofremembrance-v2_0-1-300x125.png 300w, https:\/\/www.unesen.ca\/press\/wp-content\/uploads\/2020\/11\/transdayofremembrance-v2_0-1-768x320.png 768w\" sizes=\"(max-width: 767px) 89vw, (max-width: 1000px) 54vw, (max-width: 1071px) 543px, 580px\" \/><\/figure>\n\n\n\n<p>20 novembre 2020<\/p>\n\n\n\n<p>Aujourd\u2019hui, nous comm\u00e9morons les personnes trans, bispirituelles, non binaires et de genre non conforme victimes de transphobie qui ont perdu la vie. Le 20 novembre est la Journ\u00e9e du souvenir trans, cr\u00e9\u00e9e en 1999 par la militante trans Gwendolyn Ann Smith. Cette derni\u00e8re a organis\u00e9 une vigile en m\u00e9moire de Rita Hester, une femme trans assassin\u00e9e en 1998. En ce jour, l\u2019AFPC pleure la perte des personnes trans, des partenaires aimants, des parents, des proches et des membres de la communaut\u00e9.<\/p>\n\n\n\n<p>Bien qu\u2019il y ait eu de nombreux&nbsp;<strong><a href=\"https:\/\/ici.radio-canada.ca\/nouvelle\/1040118\/victoire-trans-ottawa-gatineau-transgenre-c-16-loi-discrimination-droits-senat\" target=\"_blank\" rel=\"noreferrer noopener\">gains r\u00e9cemment pour l\u2019inclusion des personnes trans au Canada<\/a><\/strong>, ces personnes, surtout les transf\u00e9minines racialis\u00e9es, continuent d\u2019\u00eatre touch\u00e9es de mani\u00e8re disproportionn\u00e9e par la violence fond\u00e9e sur le genre. La pand\u00e9mie de COVID-19 n\u2019a fait qu\u2019accentuer la discrimination et les in\u00e9galit\u00e9s auxquelles ces personnes sont confront\u00e9es.<\/p>\n\n\n\n<h2>La COVID-19 et ses effets sur les personnes trans<\/h2>\n\n\n\n<p>La pand\u00e9mie est une p\u00e9riode difficile pour tous, mais&nbsp;<strong><a href=\"http:\/\/syndicatafpc.ca\/examen-repercussions-covid-19-sur-communaute?_ga=2.47282787.571538843.1605726495-1152307940.1605272465\" target=\"_blank\" rel=\"noreferrer noopener\">les personnes trans et non binaires sont frapp\u00e9es encore plus durement<\/a><\/strong>. L\u2019acc\u00e8s aux th\u00e9rapies hormonales et aux chirurgies d\u2019affirmation du genre est particuli\u00e8rement difficile. Comme de nombreuses personnes trans et non binaires sont plus susceptibles d\u2019occuper un emploi pr\u00e9caire, elles ont \u00e9galement subi une perte de revenus et de s\u00e9curit\u00e9 d\u2019emploi.<\/p>\n\n\n\n<p>Selon&nbsp;<strong><a href=\"https:\/\/transpulsecanada.ca\/fr\/results\/rapport-1\/\" target=\"_blank\" rel=\"noreferrer noopener\">un sondage men\u00e9 avant la pand\u00e9mie<\/a><\/strong>, 12&nbsp;% des r\u00e9pondants ont dit \u00e9viter d\u2019aller aux urgences&nbsp;parce qu\u2019ils\/elles\/iels \u00e9taient trans ou non binaires. La discrimination et ces obstacles pr\u00e9existants en mati\u00e8re de sant\u00e9 sont aggrav\u00e9s par la pand\u00e9mie de COVID-19.<\/p>\n\n\n\n<p>Les personnes trans et non binaires sont \u00e9galement expos\u00e9es \u00e0 davantage de violence \u00e0 la maison en raison du confinement. De plus, les mesures de distanciation sociale ont eu des effets n\u00e9fastes sur la sant\u00e9 mentale de bon nombre d\u2019entre elles.<\/p>\n\n\n\n<h2>Personnes trans et non binaires racialis\u00e9es<\/h2>\n\n\n\n<p>Les \u00e9tudes montrent que les personnes trans et non binaires au Canada sont confront\u00e9es \u00e0 plus de d\u00e9fis et de discrimination. En 2019,&nbsp;Trans Pulse Canada a r\u00e9alis\u00e9 un sondage aupr\u00e8s de 2873 personnes trans et non binaires&nbsp;au pays. Les r\u00e9pondants racialis\u00e9s ont fait \u00e9tat de niveaux plus \u00e9lev\u00e9s de discrimination, de violence et d\u2019agression que les r\u00e9pondants non racialis\u00e9s; 73&nbsp;% se m\u00e9fiaient des services de police et s\u2019attendaient \u00e0 \u00eatre trait\u00e9s injustement par le syst\u00e8me juridique. Pr\u00e8s de trois r\u00e9pondants sur quatre ont \u00e9t\u00e9 victimes de harc\u00e8lement verbal au cours des cinq derni\u00e8res ann\u00e9es.<\/p>\n\n\n\n<p>Beaucoup de personnes trans noires ont l\u2019impression d\u2019\u00eatre cibl\u00e9es et harcel\u00e9es par la police de mani\u00e8re disproportionn\u00e9e.<\/p>\n\n\n\n<p>Le&nbsp;<strong><a href=\"https:\/\/toronto.citynews.ca\/2020\/11\/04\/2-city-councilors-the-519-call-for-answers-after-black-trans-woman-dies-in-police-custody\/\">d\u00e9c\u00e8s r\u00e9cent de Coco, une femme trans noire de 30 ans vivant \u00e0 Toronto<\/a><\/strong>&nbsp;(<a>en anglais seulement<\/a>), alors qu\u2019elle \u00e9tait d\u00e9tenue par le service de police, nous rappelle brutalement les risques auxquels sont expos\u00e9es r\u00e9guli\u00e8rement les femmes trans racialis\u00e9es.<\/p>\n\n\n\n<h2>Quoi faire pour comm\u00e9morer la Journ\u00e9e du souvenir trans<\/h2>\n\n\n\n<p>Vous pouvez prendre part \u00e0 une vigile le 20 novembre, ou en organiser une, pour honorer la m\u00e9moire des personnes trans et de genre non conforme qui ont perdu la vie en raison de la transphobie. Nous vous invitons \u00e0 participer \u00e0 une vigile qui se tient en ligne. Si vous y assistez en personne, veuillez respecter toutes les mesures sanitaires en place (port du masque, distanciation, gel d\u00e9sinfectant pour les mains, etc.)<\/p>\n\n\n\n<p>Vous pouvez aussi inciter votre d\u00e9put\u00e9 \u00e0 adopter une fois pour toutes le projet de loi contre les th\u00e9rapies de conversion (loi&nbsp;C-6). La th\u00e9rapie de conversion, pratique dommageable s\u2019il en est, prive les personnes&nbsp;LGBTQ2+ de leur dignit\u00e9 et les d\u00e9poss\u00e8de de leur identit\u00e9 en tentant de leur en imposer une autre. Elle fait du tort aux enfants et aux adultes et d\u00e9truit les familles. Vous pouvez en savoir plus en consultant&nbsp;<strong><a href=\"https:\/\/static1.squarespace.com\/static\/5bfdaab6365f02c7e82f8a82\/t\/5f8096b08038bb156ace2413\/1602262710756\/Conversion+Therapy+in+Canada+%28Oct+2%2C+2020%29+-+FINAL.pdf\" target=\"_blank\" rel=\"noreferrer noopener\">le document&nbsp;<em>Conversion therapy in Canada<\/em><\/a><\/strong>&nbsp;(<a>en anglais seulement<\/a>), qui a \u00e9t\u00e9 approuv\u00e9 par l\u2019AFPC.<\/p>\n\n\n\n<h2>Autres mesures<\/h2>\n\n\n\n<p>Il existe d\u2019autres fa\u00e7ons d\u2019appuyer au quotidien les personnes trans et de genre non conforme&nbsp;:<\/p>\n\n\n\n<ul><li>D\u00e9montrez votre solidarit\u00e9 en respectant les personnes trans qui vous entourent.<\/li><li>Ne pr\u00e9sumez jamais du pronom d\u2019une autre personne; utilisez le pronom choisi par la personne.<\/li><li>Partagez vos pronoms avec les nouvelles personnes que vous rencontrez en signe de solidarit\u00e9.<\/li><li>Ajoutez vos pronoms dans votre signature \u00e9lectronique, votre carte professionnelle ou durant les visioconf\u00e9rences.<\/li><\/ul>\n\n\n\n<p>Source : <a href=\"http:\/\/syndicatafpc.ca\/journee-du-souvenir-trans-covid-19-pese-lourd-sur?_ga=2.260875653.962901463.1605810811-722671214.1553177201\">http:\/\/syndicatafpc.ca\/journee-du-souvenir-trans-covid-19-pese-lourd-sur?_ga=2.260875653.962901463.1605810811-722671214.1553177201<\/a><\/p>\n\n\n\n<p><\/p>\n","protected":false},"excerpt":{"rendered":"<p>20 novembre 2020 Aujourd\u2019hui, nous comm\u00e9morons les personnes trans, bispirituelles, non binaires et de genre non conforme victimes de transphobie qui ont perdu la vie. Le 20 novembre est la Journ\u00e9e du souvenir trans, cr\u00e9\u00e9e en 1999 par la militante trans Gwendolyn Ann Smith. Cette derni\u00e8re a organis\u00e9 une vigile en m\u00e9moire de Rita Hester, &hellip; <\/p>\n<p class=\"link-more\"><a href=\"https:\/\/www.unesen.ca\/press\/?p=8657&#038;lang=fr\" class=\"more-link\">>><span class=\"screen-reader-text\"> &#8220;Journ\u00e9e du souvenir trans : la COVID-19 p\u00e8se lourd sur les personnes trans et non binaires, surtout si elles sont racialis\u00e9es&#8221;<\/span><\/a><\/p>\n","protected":false},"author":6,"featured_media":0,"comment_status":"closed","ping_status":"open","sticky":false,"template":"","format":"standard","meta":{"_links_to":"","_links_to_target":""},"categories":[],"tags":[],"_links":{"self":[{"href":"https:\/\/www.unesen.ca\/press\/index.php?rest_route=\/wp\/v2\/posts\/8657"}],"collection":[{"href":"https:\/\/www.unesen.ca\/press\/index.php?rest_route=\/wp\/v2\/posts"}],"about":[{"href":"https:\/\/www.unesen.ca\/press\/index.php?rest_route=\/wp\/v2\/types\/post"}],"author":[{"embeddable":true,"href":"https:\/\/www.unesen.ca\/press\/index.php?rest_route=\/wp\/v2\/users\/6"}],"replies":[{"embeddable":true,"href":"https:\/\/www.unesen.ca\/press\/index.php?rest_route=%2Fwp%2Fv2%2Fcomments&post=8657"}],"version-history":[{"count":4,"href":"https:\/\/www.unesen.ca\/press\/index.php?rest_route=\/wp\/v2\/posts\/8657\/revisions"}],"predecessor-version":[{"id":8663,"href":"https:\/\/www.unesen.ca\/press\/index.php?rest_route=\/wp\/v2\/posts\/8657\/revisions\/8663"}],"wp:attachment":[{"href":"https:\/\/www.unesen.ca\/press\/index.php?rest_route=%2Fwp%2Fv2%2Fmedia&parent=8657"}],"wp:term":[{"taxonomy":"category","embeddable":true,"href":"https:\/\/www.unesen.ca\/press\/index.php?rest_route=%2Fwp%2Fv2%2Fcategories&post=8657"},{"taxonomy":"post_tag","embeddable":true,"href":"https:\/\/www.unesen.ca\/press\/index.php?rest_route=%2Fwp%2Fv2%2Ftags&post=8657"}],"curies":[{"name":"wp","href":"https:\/\/api.w.org\/{rel}","templated":true}]}}