{"id":8625,"date":"2020-11-09T09:44:41","date_gmt":"2020-11-09T14:44:41","guid":{"rendered":"http:\/\/fr.une-sen.org\/press\/?p=8625"},"modified":"2020-11-09T09:44:43","modified_gmt":"2020-11-09T14:44:43","slug":"lafpc-et-le-conseil-du-tresor-ont-signe-les-conventions-collectives-pour-les-groupes-sv-et-eb","status":"publish","type":"post","link":"https:\/\/www.unesen.ca\/press\/?p=8625&amp;lang=fr","title":{"rendered":"L\u2019AFPC et le Conseil du Tr\u00e9sor ont sign\u00e9 les conventions collectives pour les groupes SV et EB"},"content":{"rendered":"\n<figure class=\"wp-block-image size-large\"><img loading=\"lazy\" width=\"960\" height=\"488\" src=\"http:\/\/www.une-sen.org\/press\/wp-content\/uploads\/2020\/11\/2020-09-29_signed-checksv_scrape-1.png\" alt=\"\" class=\"wp-image-8626\" srcset=\"https:\/\/www.unesen.ca\/press\/wp-content\/uploads\/2020\/11\/2020-09-29_signed-checksv_scrape-1.png 960w, https:\/\/www.unesen.ca\/press\/wp-content\/uploads\/2020\/11\/2020-09-29_signed-checksv_scrape-1-300x153.png 300w, https:\/\/www.unesen.ca\/press\/wp-content\/uploads\/2020\/11\/2020-09-29_signed-checksv_scrape-1-768x390.png 768w\" sizes=\"(max-width: 767px) 89vw, (max-width: 1000px) 54vw, (max-width: 1071px) 543px, 580px\" \/><\/figure>\n\n\n\n<p>L\u2019AFPC et le Conseil du Tr\u00e9sor ont sign\u00e9 aujourd\u2019hui les nouvelles conventions collectives&nbsp;<a href=\"http:\/\/syndicatafpc.ca\/membres-lafpc-ratifient-leurs-nouvelles-ententes\" rel=\"noreferrer noopener\" target=\"_blank\">des groupes\u202f EB<\/a>&nbsp;(Enseignement et biblioth\u00e9conomie) et&nbsp;<a href=\"http:\/\/syndicatafpc.ca\/membres-du-groupe-sv-ratifient-leur-nouvelle\" rel=\"noreferrer noopener\" target=\"_blank\">SV<\/a>&nbsp;(Services de l\u2019exploitation),&nbsp;qui&nbsp;avaient&nbsp;\u00e9t\u00e9 ratifi\u00e9es par les membres le 29 septembre et le 5\u202foctobre respectivement.&nbsp;Ces deux groupes repr\u00e9sentent plus de 10\u202f000\u202ffonctionnaires.&nbsp;\u00c0 ce jour, l\u2019AFPC a n\u00e9goci\u00e9 les conventions collectives d\u2019environ 120\u2009000 de ses membres de la fonction publique f\u00e9d\u00e9rale.&nbsp;<\/p>\n\n\n\n<h2>D\u00e9but de la p\u00e9riode de mise en \u0153uvre&nbsp;<\/h2>\n\n\n\n<p>La signature officielle des ententes aujourd\u2019hui signifie que les nouvelles modalit\u00e9s entrent en vigueur, \u00e0 l\u2019exception des dispositions p\u00e9cuniaires, qui sont r\u00e9troactives.&nbsp;Le Conseil du Tr\u00e9sor dispose maintenant de 180\u202fjours pour appliquer les augmentations salariales, les rajustements salariaux et les indemnit\u00e9s.&nbsp;Comme le pr\u00e9cisent les trousses de ratification, l\u2019AFPC a n\u00e9goci\u00e9 un paiement forfaitaire de 500\u202f$ pour compenser la prolongation du d\u00e9lai de mise en \u0153uvre des nouvelles conventions collectives (habituellement 90\u202fjours).&nbsp;<\/p>\n\n\n\n<ul><li><a href=\"http:\/\/syndicatafpc.ca\/sites\/psac\/files\/attachments\/pdfs\/final_-_eb_collective_agreement_-_fr.pdf\">Convention collective du groupe\u202f EB et grilles salariales, 2018-2021<\/a>&nbsp;<\/li><li><a href=\"http:\/\/syndicatafpc.ca\/sites\/psac\/files\/attachments\/pdfs\/final_-_sv_collective_agreement_french.pdf\">Convention collective du groupe \u202fSV et grilles salariales, 2018-2021<\/a>&nbsp;<\/li><\/ul>\n\n\n\n<h2>Parcs&nbsp;Canada et ACIA&nbsp;<\/h2>\n\n\n\n<p>Les membres des unit\u00e9s de n\u00e9gociation de Parcs Canada et de l\u2019Agence canadienne d\u2019inspection des aliments (ACIA) ont&nbsp;<a href=\"http:\/\/syndicatafpc.ca\/ratification-nouvelles-conventions-collectives?_ga=2.72243219.1292169064.1604676812-2075787626.1562272402\" rel=\"noreferrer noopener\" target=\"_blank\">\u00e9galement&nbsp;ratifi\u00e9 leurs ententes de principe<\/a>.&nbsp;L\u2019AFPC travaille avec&nbsp;les deux agences&nbsp;\u00e0 peaufiner le texte et les grilles salariales des nouvelles conventions et s\u2019attend \u00e0 les signer au cours des prochaines semaines.&nbsp;&nbsp;<\/p>\n\n\n\n<p>* * *&nbsp;<\/p>\n\n\n\n<p>Assurez-vous que vos coordonn\u00e9es sont \u00e0 jour dans le&nbsp;<a href=\"http:\/\/syndicatafpc.ca\/user\" rel=\"noreferrer noopener\" target=\"_blank\">portail des membres<\/a>&nbsp;pour recevoir l\u2019information sur la mise en \u0153uvre des conventions collectives et le&nbsp;<a href=\"http:\/\/syndicatafpc.ca\/dommages-causes-phenix-lafpc-obtient-meilleure\" rel=\"noreferrer noopener\" target=\"_blank\">d\u00e9dommagement Ph\u00e9nix<\/a>.<\/p>\n","protected":false},"excerpt":{"rendered":"<p>L\u2019AFPC et le Conseil du Tr\u00e9sor ont sign\u00e9 aujourd\u2019hui les nouvelles conventions collectives&nbsp;des groupes\u202f EB&nbsp;(Enseignement et biblioth\u00e9conomie) et&nbsp;SV&nbsp;(Services de l\u2019exploitation),&nbsp;qui&nbsp;avaient&nbsp;\u00e9t\u00e9 ratifi\u00e9es par les membres le 29 septembre et le 5\u202foctobre respectivement.&nbsp;Ces deux groupes repr\u00e9sentent plus de 10\u202f000\u202ffonctionnaires.&nbsp;\u00c0 ce jour, l\u2019AFPC a n\u00e9goci\u00e9 les conventions collectives d\u2019environ 120\u2009000 de ses membres de la fonction publique f\u00e9d\u00e9rale.&nbsp; &hellip; <\/p>\n<p class=\"link-more\"><a href=\"https:\/\/www.unesen.ca\/press\/?p=8625&#038;lang=fr\" class=\"more-link\">>><span class=\"screen-reader-text\"> &#8220;L\u2019AFPC et le Conseil du Tr\u00e9sor ont sign\u00e9 les conventions collectives pour les groupes SV et EB&#8221;<\/span><\/a><\/p>\n","protected":false},"author":2,"featured_media":0,"comment_status":"closed","ping_status":"open","sticky":false,"template":"","format":"standard","meta":{"_links_to":"","_links_to_target":""},"categories":[],"tags":[],"_links":{"self":[{"href":"https:\/\/www.unesen.ca\/press\/index.php?rest_route=\/wp\/v2\/posts\/8625"}],"collection":[{"href":"https:\/\/www.unesen.ca\/press\/index.php?rest_route=\/wp\/v2\/posts"}],"about":[{"href":"https:\/\/www.unesen.ca\/press\/index.php?rest_route=\/wp\/v2\/types\/post"}],"author":[{"embeddable":true,"href":"https:\/\/www.unesen.ca\/press\/index.php?rest_route=\/wp\/v2\/users\/2"}],"replies":[{"embeddable":true,"href":"https:\/\/www.unesen.ca\/press\/index.php?rest_route=%2Fwp%2Fv2%2Fcomments&post=8625"}],"version-history":[{"count":1,"href":"https:\/\/www.unesen.ca\/press\/index.php?rest_route=\/wp\/v2\/posts\/8625\/revisions"}],"predecessor-version":[{"id":8627,"href":"https:\/\/www.unesen.ca\/press\/index.php?rest_route=\/wp\/v2\/posts\/8625\/revisions\/8627"}],"wp:attachment":[{"href":"https:\/\/www.unesen.ca\/press\/index.php?rest_route=%2Fwp%2Fv2%2Fmedia&parent=8625"}],"wp:term":[{"taxonomy":"category","embeddable":true,"href":"https:\/\/www.unesen.ca\/press\/index.php?rest_route=%2Fwp%2Fv2%2Fcategories&post=8625"},{"taxonomy":"post_tag","embeddable":true,"href":"https:\/\/www.unesen.ca\/press\/index.php?rest_route=%2Fwp%2Fv2%2Ftags&post=8625"}],"curies":[{"name":"wp","href":"https:\/\/api.w.org\/{rel}","templated":true}]}}