{"id":862,"date":"2012-04-30T19:31:57","date_gmt":"2012-04-30T23:31:57","guid":{"rendered":"http:\/\/www.une-sen.org\/press\/?p=862"},"modified":"2014-02-25T19:01:38","modified_gmt":"2014-02-25T19:01:38","slug":"un-jour-sombre","status":"publish","type":"post","link":"https:\/\/www.unesen.ca\/press\/?p=862&amp;lang=fr","title":{"rendered":"Un jour sombre"},"content":{"rendered":"<p><img loading=\"lazy\" class=\"alignnone size-full wp-image-863\" title=\"SADDAY_F\" alt=\"\" src=\"http:\/\/www.une-sen.org\/press\/wp-content\/uploads\/2012\/04\/SADDAY_F.jpg\" width=\"541\" height=\"360\" srcset=\"https:\/\/www.unesen.ca\/press\/wp-content\/uploads\/2012\/04\/SADDAY_F.jpg 541w, https:\/\/www.unesen.ca\/press\/wp-content\/uploads\/2012\/04\/SADDAY_F-300x199.jpg 300w\" sizes=\"(max-width: 541px) 100vw, 541px\" \/><\/p>\n<p>Doug Marshall a soulev\u00e9 une question de privil\u00e8ge ce matin afin de demander aux d\u00e9l\u00e9gu\u00e9es et d\u00e9l\u00e9gu\u00e9s d\u2019observer un moment de silence pour nos confr\u00e8res et cons\u0153urs qui pourraient perdre leurs emplois.<\/p>\n<p>\u00ab C\u2019est vraiment un jour sombre pour nos membres et pour notre syndicat \u00bb, dit M. Marshall. \u00ab Au Syndicat des employ\u00e9es et employ\u00e9s nationaux, presque 3000 membres \u00e0 travers une demi-douzaine de minist\u00e8res ont \u00e9t\u00e9 avis\u00e9s que leur emploi pourrait \u00eatre touch\u00e9 ou \u00e9limin\u00e9. \u00bb<\/p>\n<p>Le Pr\u00e9sident national du SEN dit que m\u00eame s\u2019ils sont \u00e9pouvantables, les chiffres seuls ne peuvent raconter toute l\u2019histoire. \u00ab Nous parlons en r\u00e9alit\u00e9 de personnes : nos amis, nos coll\u00e8gues et les membres de notre famille. Des gens que nous connaissons vont perdre leur emploi. \u00bb<\/p>\n<p>Il a \u00e9galement encourag\u00e9 les membres \u00e0 s\u2019appuyer les uns les autres pendant cette p\u00e9riode difficile.<\/p>\n<p>\u00ab S\u2019il y a bien une chose dont vous pouvez \u00eatre certain, c\u2019est que nous avons des personnes formidables dans notre syndicat \u2013 des personnes qui sont toujours pr\u00eates et dispos\u00e9es \u00e0 appuyer\u00a0leurs pairs\u00a0\u00bb dit M. Marshall. C\u2019est r\u00e9confortant de savoir qu\u2019ils seront l\u00e0 pour aider les personnes qui sont d\u00e9vast\u00e9es par les suppressions d\u2019aujourd\u2019hui.\u00a0\u00bb<\/p>\n<hr \/>\n<p>Le SEN a r\u00e9cemment cr\u00e9\u00e9 des feuilles d\u2019informations au sujet du r\u00e9am\u00e9nagement des effectifs \u00e0 l\u2019intention des employ\u00e9es et employ\u00e9s de Parcs Canada et du Conseil du Tr\u00e9sor. Nous esp\u00e9rons que ces outils aideront les membres menac\u00e9s de mise \u00e0 pied et les repr\u00e9sentantes syndicales et les repr\u00e9sentants syndicaux qui les appuient.<\/p>\n<p><a href=\"..\/featured\/news\/CT_RE_f.pdf\">Feuillet d\u2019information au sujet du RE \u00e0 l\u2019intention des employ\u00e9es et employ\u00e9s de Parcs Canada<\/a><br \/>\n<a href=\"..\/featured\/news\/Parcs_RE_f.pdf\"> Feuillet d\u2019information au sujet du RE \u00e0 l\u2019intention des employ\u00e9es et employ\u00e9s du Conseil du Tr\u00e9sor<\/a><\/p>\n","protected":false},"excerpt":{"rendered":"<p>Doug Marshall a soulev\u00e9 une question de privil\u00e8ge ce matin afin de demander aux d\u00e9l\u00e9gu\u00e9es et d\u00e9l\u00e9gu\u00e9s d\u2019observer un moment de silence pour nos confr\u00e8res et cons\u0153urs qui pourraient perdre leurs emplois. \u00ab C\u2019est vraiment un jour sombre pour nos membres et pour notre syndicat \u00bb, dit M. Marshall. \u00ab Au Syndicat des employ\u00e9es et &hellip; <\/p>\n<p class=\"link-more\"><a href=\"https:\/\/www.unesen.ca\/press\/?p=862&#038;lang=fr\" class=\"more-link\">>><span class=\"screen-reader-text\"> &#8220;Un jour sombre&#8221;<\/span><\/a><\/p>\n","protected":false},"author":3,"featured_media":0,"comment_status":"open","ping_status":"open","sticky":false,"template":"","format":"standard","meta":{"_links_to":"","_links_to_target":""},"categories":[],"tags":[],"_links":{"self":[{"href":"https:\/\/www.unesen.ca\/press\/index.php?rest_route=\/wp\/v2\/posts\/862"}],"collection":[{"href":"https:\/\/www.unesen.ca\/press\/index.php?rest_route=\/wp\/v2\/posts"}],"about":[{"href":"https:\/\/www.unesen.ca\/press\/index.php?rest_route=\/wp\/v2\/types\/post"}],"author":[{"embeddable":true,"href":"https:\/\/www.unesen.ca\/press\/index.php?rest_route=\/wp\/v2\/users\/3"}],"replies":[{"embeddable":true,"href":"https:\/\/www.unesen.ca\/press\/index.php?rest_route=%2Fwp%2Fv2%2Fcomments&post=862"}],"version-history":[{"count":1,"href":"https:\/\/www.unesen.ca\/press\/index.php?rest_route=\/wp\/v2\/posts\/862\/revisions"}],"predecessor-version":[{"id":3546,"href":"https:\/\/www.unesen.ca\/press\/index.php?rest_route=\/wp\/v2\/posts\/862\/revisions\/3546"}],"wp:attachment":[{"href":"https:\/\/www.unesen.ca\/press\/index.php?rest_route=%2Fwp%2Fv2%2Fmedia&parent=862"}],"wp:term":[{"taxonomy":"category","embeddable":true,"href":"https:\/\/www.unesen.ca\/press\/index.php?rest_route=%2Fwp%2Fv2%2Fcategories&post=862"},{"taxonomy":"post_tag","embeddable":true,"href":"https:\/\/www.unesen.ca\/press\/index.php?rest_route=%2Fwp%2Fv2%2Ftags&post=862"}],"curies":[{"name":"wp","href":"https:\/\/api.w.org\/{rel}","templated":true}]}}