{"id":8520,"date":"2020-09-30T07:04:25","date_gmt":"2020-09-30T12:04:25","guid":{"rendered":"http:\/\/fr.une-sen.org\/press\/?p=8520"},"modified":"2020-09-30T07:04:26","modified_gmt":"2020-09-30T12:04:26","slug":"journee-du-chandail-orange","status":"publish","type":"post","link":"https:\/\/www.unesen.ca\/press\/?p=8520&amp;lang=fr","title":{"rendered":"Journ\u00e9e du chandail orange"},"content":{"rendered":"\n<figure class=\"wp-block-image size-large\"><img loading=\"lazy\" width=\"483\" height=\"724\" src=\"http:\/\/www.une-sen.org\/press\/wp-content\/uploads\/2020\/09\/GettyImages-109433979-1.jpg\" alt=\"\" class=\"wp-image-8521\" srcset=\"https:\/\/www.unesen.ca\/press\/wp-content\/uploads\/2020\/09\/GettyImages-109433979-1.jpg 483w, https:\/\/www.unesen.ca\/press\/wp-content\/uploads\/2020\/09\/GettyImages-109433979-1-200x300.jpg 200w\" sizes=\"(max-width: 483px) 100vw, 483px\" \/><\/figure>\n\n\n\n<p>Les Autochtones et les non-Autochtones du Canada honoreront les survivantes et survivants des pensionnats et se souviendront de celles et ceux qui n\u2019ont pas surv\u00e9cu en portant un chandail orange. La Journ\u00e9e du chandail orange a \u00e9t\u00e9 lanc\u00e9e en 2013. Elle a \u00e9t\u00e9 cr\u00e9\u00e9e pour \u00e9duquer les gens et promouvoir la sensibilisation au syst\u00e8me des pensionnats indiens et aux r\u00e9percussions que ce syst\u00e8me a eues sur les communaut\u00e9s autochtones pendant plus de un&nbsp;si\u00e8cle au Canada, comme c\u2019est le cas aujourd\u2019hui encore.<\/p>\n\n\n\n<p>La chemise orange est devenue le symbole de la lutte contre l\u2019adversit\u00e9. Pourquoi l\u2019orange? \u00c0 cause de Phyllis&nbsp;Jack&nbsp;Webstad de la Premi\u00e8re Nation de Stswecem\u2019c Xgat\u2019tem, qui est all\u00e9e au pensionnat St.&nbsp;Joseph&nbsp;Mission. Lors de son premier jour d\u2019\u00e9cole, Phyllis portait un nouveau chandail orange que sa grand-m\u00e8re lui avait donn\u00e9. Elle se l\u2019est fait retirer imm\u00e9diatement, et c\u2019\u00e9tait le d\u00e9but de l\u2019ali\u00e9nation de Phyllis, de sa famille et de sa communaut\u00e9, un g\u00e9nocide caus\u00e9 par les actions de l\u2019\u00c9glise et du gouvernement f\u00e9d\u00e9ral.<\/p>\n\n\n\n<p>De nombreux enfants autochtones, environ 30&nbsp;% d\u2019entre eux, ont \u00e9t\u00e9 envoy\u00e9s dans des pensionnats. Les \u00e9l\u00e8ves apprenaient l\u2019anglais et \u00e9taient punis pour avoir parl\u00e9 leur langue maternelle. Cependant, les pensionnats du Canada ne pr\u00e9paraient pas ad\u00e9quatement les \u00e9l\u00e8ves \u00e0 vivre dans la soci\u00e9t\u00e9 blanche ou \u00e0 retourner dans leurs r\u00e9serves. Le principal objectif des Europ\u00e9ens \u00e9tait de \u00ab&nbsp;tuer l\u2019Indien dans l\u2019enfant&nbsp;\u00bb.<\/p>\n\n\n\n<p>La Journ\u00e9e du chandail orange est le moment pour nous tous de nous souvenir de ces \u00e9v\u00e9nements et de faire prendre conscience \u00e0 la soci\u00e9t\u00e9 en g\u00e9n\u00e9ral de ce qui est arriv\u00e9 aux enfants autochtones \u2013 car cette p\u00e9riode ne figure pas dans les livres d\u2019histoire \u2013 et des effets interg\u00e9n\u00e9rationnels sur la population autochtone d\u2019aujourd\u2019hui. Cette journ\u00e9e t\u00e9moigne de la force et de la r\u00e9silience continues des peuples autochtones.<\/p>\n\n\n\n<p>Lenora Maracle<br>Repr\u00e9sentante nationale de l&#8217;\u00e9quit\u00e9 pour les Autochtones du SEN<\/p>\n","protected":false},"excerpt":{"rendered":"<p>Les Autochtones et les non-Autochtones du Canada honoreront les survivantes et survivants des pensionnats et se souviendront de celles et ceux qui n\u2019ont pas surv\u00e9cu en portant un chandail orange. La Journ\u00e9e du chandail orange a \u00e9t\u00e9 lanc\u00e9e en 2013. Elle a \u00e9t\u00e9 cr\u00e9\u00e9e pour \u00e9duquer les gens et promouvoir la sensibilisation au syst\u00e8me des &hellip; <\/p>\n<p class=\"link-more\"><a href=\"https:\/\/www.unesen.ca\/press\/?p=8520&#038;lang=fr\" class=\"more-link\">>><span class=\"screen-reader-text\"> &#8220;Journ\u00e9e du chandail orange&#8221;<\/span><\/a><\/p>\n","protected":false},"author":6,"featured_media":0,"comment_status":"closed","ping_status":"open","sticky":false,"template":"","format":"standard","meta":{"_links_to":"","_links_to_target":""},"categories":[],"tags":[],"_links":{"self":[{"href":"https:\/\/www.unesen.ca\/press\/index.php?rest_route=\/wp\/v2\/posts\/8520"}],"collection":[{"href":"https:\/\/www.unesen.ca\/press\/index.php?rest_route=\/wp\/v2\/posts"}],"about":[{"href":"https:\/\/www.unesen.ca\/press\/index.php?rest_route=\/wp\/v2\/types\/post"}],"author":[{"embeddable":true,"href":"https:\/\/www.unesen.ca\/press\/index.php?rest_route=\/wp\/v2\/users\/6"}],"replies":[{"embeddable":true,"href":"https:\/\/www.unesen.ca\/press\/index.php?rest_route=%2Fwp%2Fv2%2Fcomments&post=8520"}],"version-history":[{"count":1,"href":"https:\/\/www.unesen.ca\/press\/index.php?rest_route=\/wp\/v2\/posts\/8520\/revisions"}],"predecessor-version":[{"id":8522,"href":"https:\/\/www.unesen.ca\/press\/index.php?rest_route=\/wp\/v2\/posts\/8520\/revisions\/8522"}],"wp:attachment":[{"href":"https:\/\/www.unesen.ca\/press\/index.php?rest_route=%2Fwp%2Fv2%2Fmedia&parent=8520"}],"wp:term":[{"taxonomy":"category","embeddable":true,"href":"https:\/\/www.unesen.ca\/press\/index.php?rest_route=%2Fwp%2Fv2%2Fcategories&post=8520"},{"taxonomy":"post_tag","embeddable":true,"href":"https:\/\/www.unesen.ca\/press\/index.php?rest_route=%2Fwp%2Fv2%2Ftags&post=8520"}],"curies":[{"name":"wp","href":"https:\/\/api.w.org\/{rel}","templated":true}]}}