{"id":8503,"date":"2020-09-29T14:18:31","date_gmt":"2020-09-29T19:18:31","guid":{"rendered":"http:\/\/fr.une-sen.org\/press\/?p=8503"},"modified":"2020-09-29T14:18:33","modified_gmt":"2020-09-29T19:18:33","slug":"les-membres-de-lafpc-ratifient-leurs-nouvelles-ententes-avec-le-conseil-du-tresor-et-larc","status":"publish","type":"post","link":"https:\/\/www.unesen.ca\/press\/?p=8503&amp;lang=fr","title":{"rendered":"Les membres de l\u2019AFPC ratifient leurs nouvelles ententes avec le Conseil du Tr\u00e9sor et l\u2019ARC"},"content":{"rendered":"\n<figure class=\"wp-block-image size-large is-resized\"><img loading=\"lazy\" src=\"http:\/\/www.une-sen.org\/press\/wp-content\/uploads\/2020\/09\/2020-09-29_ratification-check_scrape-1.png\" alt=\"\" class=\"wp-image-8504\" width=\"627\" height=\"261\" srcset=\"https:\/\/www.unesen.ca\/press\/wp-content\/uploads\/2020\/09\/2020-09-29_ratification-check_scrape-1.png 960w, https:\/\/www.unesen.ca\/press\/wp-content\/uploads\/2020\/09\/2020-09-29_ratification-check_scrape-1-300x125.png 300w, https:\/\/www.unesen.ca\/press\/wp-content\/uploads\/2020\/09\/2020-09-29_ratification-check_scrape-1-768x320.png 768w\" sizes=\"(max-width: 627px) 100vw, 627px\" \/><\/figure>\n\n\n\n<p>29 septembre 2020<\/p>\n\n\n\n<p>Les&nbsp;membres de l\u2019AFPC des groupes&nbsp;<a href=\"http:\/\/syndicatafpc.ca\/entente-sur-dedommagement-phenix-contrat-du-groupe?_ga=2.145143668.1756707412.1601328593-1085946568.1587348448\" target=\"_blank\" rel=\"noreferrer noopener\">PA (Services des programmes et de l\u2019administration)<\/a>,&nbsp;<a href=\"http:\/\/syndicatafpc.ca\/groupe-tc-conclut-entente-principe?_ga=2.244331205.1756707412.1601328593-1085946568.1587348448\" target=\"_blank\" rel=\"noreferrer noopener\">TC (Services techniques)<\/a>&nbsp;et&nbsp;<a href=\"http:\/\/syndicatafpc.ca\/groupe-eb-conclut-entente-principe?_ga=2.185540073.1756707412.1601328593-1085946568.1587348448\" target=\"_blank\" rel=\"noreferrer noopener\">EB (Enseignement et biblioth\u00e9conomie)<\/a>&nbsp;et&nbsp;ceux&nbsp;du&nbsp;<a href=\"http:\/\/syndicatafpc.ca\/entente-conclue-membres-lafpc-sei?_ga=2.148879095.1756707412.1601328593-1085946568.1587348448\" target=\"_blank\" rel=\"noreferrer noopener\">SEI (Agence du revenu du Canada)<\/a>&nbsp;ont majoritairement vot\u00e9&nbsp;pour&nbsp;leurs ententes de principe respectives.&nbsp;Ces quatre unit\u00e9s repr\u00e9sentent pr\u00e8s de 110\u2009000 fonctionnaires f\u00e9d\u00e9raux qui se sont surpass\u00e9s pour venir en aide aux Canadiens et Canadiennes durant la pand\u00e9mie.&nbsp;<\/p>\n\n\n\n<p>Les nouvelles conventions collectives&nbsp;des&nbsp;groupes PA, TC et EB&nbsp;couvrent&nbsp;la p\u00e9riode\u202f2018-2021, tandis que l\u2019entente de&nbsp;l\u2019AFPC-SEI&nbsp;couvre&nbsp;la p\u00e9riode\u202f2016-2021.&nbsp;Toutes ces ententes&nbsp;pr\u00e9voient des salaires \u00e9quitables et de meilleures conditions de travail, sans aucune concession.&nbsp;<\/p>\n\n\n\n<p>\u00ab\u2009Je suis fier des membres \u00e9lus de nos \u00e9quipes de n\u00e9gociation&nbsp;et de leur&nbsp;d\u00e9vouement in\u00e9branlable&nbsp;au cours de cette ronde&nbsp;de n\u00e9gociations, a d\u00e9clar\u00e9 Chris&nbsp;Aylward, pr\u00e9sident national de l\u2019AFPC.&nbsp;Gr\u00e2ce au travail acharn\u00e9 et \u00e0 la solidarit\u00e9 de milliers de membres partout au pays, nous avons pu n\u00e9gocier des ententes \u00e9quitables. Et nous continuerons de les am\u00e9liorer durant la prochaine ronde.\u202f\u00bb&nbsp;<\/p>\n\n\n\n<h3>Prochaines \u00e9tapes&nbsp;<\/h3>\n\n\n\n<p>Au cours des prochaines semaines, l\u2019AFPC rencontrera les repr\u00e9sentants du Conseil du Tr\u00e9sor et de l\u2019ARC pour parapher les nouvelles conventions collectives.&nbsp;\u00c0 l\u2019exception des&nbsp;dispositions p\u00e9cuniaires, qui sont r\u00e9troactives, les nouvelles&nbsp;modalit\u00e9s&nbsp;entrent en vigueur au moment de la signature.&nbsp;<\/p>\n\n\n\n<p>Les deux employeurs disposent de 180 jours \u00e0 compter de la signature des contrats pour mettre en \u0153uvre les augmentations salariales, les ajustements salariaux et les indemnit\u00e9s. Comme il est expliqu\u00e9 dans les trousses de ratification, l\u2019AFPC a n\u00e9goci\u00e9 un paiement forfaitaire de 500\u202f$&nbsp;pour compenser&nbsp;le long&nbsp;d\u00e9lai de mise en \u0153uvre des conventions collectives.&nbsp;<\/p>\n\n\n\n<p>L\u2019AFPC informera ses membres lorsque les ententes seront sign\u00e9es.&nbsp;Assurez-vous de&nbsp;mettre \u00e0 jour vos coordonn\u00e9es&nbsp;dans&nbsp;le&nbsp;<a href=\"http:\/\/syndicatafpc.ca\/user?_ga=2.225253082.1756707412.1601328593-1085946568.1587348448\" target=\"_blank\" rel=\"noreferrer noopener\">portail des membres<\/a>.&nbsp;<\/p>\n\n\n\n<h3>Groupes SV et FB, Parcs et ACIA&nbsp;<\/h3>\n\n\n\n<p>Les membres du&nbsp;<a href=\"http:\/\/syndicatafpc.ca\/groupes-du-conseil-du-tresor-larc-inscrivez-vous?_ga=2.181826023.1756707412.1601328593-1085946568.1587348448\" target=\"_blank\" rel=\"noreferrer noopener\">groupe Services&nbsp;de l\u2019exploitation&nbsp;(SV) ont jusqu\u2019au 5 octobre pour&nbsp;se<\/a>&nbsp;prononcer&nbsp;sur leur nouveau contrat, tandis que ceux des unit\u00e9s Parcs et ACIA voteront entre le 5 octobre et le 4 novembre.&nbsp;<\/p>\n\n\n\n<p>Les membres\u00a0du groupe\u00a0des\u00a0<a href=\"http:\/\/syndicatafpc.ca\/groupe-fb-0\" target=\"_blank\" rel=\"noreferrer noopener\">Services frontaliers (FB)<\/a>\u00a0sont toujours en pourparlers.\u00a0<\/p>\n\n\n\n<p>Source: <a href=\"http:\/\/syndicatafpc.ca\/membres-lafpc-ratifient-leurs-nouvelles-ententes?_ga=2.88292571.1979735453.1601403743-722671214.1553177201\">http:\/\/syndicatafpc.ca\/membres-lafpc-ratifient-leurs-nouvelles-ententes?_ga=2.88292571.1979735453.1601403743-722671214.1553177201<\/a><\/p>\n","protected":false},"excerpt":{"rendered":"<p>29 septembre 2020 Les&nbsp;membres de l\u2019AFPC des groupes&nbsp;PA (Services des programmes et de l\u2019administration),&nbsp;TC (Services techniques)&nbsp;et&nbsp;EB (Enseignement et biblioth\u00e9conomie)&nbsp;et&nbsp;ceux&nbsp;du&nbsp;SEI (Agence du revenu du Canada)&nbsp;ont majoritairement vot\u00e9&nbsp;pour&nbsp;leurs ententes de principe respectives.&nbsp;Ces quatre unit\u00e9s repr\u00e9sentent pr\u00e8s de 110\u2009000 fonctionnaires f\u00e9d\u00e9raux qui se sont surpass\u00e9s pour venir en aide aux Canadiens et Canadiennes durant la pand\u00e9mie.&nbsp; Les nouvelles &hellip; <\/p>\n<p class=\"link-more\"><a href=\"https:\/\/www.unesen.ca\/press\/?p=8503&#038;lang=fr\" class=\"more-link\">>><span class=\"screen-reader-text\"> &#8220;Les membres de l\u2019AFPC ratifient leurs nouvelles ententes avec le Conseil du Tr\u00e9sor et l\u2019ARC&#8221;<\/span><\/a><\/p>\n","protected":false},"author":6,"featured_media":0,"comment_status":"closed","ping_status":"open","sticky":false,"template":"","format":"standard","meta":{"_links_to":"","_links_to_target":""},"categories":[],"tags":[],"_links":{"self":[{"href":"https:\/\/www.unesen.ca\/press\/index.php?rest_route=\/wp\/v2\/posts\/8503"}],"collection":[{"href":"https:\/\/www.unesen.ca\/press\/index.php?rest_route=\/wp\/v2\/posts"}],"about":[{"href":"https:\/\/www.unesen.ca\/press\/index.php?rest_route=\/wp\/v2\/types\/post"}],"author":[{"embeddable":true,"href":"https:\/\/www.unesen.ca\/press\/index.php?rest_route=\/wp\/v2\/users\/6"}],"replies":[{"embeddable":true,"href":"https:\/\/www.unesen.ca\/press\/index.php?rest_route=%2Fwp%2Fv2%2Fcomments&post=8503"}],"version-history":[{"count":3,"href":"https:\/\/www.unesen.ca\/press\/index.php?rest_route=\/wp\/v2\/posts\/8503\/revisions"}],"predecessor-version":[{"id":8508,"href":"https:\/\/www.unesen.ca\/press\/index.php?rest_route=\/wp\/v2\/posts\/8503\/revisions\/8508"}],"wp:attachment":[{"href":"https:\/\/www.unesen.ca\/press\/index.php?rest_route=%2Fwp%2Fv2%2Fmedia&parent=8503"}],"wp:term":[{"taxonomy":"category","embeddable":true,"href":"https:\/\/www.unesen.ca\/press\/index.php?rest_route=%2Fwp%2Fv2%2Fcategories&post=8503"},{"taxonomy":"post_tag","embeddable":true,"href":"https:\/\/www.unesen.ca\/press\/index.php?rest_route=%2Fwp%2Fv2%2Ftags&post=8503"}],"curies":[{"name":"wp","href":"https:\/\/api.w.org\/{rel}","templated":true}]}}