{"id":8464,"date":"2020-09-24T13:17:22","date_gmt":"2020-09-24T18:17:22","guid":{"rendered":"http:\/\/fr.une-sen.org\/press\/?p=8464"},"modified":"2020-09-29T08:31:25","modified_gmt":"2020-09-29T13:31:25","slug":"mise-a-jour-sur-les-restrictions-lors-de-la-tenue-de-reunions-en-ontario-et-au-quebec","status":"publish","type":"post","link":"https:\/\/www.unesen.ca\/press\/?p=8464&amp;lang=fr","title":{"rendered":"Mise \u00e0 jour sur les restrictions lors de la tenue de r\u00e9unions en Ontario et au Qu\u00e9bec"},"content":{"rendered":"\n<figure class=\"wp-block-image size-large\"><img loading=\"lazy\" width=\"1024\" height=\"538\" src=\"http:\/\/www.une-sen.org\/press\/wp-content\/uploads\/2020\/09\/Covid-3-1024x538.png\" alt=\"\" class=\"wp-image-8465\" srcset=\"https:\/\/www.unesen.ca\/press\/wp-content\/uploads\/2020\/09\/Covid-3-1024x538.png 1024w, https:\/\/www.unesen.ca\/press\/wp-content\/uploads\/2020\/09\/Covid-3-300x158.png 300w, https:\/\/www.unesen.ca\/press\/wp-content\/uploads\/2020\/09\/Covid-3-768x403.png 768w, https:\/\/www.unesen.ca\/press\/wp-content\/uploads\/2020\/09\/Covid-3.png 1200w\" sizes=\"(max-width: 767px) 89vw, (max-width: 1000px) 54vw, (max-width: 1071px) 543px, 580px\" \/><\/figure>\n\n\n\n<p>29 septembre 2020<\/p>\n\n\n\n<p>La deuxi\u00e8me vague de la pand\u00e9mie de COVID-19 ayant frapp\u00e9 certaines r\u00e9gions du Canada au cours des derni\u00e8res semaines, nous partageons des renseignements qui permettront aux sections locales du SEN d\u2019\u00e9valuer la possibilit\u00e9 de tenir des rencontres en personne. Compte tenu de l\u2019\u00e9volution rapide de la situation, nous vous recommandons \u00e9galement de v\u00e9rifier aupr\u00e8s du bureau de sant\u00e9 publique de la municipalit\u00e9 en question.<\/p>\n\n\n\n<p>Voici les nouvelles limites en vigueur en Ontario depuis le 19 septembre :<\/p>\n\n\n\n<p>\u00e9v\u00e9nements ou rassemblements tenus \u00e0 l\u2019int\u00e9rieur : 10 personnes maximum<\/p>\n\n\n\n<p>\u00e9v\u00e9nements ou rassemblements tenus \u00e0 l\u2019ext\u00e9rieur : 25 personnes maximum<\/p>\n\n\n\n<p>Pour plus d\u2019information sur les modifications des limites relatives aux rassemblements : <a href=\"https:\/\/www.ontario.ca\/fr\/page\/deconfinement-de-lontario-par-etapes\">https:\/\/www.ontario.ca\/fr\/page\/deconfinement-de-lontario-par-etapes<\/a><\/p>\n\n\n\n<p>Au Qu\u00e9bec, les villes de Montr\u00e9al, de Qu\u00e9bec et de Laval, ainsi que les r\u00e9gions de l\u2019Outaouais et Chaudi\u00e8re-Appalaches sont pass\u00e9es au palier 3 \u2013 Alerte (zone orange), avec les limites suivantes :<\/p>\n\n\n\n<p>Rassemblements priv\u00e9s \u00e0 l\u2019int\u00e9rieur ou \u00e0 l\u2019ext\u00e9rieur : 6 personnes maximum<\/p>\n\n\n\n<p>Activit\u00e9s organis\u00e9es dans un lieu public : 25 personnes maximum<\/p>\n\n\n\n<p>Pour plus d\u2019information : <a href=\"https:\/\/www.quebec.ca\/sante\/problemes-de-sante\/a-z\/coronavirus-2019\/systeme-alertes-regionales-et-intervention-graduelle\/\">https:\/\/www.quebec.ca\/sante\/problemes-de-sante\/a-z\/coronavirus-2019\/systeme-alertes-regionales-et-intervention-graduelle\/<\/a><\/p>\n\n\n\n<p><strong>\u00c0 partir du jeudi 1er octobre, pour une p\u00e9riode de 28 jours,  les r\u00e9gions de Montr\u00e9al, de la Ville de Qu\u00e9bec et Chaudi\u00e8re-Appalaches passeront au palier 4 \u2013 Alerte maximale (zone rouge), avec les limites suivantes :<\/strong><\/p>\n\n\n\n<p>Rassemblements priv\u00e9s \u00e0 l\u2019int\u00e9rieur ou \u00e0 l\u2019ext\u00e9rieur : interdits<\/p>\n\n\n\n<p>Activit\u00e9s organis\u00e9es dans un lieu public : interdits<\/p>\n\n\n\n<p>Pour plus d&#8217;information: <a href=\"https:\/\/www.quebec.ca\/sante\/problemes-de-sante\/a-z\/coronavirus-2019\/systeme-alertes-regionales-et-intervention-graduelle\/palier-4-alerte-maximale-zone-rouge\/\">https:\/\/www.quebec.ca\/sante\/problemes-de-sante\/a-z\/coronavirus-2019\/systeme-alertes-regionales-et-intervention-graduelle\/palier-4-alerte-maximale-zone-rouge\/<\/a><\/p>\n\n\n\n<p>Dans la mesure o\u00f9 il y aura vraisemblablement de plus en plus de restrictions, nous vous encourageons \u00e0 tenir des rencontres virtuelles dans la mesure du possible.<\/p>\n","protected":false},"excerpt":{"rendered":"<p>29 septembre 2020 La deuxi\u00e8me vague de la pand\u00e9mie de COVID-19 ayant frapp\u00e9 certaines r\u00e9gions du Canada au cours des derni\u00e8res semaines, nous partageons des renseignements qui permettront aux sections locales du SEN d\u2019\u00e9valuer la possibilit\u00e9 de tenir des rencontres en personne. Compte tenu de l\u2019\u00e9volution rapide de la situation, nous vous recommandons \u00e9galement de &hellip; <\/p>\n<p class=\"link-more\"><a href=\"https:\/\/www.unesen.ca\/press\/?p=8464&#038;lang=fr\" class=\"more-link\">>><span class=\"screen-reader-text\"> &#8220;Mise \u00e0 jour sur les restrictions lors de la tenue de r\u00e9unions en Ontario et au Qu\u00e9bec&#8221;<\/span><\/a><\/p>\n","protected":false},"author":6,"featured_media":0,"comment_status":"closed","ping_status":"open","sticky":false,"template":"","format":"standard","meta":{"_links_to":"","_links_to_target":""},"categories":[],"tags":[],"_links":{"self":[{"href":"https:\/\/www.unesen.ca\/press\/index.php?rest_route=\/wp\/v2\/posts\/8464"}],"collection":[{"href":"https:\/\/www.unesen.ca\/press\/index.php?rest_route=\/wp\/v2\/posts"}],"about":[{"href":"https:\/\/www.unesen.ca\/press\/index.php?rest_route=\/wp\/v2\/types\/post"}],"author":[{"embeddable":true,"href":"https:\/\/www.unesen.ca\/press\/index.php?rest_route=\/wp\/v2\/users\/6"}],"replies":[{"embeddable":true,"href":"https:\/\/www.unesen.ca\/press\/index.php?rest_route=%2Fwp%2Fv2%2Fcomments&post=8464"}],"version-history":[{"count":5,"href":"https:\/\/www.unesen.ca\/press\/index.php?rest_route=\/wp\/v2\/posts\/8464\/revisions"}],"predecessor-version":[{"id":8477,"href":"https:\/\/www.unesen.ca\/press\/index.php?rest_route=\/wp\/v2\/posts\/8464\/revisions\/8477"}],"wp:attachment":[{"href":"https:\/\/www.unesen.ca\/press\/index.php?rest_route=%2Fwp%2Fv2%2Fmedia&parent=8464"}],"wp:term":[{"taxonomy":"category","embeddable":true,"href":"https:\/\/www.unesen.ca\/press\/index.php?rest_route=%2Fwp%2Fv2%2Fcategories&post=8464"},{"taxonomy":"post_tag","embeddable":true,"href":"https:\/\/www.unesen.ca\/press\/index.php?rest_route=%2Fwp%2Fv2%2Ftags&post=8464"}],"curies":[{"name":"wp","href":"https:\/\/api.w.org\/{rel}","templated":true}]}}