{"id":846,"date":"2012-04-28T10:36:58","date_gmt":"2012-04-28T14:36:58","guid":{"rendered":"http:\/\/www.une-sen.org\/press\/?p=846"},"modified":"2014-02-25T19:02:07","modified_gmt":"2014-02-25T19:02:07","slug":"jour-de-deuil-national-28-avril","status":"publish","type":"post","link":"https:\/\/www.unesen.ca\/press\/?p=846&amp;lang=fr","title":{"rendered":"Jour de deuil national &#8211; 28 avril"},"content":{"rendered":"<p><img loading=\"lazy\" class=\"alignnone size-full wp-image-847\" title=\"APR28_F\" alt=\"\" src=\"http:\/\/www.une-sen.org\/press\/wp-content\/uploads\/2012\/04\/APR28_F.jpg\" width=\"541\" height=\"360\" srcset=\"https:\/\/www.unesen.ca\/press\/wp-content\/uploads\/2012\/04\/APR28_F.jpg 541w, https:\/\/www.unesen.ca\/press\/wp-content\/uploads\/2012\/04\/APR28_F-300x199.jpg 300w\" sizes=\"(max-width: 541px) 100vw, 541px\" \/><\/p>\n<p>Le parc Vincent Massey sera de nouveau le lieu de la c\u00e9r\u00e9monie du Jour de deuil national qui fut d\u00e9cr\u00e9t\u00e9 pour les travailleuses et travailleurs tu\u00e9s ou bless\u00e9s en milieu de travail. La journ\u00e9e a \u00e9t\u00e9 institu\u00e9e en 1984 par le Congr\u00e8s du travail du Canada, mais c\u2019est en 1991 que le parlement a proclam\u00e9 le 28 avril comme \u00e9tant le Jour de deuil national. Aujourd\u2019hui, on observe officiellement le 28 avril dans plus d\u2019une centaine de pays \u00e0 travail le monde.<\/p>\n<p>D\u2019apr\u00e8s la Commission de la s\u00e9curit\u00e9 professionnelle et de l&#8217;assurance contre les accidents du travail, il y a eu un total de 1017 accidents mortels au travail \u00e0 travers le pays.<\/p>\n<p>\u00ab Les chiffres ne commencent m\u00eame pas \u00e0 nous dire le nombre v\u00e9ritable de vies perdues en cons\u00e9quence du milieu de travail \u00bb, dit Sean McKenny, pr\u00e9sident du Conseil du travail d&#8217;Ottawa et du district. Puisque ces chiffres parviennent de diff\u00e9rentes commissions des accidents du travail, M. McKenny dit qu\u2019ils n\u2019incluent pas 38 % des travailleuses et travailleurs qui ne sont pas couverts par ces r\u00e9gimes.<\/p>\n<p>\u00ab Alors, sans doute, le chiffre v\u00e9ritable est vraiment plus \u00e9lev\u00e9. \u00bb<\/p>\n<p>\u00ab Nous avons vu un nombre significatif d\u2019accidents et de d\u00e9c\u00e8s en milieu de travail dans la ville d\u2019Ottawa au cours de la derni\u00e8re ann\u00e9e \u00bb, dit M. McKenny. \u00ab Il faut que cela cesse.\u00a0\u00bb<\/p>\n<p>La c\u00e9r\u00e9monie au parc Vincent Massey commence \u00e0 12 h 30 le samedi 28 avril. Jim Watson, le maire de la ville d\u2019Ottawa, y sera pour proclamer officiellement la journ\u00e9e. Hassan Yussuff, (Secr\u00e9taire-tr\u00e9sorier du Congr\u00e8s du travail du Canada), Robert Blakely (Syndicats des m\u00e9tiers de la construction du Canada), Paul Dewar (D\u00e9put\u00e9 du NPD \u2013 Centreville d\u2019Ottawa) et Sean McKenny (Pr\u00e9sident du Conseil du travail d&#8217;Ottawa et du district) s&#8217;adresseront aux personnes rassembl\u00e9es.<\/p>\n<p>Plusieurs membres du Syndicat des employ\u00e9es et employ\u00e9s nationaux y seront aussi. Nous ajouterons des photos sur notre page Flickr bient\u00f4t.<\/p>\n","protected":false},"excerpt":{"rendered":"<p>Le parc Vincent Massey sera de nouveau le lieu de la c\u00e9r\u00e9monie du Jour de deuil national qui fut d\u00e9cr\u00e9t\u00e9 pour les travailleuses et travailleurs tu\u00e9s ou bless\u00e9s en milieu de travail. La journ\u00e9e a \u00e9t\u00e9 institu\u00e9e en 1984 par le Congr\u00e8s du travail du Canada, mais c\u2019est en 1991 que le parlement a proclam\u00e9 &hellip; <\/p>\n<p class=\"link-more\"><a href=\"https:\/\/www.unesen.ca\/press\/?p=846&#038;lang=fr\" class=\"more-link\">>><span class=\"screen-reader-text\"> &#8220;Jour de deuil national &#8211; 28 avril&#8221;<\/span><\/a><\/p>\n","protected":false},"author":3,"featured_media":0,"comment_status":"open","ping_status":"open","sticky":false,"template":"","format":"standard","meta":{"_links_to":"","_links_to_target":""},"categories":[],"tags":[],"_links":{"self":[{"href":"https:\/\/www.unesen.ca\/press\/index.php?rest_route=\/wp\/v2\/posts\/846"}],"collection":[{"href":"https:\/\/www.unesen.ca\/press\/index.php?rest_route=\/wp\/v2\/posts"}],"about":[{"href":"https:\/\/www.unesen.ca\/press\/index.php?rest_route=\/wp\/v2\/types\/post"}],"author":[{"embeddable":true,"href":"https:\/\/www.unesen.ca\/press\/index.php?rest_route=\/wp\/v2\/users\/3"}],"replies":[{"embeddable":true,"href":"https:\/\/www.unesen.ca\/press\/index.php?rest_route=%2Fwp%2Fv2%2Fcomments&post=846"}],"version-history":[{"count":1,"href":"https:\/\/www.unesen.ca\/press\/index.php?rest_route=\/wp\/v2\/posts\/846\/revisions"}],"predecessor-version":[{"id":3547,"href":"https:\/\/www.unesen.ca\/press\/index.php?rest_route=\/wp\/v2\/posts\/846\/revisions\/3547"}],"wp:attachment":[{"href":"https:\/\/www.unesen.ca\/press\/index.php?rest_route=%2Fwp%2Fv2%2Fmedia&parent=846"}],"wp:term":[{"taxonomy":"category","embeddable":true,"href":"https:\/\/www.unesen.ca\/press\/index.php?rest_route=%2Fwp%2Fv2%2Fcategories&post=846"},{"taxonomy":"post_tag","embeddable":true,"href":"https:\/\/www.unesen.ca\/press\/index.php?rest_route=%2Fwp%2Fv2%2Ftags&post=846"}],"curies":[{"name":"wp","href":"https:\/\/api.w.org\/{rel}","templated":true}]}}