{"id":8444,"date":"2020-09-22T15:10:06","date_gmt":"2020-09-22T20:10:06","guid":{"rendered":"http:\/\/fr.une-sen.org\/press\/?p=8444"},"modified":"2020-09-22T15:49:29","modified_gmt":"2020-09-22T20:49:29","slug":"sharon-desousa-devient-vice-presidente-executive-nationale","status":"publish","type":"post","link":"https:\/\/www.unesen.ca\/press\/?p=8444&amp;lang=fr","title":{"rendered":"Craig Reynolds nomm\u00e9 VPER de l\u2019Ontario de l&#8217;AFPC"},"content":{"rendered":"\n<div class=\"wp-block-image\"><figure class=\"aligncenter size-large\"><img loading=\"lazy\" width=\"200\" height=\"225\" src=\"http:\/\/www.une-sen.org\/press\/wp-content\/uploads\/2020\/09\/CraigReynolds-4.jpg\" alt=\"\" class=\"wp-image-8458\"\/><\/figure><\/div>\n\n\n\n<p>22 septembre 2020<\/p>\n\n\n\n<p>Craig Reynolds, qui a \u00e9t\u00e9 \u00e9lu VPER suppl\u00e9ant au congr\u00e8s r\u00e9gional de 2017, prendra [\u2026] la place de Sharon DeSousa \u00e0 titre de VPER de l\u2019Ontario.<\/p>\n\n\n\n<p>Craig est un militant syndical exp\u00e9riment\u00e9 au sein de l\u2019AFPC. Il a \u00e9t\u00e9 pr\u00e9sident de sa section locale (SEN 00087) et du comit\u00e9 des membres racialis\u00e9s de Toronto. Il a si\u00e9g\u00e9 au Conseil de l\u2019Ontario pendant sept ans. Il a \u00e9galement occup\u00e9 diverses fonctions au sein de son \u00c9l\u00e9ment et remplit un deuxi\u00e8me mandat au poste de vice-pr\u00e9sident r\u00e9gional adjoint du Syndicat des employ\u00e9es et employ\u00e9s nationaux (SEN) pour l\u2019Ontario.<\/p>\n\n\n\n<p><strong>Sharon DeSousa devient vice-pr\u00e9sidente ex\u00e9cutive nationale de l&#8217;AFPC<\/strong><\/p>\n\n\n\n<p>\u00c0 la suite de la d\u00e9mission de Magali Picard, Sharon DeSousa a aujourd\u2019hui \u00e9t\u00e9 nomm\u00e9e vice-pr\u00e9sidente ex\u00e9cutive nationale (VPEN) de l\u2019AFPC.<\/p>\n\n\n\n<p>Cette nomination est conforme aux Statuts de l\u2019AFPC, lesquels pr\u00e9voient, dans l\u2019\u00e9ventualit\u00e9 d\u2019une vacance au poste de VPEN, que la suppl\u00e9ance assume ce r\u00f4le. Sharon DeSousa a \u00e9t\u00e9 \u00e9lue VPEN suppl\u00e9ante au congr\u00e8s triennal de l\u2019AFPC de 2018.<\/p>\n\n\n\n<p>Sharon DeSousa laissera donc son poste de vice-pr\u00e9sidente ex\u00e9cutive r\u00e9gionale (VPER) de l\u2019Ontario qu\u2019elle occupait depuis mai&nbsp;2011. Elle y avait \u00e9t\u00e9 \u00e9lue en 2011, puis r\u00e9\u00e9lue en juin&nbsp;2014 et en 2017 par acclamation au congr\u00e8s r\u00e9gional.<\/p>\n\n\n\n<p>Sharon est une dirigeante passionn\u00e9e, chevronn\u00e9e et fortement ax\u00e9e sur la mobilisation de la base et l\u2019action politique.<\/p>\n\n\n\n<p>\u00ab&nbsp;Sharon et Craig ont toujours travaill\u00e9 tr\u00e8s fort pour notre syndicat, d\u00e9clare Chris Aylward, pr\u00e9sident national de l\u2019AFPC. Leur vaste exp\u00e9rience et leur engagement \u00e0 am\u00e9liorer la vie des membres seront de grands atouts pour nos membres.&nbsp;\u00bb<\/p>\n\n\n\n<p>Source : <a href=\"http:\/\/syndicatafpc.ca\/sharon-desousa-devient-vice-presidente-executive?_ga=2.101575297.126241448.1600805907-722671214.1553177201\">http:\/\/syndicatafpc.ca\/sharon-desousa-devient-vice-presidente-executive?_ga=2.101575297.126241448.1600805907-722671214.1553177201<\/a><\/p>\n\n\n\n<p><\/p>\n","protected":false},"excerpt":{"rendered":"<p>22 septembre 2020 Craig Reynolds, qui a \u00e9t\u00e9 \u00e9lu VPER suppl\u00e9ant au congr\u00e8s r\u00e9gional de 2017, prendra [\u2026] la place de Sharon DeSousa \u00e0 titre de VPER de l\u2019Ontario. Craig est un militant syndical exp\u00e9riment\u00e9 au sein de l\u2019AFPC. Il a \u00e9t\u00e9 pr\u00e9sident de sa section locale (SEN 00087) et du comit\u00e9 des membres racialis\u00e9s &hellip; <\/p>\n<p class=\"link-more\"><a href=\"https:\/\/www.unesen.ca\/press\/?p=8444&#038;lang=fr\" class=\"more-link\">>><span class=\"screen-reader-text\"> &#8220;Craig Reynolds nomm\u00e9 VPER de l\u2019Ontario de l&#8217;AFPC&#8221;<\/span><\/a><\/p>\n","protected":false},"author":6,"featured_media":0,"comment_status":"closed","ping_status":"open","sticky":false,"template":"","format":"standard","meta":{"_links_to":"","_links_to_target":""},"categories":[],"tags":[],"_links":{"self":[{"href":"https:\/\/www.unesen.ca\/press\/index.php?rest_route=\/wp\/v2\/posts\/8444"}],"collection":[{"href":"https:\/\/www.unesen.ca\/press\/index.php?rest_route=\/wp\/v2\/posts"}],"about":[{"href":"https:\/\/www.unesen.ca\/press\/index.php?rest_route=\/wp\/v2\/types\/post"}],"author":[{"embeddable":true,"href":"https:\/\/www.unesen.ca\/press\/index.php?rest_route=\/wp\/v2\/users\/6"}],"replies":[{"embeddable":true,"href":"https:\/\/www.unesen.ca\/press\/index.php?rest_route=%2Fwp%2Fv2%2Fcomments&post=8444"}],"version-history":[{"count":4,"href":"https:\/\/www.unesen.ca\/press\/index.php?rest_route=\/wp\/v2\/posts\/8444\/revisions"}],"predecessor-version":[{"id":8459,"href":"https:\/\/www.unesen.ca\/press\/index.php?rest_route=\/wp\/v2\/posts\/8444\/revisions\/8459"}],"wp:attachment":[{"href":"https:\/\/www.unesen.ca\/press\/index.php?rest_route=%2Fwp%2Fv2%2Fmedia&parent=8444"}],"wp:term":[{"taxonomy":"category","embeddable":true,"href":"https:\/\/www.unesen.ca\/press\/index.php?rest_route=%2Fwp%2Fv2%2Fcategories&post=8444"},{"taxonomy":"post_tag","embeddable":true,"href":"https:\/\/www.unesen.ca\/press\/index.php?rest_route=%2Fwp%2Fv2%2Ftags&post=8444"}],"curies":[{"name":"wp","href":"https:\/\/api.w.org\/{rel}","templated":true}]}}