{"id":8434,"date":"2020-09-14T15:27:55","date_gmt":"2020-09-14T20:27:55","guid":{"rendered":"http:\/\/fr.une-sen.org\/press\/?p=8434"},"modified":"2020-09-16T07:27:44","modified_gmt":"2020-09-16T12:27:44","slug":"parcs-canada-la-trousse-de-ratification-et-le-texte-integral-de-lentente-maintenant-disponibles","status":"publish","type":"post","link":"https:\/\/www.unesen.ca\/press\/?p=8434&amp;lang=fr","title":{"rendered":"Parcs Canada: La trousse de ratification et le texte int\u00e9gral de l\u2019entente maintenant disponibles"},"content":{"rendered":"\n<figure class=\"wp-block-image size-large\"><img loading=\"lazy\" width=\"960\" height=\"400\" src=\"http:\/\/www.une-sen.org\/press\/wp-content\/uploads\/2020\/09\/pcthumbnail_0-1.png\" alt=\"\" class=\"wp-image-8435\" srcset=\"https:\/\/www.unesen.ca\/press\/wp-content\/uploads\/2020\/09\/pcthumbnail_0-1.png 960w, https:\/\/www.unesen.ca\/press\/wp-content\/uploads\/2020\/09\/pcthumbnail_0-1-300x125.png 300w, https:\/\/www.unesen.ca\/press\/wp-content\/uploads\/2020\/09\/pcthumbnail_0-1-768x320.png 768w\" sizes=\"(max-width: 767px) 89vw, (max-width: 1000px) 54vw, (max-width: 1071px) 543px, 580px\" \/><\/figure>\n\n\n\n<p>14 septembre 2020<\/p>\n\n\n\n<p>Le 3 september, l\u2019\u00e9quipe de n\u00e9gociation de Parcs Canada&nbsp;a r\u00e9ussi \u00e0 conclure <strong><a href=\"http:\/\/syndicatafpc.ca\/lafpc-conclut-entente-avec-parcs-canada\" target=\"_blank\" rel=\"noreferrer noopener\">une&nbsp;entente de principe<\/a><\/strong>&nbsp;avec l&#8217;employeur. <strong>L\u2019\u00e9quipe de n\u00e9gociation recommande \u00e0 l\u2019unanimit\u00e9 d\u2019accepter la nouvelle entente de principe.<\/strong><\/p>\n\n\n\n<p>Vous pouvez maintenant t\u00e9l\u00e9charger\u00a0<a href=\"http:\/\/syndicatafpc.ca\/sites\/psac\/files\/attachments\/pdfs\/2020-09-04_parks_canada_agency_ratification_kit_final_fr_revised_sept._15_2020_v.2.pdf\" target=\"_blank\" rel=\"noreferrer noopener\"><strong>la trousse de ratification<\/strong><\/a>\u00a0et le texte int\u00e9gral de l\u2019entente.<\/p>\n\n\n\n<p>Les membres auront l\u2019occasion de participer au&nbsp;vote de ratification en ligne&nbsp;du <strong>5 octobre&nbsp;au 4&nbsp;novembre<\/strong>.<\/p>\n","protected":false},"excerpt":{"rendered":"<p>14 septembre 2020 Le 3 september, l\u2019\u00e9quipe de n\u00e9gociation de Parcs Canada&nbsp;a r\u00e9ussi \u00e0 conclure une&nbsp;entente de principe&nbsp;avec l&#8217;employeur. L\u2019\u00e9quipe de n\u00e9gociation recommande \u00e0 l\u2019unanimit\u00e9 d\u2019accepter la nouvelle entente de principe. Vous pouvez maintenant t\u00e9l\u00e9charger\u00a0la trousse de ratification\u00a0et le texte int\u00e9gral de l\u2019entente. Les membres auront l\u2019occasion de participer au&nbsp;vote de ratification en ligne&nbsp;du 5 &hellip; <\/p>\n<p class=\"link-more\"><a href=\"https:\/\/www.unesen.ca\/press\/?p=8434&#038;lang=fr\" class=\"more-link\">>><span class=\"screen-reader-text\"> &#8220;Parcs Canada: La trousse de ratification et le texte int\u00e9gral de l\u2019entente maintenant disponibles&#8221;<\/span><\/a><\/p>\n","protected":false},"author":6,"featured_media":0,"comment_status":"closed","ping_status":"open","sticky":false,"template":"","format":"standard","meta":{"_links_to":"","_links_to_target":""},"categories":[],"tags":[],"_links":{"self":[{"href":"https:\/\/www.unesen.ca\/press\/index.php?rest_route=\/wp\/v2\/posts\/8434"}],"collection":[{"href":"https:\/\/www.unesen.ca\/press\/index.php?rest_route=\/wp\/v2\/posts"}],"about":[{"href":"https:\/\/www.unesen.ca\/press\/index.php?rest_route=\/wp\/v2\/types\/post"}],"author":[{"embeddable":true,"href":"https:\/\/www.unesen.ca\/press\/index.php?rest_route=\/wp\/v2\/users\/6"}],"replies":[{"embeddable":true,"href":"https:\/\/www.unesen.ca\/press\/index.php?rest_route=%2Fwp%2Fv2%2Fcomments&post=8434"}],"version-history":[{"count":3,"href":"https:\/\/www.unesen.ca\/press\/index.php?rest_route=\/wp\/v2\/posts\/8434\/revisions"}],"predecessor-version":[{"id":8440,"href":"https:\/\/www.unesen.ca\/press\/index.php?rest_route=\/wp\/v2\/posts\/8434\/revisions\/8440"}],"wp:attachment":[{"href":"https:\/\/www.unesen.ca\/press\/index.php?rest_route=%2Fwp%2Fv2%2Fmedia&parent=8434"}],"wp:term":[{"taxonomy":"category","embeddable":true,"href":"https:\/\/www.unesen.ca\/press\/index.php?rest_route=%2Fwp%2Fv2%2Fcategories&post=8434"},{"taxonomy":"post_tag","embeddable":true,"href":"https:\/\/www.unesen.ca\/press\/index.php?rest_route=%2Fwp%2Fv2%2Ftags&post=8434"}],"curies":[{"name":"wp","href":"https:\/\/api.w.org\/{rel}","templated":true}]}}