{"id":8426,"date":"2020-09-14T07:04:03","date_gmt":"2020-09-14T12:04:03","guid":{"rendered":"http:\/\/fr.une-sen.org\/press\/?p=8426"},"modified":"2020-09-14T07:04:04","modified_gmt":"2020-09-14T12:04:04","slug":"suspension-des-echeances-protocole-pour-les-reunions-en-personne-et-election-des-delegations-et-des-suppleances","status":"publish","type":"post","link":"https:\/\/www.unesen.ca\/press\/?p=8426&amp;lang=fr","title":{"rendered":"Suspension des \u00e9ch\u00e9ances, protocole pour les r\u00e9unions en personne et \u00e9lection des d\u00e9l\u00e9gations et des suppl\u00e9ances"},"content":{"rendered":"\n<figure class=\"wp-block-image size-large\"><img loading=\"lazy\" width=\"1024\" height=\"538\" src=\"http:\/\/www.une-sen.org\/press\/wp-content\/uploads\/2020\/09\/Covid-1-1024x538.png\" alt=\"\" class=\"wp-image-8427\" srcset=\"https:\/\/www.unesen.ca\/press\/wp-content\/uploads\/2020\/09\/Covid-1-1024x538.png 1024w, https:\/\/www.unesen.ca\/press\/wp-content\/uploads\/2020\/09\/Covid-1-300x158.png 300w, https:\/\/www.unesen.ca\/press\/wp-content\/uploads\/2020\/09\/Covid-1-768x403.png 768w, https:\/\/www.unesen.ca\/press\/wp-content\/uploads\/2020\/09\/Covid-1.png 1200w\" sizes=\"(max-width: 767px) 89vw, (max-width: 1000px) 54vw, (max-width: 1071px) 543px, 580px\" \/><\/figure>\n\n\n\n<p>Vous trouverez en pi\u00e8ce jointe un communiqu\u00e9 ex\u00e9cutif important du Pr\u00e9sident national de l\u2019AFPC.<\/p>\n\n\n\n<div class=\"wp-block-file\"><a href=\"http:\/\/www.une-sen.org\/press\/wp-content\/uploads\/2020\/09\/XO-13-20TimelinesCOVIDProtocolsElectionOfDelegates-September112020_French.pdf\">XO-13-20TimelinesCOVIDProtocolsElectionOfDelegates-September112020_French<\/a><a href=\"http:\/\/www.une-sen.org\/press\/wp-content\/uploads\/2020\/09\/XO-13-20TimelinesCOVIDProtocolsElectionOfDelegates-September112020_French.pdf\" class=\"wp-block-file__button\" download>Download<\/a><\/div>\n\n\n\n<p><\/p>\n","protected":false},"excerpt":{"rendered":"<p>Vous trouverez en pi\u00e8ce jointe un communiqu\u00e9 ex\u00e9cutif important du Pr\u00e9sident national de l\u2019AFPC.<\/p>\n","protected":false},"author":2,"featured_media":0,"comment_status":"closed","ping_status":"open","sticky":false,"template":"","format":"standard","meta":{"_links_to":"","_links_to_target":""},"categories":[],"tags":[],"_links":{"self":[{"href":"https:\/\/www.unesen.ca\/press\/index.php?rest_route=\/wp\/v2\/posts\/8426"}],"collection":[{"href":"https:\/\/www.unesen.ca\/press\/index.php?rest_route=\/wp\/v2\/posts"}],"about":[{"href":"https:\/\/www.unesen.ca\/press\/index.php?rest_route=\/wp\/v2\/types\/post"}],"author":[{"embeddable":true,"href":"https:\/\/www.unesen.ca\/press\/index.php?rest_route=\/wp\/v2\/users\/2"}],"replies":[{"embeddable":true,"href":"https:\/\/www.unesen.ca\/press\/index.php?rest_route=%2Fwp%2Fv2%2Fcomments&post=8426"}],"version-history":[{"count":1,"href":"https:\/\/www.unesen.ca\/press\/index.php?rest_route=\/wp\/v2\/posts\/8426\/revisions"}],"predecessor-version":[{"id":8429,"href":"https:\/\/www.unesen.ca\/press\/index.php?rest_route=\/wp\/v2\/posts\/8426\/revisions\/8429"}],"wp:attachment":[{"href":"https:\/\/www.unesen.ca\/press\/index.php?rest_route=%2Fwp%2Fv2%2Fmedia&parent=8426"}],"wp:term":[{"taxonomy":"category","embeddable":true,"href":"https:\/\/www.unesen.ca\/press\/index.php?rest_route=%2Fwp%2Fv2%2Fcategories&post=8426"},{"taxonomy":"post_tag","embeddable":true,"href":"https:\/\/www.unesen.ca\/press\/index.php?rest_route=%2Fwp%2Fv2%2Ftags&post=8426"}],"curies":[{"name":"wp","href":"https:\/\/api.w.org\/{rel}","templated":true}]}}