{"id":8409,"date":"2020-08-31T08:54:43","date_gmt":"2020-08-31T13:54:43","guid":{"rendered":"http:\/\/fr.une-sen.org\/press\/?p=8409"},"modified":"2020-08-31T08:56:22","modified_gmt":"2020-08-31T13:56:22","slug":"milieux-de-travail-axes-sur-les-activites-la-sante-des-fonctionnaires-doit-passer-avant-tout","status":"publish","type":"post","link":"https:\/\/www.unesen.ca\/press\/?p=8409&amp;lang=fr","title":{"rendered":"Milieux de travail ax\u00e9s sur les activit\u00e9s : la sant\u00e9 des fonctionnaires doit passer avant tout"},"content":{"rendered":"\n<figure class=\"wp-block-image size-large\"><img loading=\"lazy\" width=\"1024\" height=\"538\" src=\"http:\/\/www.une-sen.org\/press\/wp-content\/uploads\/2020\/08\/Worker-2-1024x538.png\" alt=\"\" class=\"wp-image-8410\" srcset=\"https:\/\/www.unesen.ca\/press\/wp-content\/uploads\/2020\/08\/Worker-2-1024x538.png 1024w, https:\/\/www.unesen.ca\/press\/wp-content\/uploads\/2020\/08\/Worker-2-300x158.png 300w, https:\/\/www.unesen.ca\/press\/wp-content\/uploads\/2020\/08\/Worker-2-768x403.png 768w, https:\/\/www.unesen.ca\/press\/wp-content\/uploads\/2020\/08\/Worker-2.png 1200w\" sizes=\"(max-width: 767px) 89vw, (max-width: 1000px) 54vw, (max-width: 1071px) 543px, 580px\" \/><\/figure>\n\n\n\n<p id=\"block-04c235aa-69df-4f67-95d5-f4c6e813ac73\">Le Conseil du Tr\u00e9sor poursuit l\u2019implantation des milieux de travail ax\u00e9s sur les activit\u00e9s (MTAA), un concept qui pose probl\u00e8me compte tenu des consignes sanitaires visant \u00e0 stopper la propagation de la COVID-19. Selon ce mod\u00e8le, personne n\u2019a de place assign\u00e9e. Des milliers de travailleurs seront donc oblig\u00e9s de partager les m\u00eames pupitres et surfaces, risquant ainsi d\u2019\u00eatre expos\u00e9s au virus. Mais au lieu de ralentir la transition vers les MTAA, le gouvernement va de l\u2019avant \u00e0 grande vitesse, ce qui aura des r\u00e9percussions dangereuses pour la sant\u00e9 et la s\u00e9curit\u00e9 des membres de l\u2019AFPC.<\/p>\n\n\n\n<p id=\"block-3f0d83dd-3acc-49be-a35a-d3f957a8fece\">Face aux pr\u00e9occupations l\u00e9gitimes des fonctionnaires en mati\u00e8re de sant\u00e9 et de s\u00e9curit\u00e9, le Secr\u00e9tariat du Conseil du Tr\u00e9sor a fait preuve d\u2019une attitude m\u00e9prisante. Il leur a simplement sugg\u00e9r\u00e9 de nettoyer leurs bureaux et de faire des r\u00e9servations par le biais d\u2019un syst\u00e8me de r\u00e9servation d\u00e9j\u00e0 d\u00e9faillant.<\/p>\n\n\n\n<p id=\"block-02db87a8-0e57-4c12-8e2c-3b3610551218\">Les MTAA pr\u00e9sentent aussi des d\u00e9fis particuliers pour les travailleurs vuln\u00e9rables, et il faut les relever. Il faut aussi revoir les d\u00e9cisions sur les MTAA qui ont \u00e9t\u00e9 prises avant la pand\u00e9mie mondiale. Le gouvernement f\u00e9d\u00e9ral doit s\u2019adapter, comme l\u2019ont fait les fonctionnaires f\u00e9d\u00e9raux au cours des derniers mois.<\/p>\n\n\n\n<p id=\"block-80c9e607-3125-4c6f-9155-c09e0dcaaaae\">L\u2019AFPC recommande d\u2019adopter les m\u00eames protocoles que ceux que nous aimerions voir \u00e9tablis dans les \u00e9coles, car des places assign\u00e9es sont nettement plus s\u00e9curitaires que des places non assign\u00e9es. Acc\u00e9l\u00e9rer la mise en place des MTAA augmentera le risque pour les membres de l\u2019AFPC, leur famille et leur communaut\u00e9.<\/p>\n\n\n\n<p id=\"block-7adb25cc-b7a4-412c-8159-3de1d4a57f99\">L\u2019AFPC demande au gouvernement&nbsp;:<\/p>\n\n\n\n<ul id=\"block-9cbabdfd-72c1-40e9-83d1-d5bd6f19b84e\"><li>de ralentir la transition vers les MTAA et de revenir \u00e0 des places assign\u00e9es durant la pand\u00e9mie et apr\u00e8s;<\/li><li>d\u2019embaucher pour une dur\u00e9e ind\u00e9termin\u00e9e du personnel bien form\u00e9 pour nettoyer et d\u00e9sinfecter les bureaux plut\u00f4t que de compter sur des personnes qui nettoient de fa\u00e7on in\u00e9gale et sans formation suffisante;<\/li><li>de g\u00e9rer le retour au travail des fonctionnaires qui ont travaill\u00e9 \u00e0 domicile en tenant compte des principes d\u2019\u00e9quit\u00e9, d\u2019autant plus que les femmes, les personnes racialis\u00e9es, les Autochtones et les m\u00e9nages \u00e0 faible revenu ont \u00e9t\u00e9 touch\u00e9s de mani\u00e8re disproportionn\u00e9e par la COVID-19;<\/li><li>de permettre aux fonctionnaires qui vivent avec une personne immunod\u00e9ficiente de continuer \u00e0 travailler \u00e0 distance pour r\u00e9duire au minimum les risques de contagion dans leur foyer jusqu\u2019\u00e0 la mise au point d\u2019un vaccin;<\/li><li>de veiller \u00e0 ce que tous les lieux de travail soient accessibles;<\/li><li>de trouver des solutions de rechange pour les personnes ayant un handicap afin de les aider \u00e0 nettoyer leur espace de travail.<\/li><\/ul>\n\n\n\n<p id=\"block-aecd5ad3-66c9-4f90-8383-c30c44f74d38\">Tous les agents n\u00e9gociateurs f\u00e9d\u00e9raux collaborent pour inciter le gouvernement \u00e0 traiter ces questions li\u00e9es aux MTAA. L\u2019AFPC continuera de prot\u00e9ger la sant\u00e9 et la s\u00e9curit\u00e9 de ses membres durant la pand\u00e9mie et lorsqu\u2019ils retourneront progressivement au travail.<\/p>\n","protected":false},"excerpt":{"rendered":"<p>Le Conseil du Tr\u00e9sor poursuit l\u2019implantation des milieux de travail ax\u00e9s sur les activit\u00e9s (MTAA), un concept qui pose probl\u00e8me compte tenu des consignes sanitaires visant \u00e0 stopper la propagation de la COVID-19. Selon ce mod\u00e8le, personne n\u2019a de place assign\u00e9e. Des milliers de travailleurs seront donc oblig\u00e9s de partager les m\u00eames pupitres et surfaces, &hellip; <\/p>\n<p class=\"link-more\"><a href=\"https:\/\/www.unesen.ca\/press\/?p=8409&#038;lang=fr\" class=\"more-link\">>><span class=\"screen-reader-text\"> &#8220;Milieux de travail ax\u00e9s sur les activit\u00e9s : la sant\u00e9 des fonctionnaires doit passer avant tout&#8221;<\/span><\/a><\/p>\n","protected":false},"author":2,"featured_media":0,"comment_status":"closed","ping_status":"open","sticky":false,"template":"","format":"standard","meta":{"_links_to":"","_links_to_target":""},"categories":[],"tags":[],"_links":{"self":[{"href":"https:\/\/www.unesen.ca\/press\/index.php?rest_route=\/wp\/v2\/posts\/8409"}],"collection":[{"href":"https:\/\/www.unesen.ca\/press\/index.php?rest_route=\/wp\/v2\/posts"}],"about":[{"href":"https:\/\/www.unesen.ca\/press\/index.php?rest_route=\/wp\/v2\/types\/post"}],"author":[{"embeddable":true,"href":"https:\/\/www.unesen.ca\/press\/index.php?rest_route=\/wp\/v2\/users\/2"}],"replies":[{"embeddable":true,"href":"https:\/\/www.unesen.ca\/press\/index.php?rest_route=%2Fwp%2Fv2%2Fcomments&post=8409"}],"version-history":[{"count":1,"href":"https:\/\/www.unesen.ca\/press\/index.php?rest_route=\/wp\/v2\/posts\/8409\/revisions"}],"predecessor-version":[{"id":8411,"href":"https:\/\/www.unesen.ca\/press\/index.php?rest_route=\/wp\/v2\/posts\/8409\/revisions\/8411"}],"wp:attachment":[{"href":"https:\/\/www.unesen.ca\/press\/index.php?rest_route=%2Fwp%2Fv2%2Fmedia&parent=8409"}],"wp:term":[{"taxonomy":"category","embeddable":true,"href":"https:\/\/www.unesen.ca\/press\/index.php?rest_route=%2Fwp%2Fv2%2Fcategories&post=8409"},{"taxonomy":"post_tag","embeddable":true,"href":"https:\/\/www.unesen.ca\/press\/index.php?rest_route=%2Fwp%2Fv2%2Ftags&post=8409"}],"curies":[{"name":"wp","href":"https:\/\/api.w.org\/{rel}","templated":true}]}}