{"id":8389,"date":"2020-08-19T10:47:44","date_gmt":"2020-08-19T15:47:44","guid":{"rendered":"http:\/\/fr.une-sen.org\/press\/?p=8389"},"modified":"2020-08-19T10:47:46","modified_gmt":"2020-08-19T15:47:46","slug":"mise-a-jour-rapide-sur-les-activites-du-sen","status":"publish","type":"post","link":"https:\/\/www.unesen.ca\/press\/?p=8389&amp;lang=fr","title":{"rendered":"Mise \u00e0 jour rapide sur les activit\u00e9s du SEN"},"content":{"rendered":"\n<figure class=\"wp-block-image size-large\"><img loading=\"lazy\" width=\"1024\" height=\"538\" src=\"http:\/\/www.une-sen.org\/press\/wp-content\/uploads\/2020\/08\/UNEUpdate-f-1024x538.png\" alt=\"\" class=\"wp-image-8390\" srcset=\"https:\/\/www.unesen.ca\/press\/wp-content\/uploads\/2020\/08\/UNEUpdate-f-1024x538.png 1024w, https:\/\/www.unesen.ca\/press\/wp-content\/uploads\/2020\/08\/UNEUpdate-f-300x158.png 300w, https:\/\/www.unesen.ca\/press\/wp-content\/uploads\/2020\/08\/UNEUpdate-f-768x403.png 768w, https:\/\/www.unesen.ca\/press\/wp-content\/uploads\/2020\/08\/UNEUpdate-f.png 1200w\" sizes=\"(max-width: 767px) 89vw, (max-width: 1000px) 54vw, (max-width: 1071px) 543px, 580px\" \/><\/figure>\n\n\n\n<p>Cinq mois apr\u00e8s le d\u00e9but de la pand\u00e9mie, le SEN continue de veiller \u00e0 ce que ses membres soient bien repr\u00e9sent\u00e9s. Bien que le personnel travaille \u00e0 domicile, les activit\u00e9s syndicales demeurent les m\u00eames, dans la mesure du possible. Les membres du personnel ont acc\u00e8s aux ressources \u00e9lectroniques depuis leur bureau \u00e0 domicile et continuent de faire avancer les dossiers importants. Le bureau du SEN reste ferm\u00e9 aux visiteurs pour le moment.<\/p>\n\n\n\n<p>Le Congr\u00e8s a \u00e9t\u00e9 provisoirement reprogramm\u00e9 pour juillet&nbsp;2021. Les annonces concernant l\u2019inscription des d\u00e9l\u00e9gu\u00e9es et d\u00e9l\u00e9gu\u00e9s seront publi\u00e9es en janvier, au fur et \u00e0 mesure que la situation s\u2019\u00e9claircira. Une convocation au Congr\u00e8s sera publi\u00e9e de nouveau.<\/p>\n\n\n\n<p>On encourage les sections locales \u00e0 tenir des assembl\u00e9es g\u00e9n\u00e9rales par voie virtuelle ou dans un lieu physique o\u00f9 les protocoles de distanciation sociale peuvent \u00eatre respect\u00e9s. Les proc\u00e8s-verbaux des r\u00e9unions et les r\u00e9sultats des \u00e9lections doivent \u00eatre transmis \u00e0 notre section des membres.<\/p>\n\n\n\n<p>L\u2019Ex\u00e9cutif national du SEN s\u2019est r\u00e9uni \u00e0 intervalles r\u00e9guliers par t\u00e9l\u00e9conf\u00e9rence au cours des cinq derniers mois. La prochaine \u00e9tape sera la tenue d\u2019une r\u00e9union virtuelle compl\u00e8te les&nbsp;6 et&nbsp;7&nbsp;octobre. Le groupe disposera d\u2019un ordre du jour complet comprenant les rapports des comit\u00e9s permanents.<\/p>\n\n\n\n<p>Enfin et surtout, l\u2019AFPC est parvenue \u00e0 des ententes de principe pour tous les groupes du Conseil du Tr\u00e9sor, et les <a href=\"http:\/\/fr.une-sen.org\/press\/?p=8346\">votes de ratification<\/a> auront lieu entre le 24&nbsp;ao\u00fbt et le 29&nbsp;septembre. L\u2019\u00e9quipe de n\u00e9gociation de Parcs Canada retournera \u00e0 la table le 24&nbsp;ao\u00fbt&nbsp;2020. D\u2019autres groupes patronaux distincts ont poursuivi leur calendrier de n\u00e9gociation.<\/p>\n","protected":false},"excerpt":{"rendered":"<p>Cinq mois apr\u00e8s le d\u00e9but de la pand\u00e9mie, le SEN continue de veiller \u00e0 ce que ses membres soient bien repr\u00e9sent\u00e9s. Bien que le personnel travaille \u00e0 domicile, les activit\u00e9s syndicales demeurent les m\u00eames, dans la mesure du possible. Les membres du personnel ont acc\u00e8s aux ressources \u00e9lectroniques depuis leur bureau \u00e0 domicile et continuent &hellip; <\/p>\n<p class=\"link-more\"><a href=\"https:\/\/www.unesen.ca\/press\/?p=8389&#038;lang=fr\" class=\"more-link\">>><span class=\"screen-reader-text\"> &#8220;Mise \u00e0 jour rapide sur les activit\u00e9s du SEN&#8221;<\/span><\/a><\/p>\n","protected":false},"author":2,"featured_media":0,"comment_status":"closed","ping_status":"open","sticky":false,"template":"","format":"standard","meta":{"_links_to":"","_links_to_target":""},"categories":[],"tags":[],"_links":{"self":[{"href":"https:\/\/www.unesen.ca\/press\/index.php?rest_route=\/wp\/v2\/posts\/8389"}],"collection":[{"href":"https:\/\/www.unesen.ca\/press\/index.php?rest_route=\/wp\/v2\/posts"}],"about":[{"href":"https:\/\/www.unesen.ca\/press\/index.php?rest_route=\/wp\/v2\/types\/post"}],"author":[{"embeddable":true,"href":"https:\/\/www.unesen.ca\/press\/index.php?rest_route=\/wp\/v2\/users\/2"}],"replies":[{"embeddable":true,"href":"https:\/\/www.unesen.ca\/press\/index.php?rest_route=%2Fwp%2Fv2%2Fcomments&post=8389"}],"version-history":[{"count":1,"href":"https:\/\/www.unesen.ca\/press\/index.php?rest_route=\/wp\/v2\/posts\/8389\/revisions"}],"predecessor-version":[{"id":8391,"href":"https:\/\/www.unesen.ca\/press\/index.php?rest_route=\/wp\/v2\/posts\/8389\/revisions\/8391"}],"wp:attachment":[{"href":"https:\/\/www.unesen.ca\/press\/index.php?rest_route=%2Fwp%2Fv2%2Fmedia&parent=8389"}],"wp:term":[{"taxonomy":"category","embeddable":true,"href":"https:\/\/www.unesen.ca\/press\/index.php?rest_route=%2Fwp%2Fv2%2Fcategories&post=8389"},{"taxonomy":"post_tag","embeddable":true,"href":"https:\/\/www.unesen.ca\/press\/index.php?rest_route=%2Fwp%2Fv2%2Ftags&post=8389"}],"curies":[{"name":"wp","href":"https:\/\/api.w.org\/{rel}","templated":true}]}}