{"id":8366,"date":"2020-08-13T07:37:51","date_gmt":"2020-08-13T12:37:51","guid":{"rendered":"http:\/\/fr.une-sen.org\/press\/?p=8366"},"modified":"2020-08-13T09:50:12","modified_gmt":"2020-08-13T14:50:12","slug":"la-journee-du-multiculturalisme-au-sen-3","status":"publish","type":"post","link":"https:\/\/www.unesen.ca\/press\/?p=8366&amp;lang=fr","title":{"rendered":"la Journ\u00e9e du multiculturalisme au SEN"},"content":{"rendered":"\n<figure class=\"wp-block-image size-large\"><img loading=\"lazy\" width=\"1024\" height=\"538\" src=\"http:\/\/www.une-sen.org\/press\/wp-content\/uploads\/2020\/08\/UNEMulticulturalismDay2020-f-1024x538.png\" alt=\"\" class=\"wp-image-8368\" srcset=\"https:\/\/www.unesen.ca\/press\/wp-content\/uploads\/2020\/08\/UNEMulticulturalismDay2020-f-1024x538.png 1024w, https:\/\/www.unesen.ca\/press\/wp-content\/uploads\/2020\/08\/UNEMulticulturalismDay2020-f-300x158.png 300w, https:\/\/www.unesen.ca\/press\/wp-content\/uploads\/2020\/08\/UNEMulticulturalismDay2020-f-768x403.png 768w, https:\/\/www.unesen.ca\/press\/wp-content\/uploads\/2020\/08\/UNEMulticulturalismDay2020-f.png 1200w\" sizes=\"(max-width: 767px) 89vw, (max-width: 1000px) 54vw, (max-width: 1071px) 543px, 580px\" \/><\/figure>\n\n\n\n<p>Par Hayley Millington<\/p>\n\n\n\n<p>Le multiculturalisme. L\u2019id\u00e9e en soi t\u00e9moigne d\u2019une id\u00e9ologie, d\u2019une politique adopt\u00e9e par le gouvernement du Canada qui a donn\u00e9 naissance \u00e0 la perception selon laquelle les gens issus de diff\u00e9rentes cultures peuvent coexister au sein de la soci\u00e9t\u00e9 \u00e9largie. Pour l\u2019essentiel, le multiculturalisme se d\u00e9finit comme la coexistence de diverses cultures compos\u00e9es de groupes raciaux, religieux ou culturels, se manifeste dans des comportements coutumiers et des pr\u00e9suppos\u00e9s culturels et privil\u00e9gie divers modes de pens\u00e9e et styles de communication. Les Canadiens consid\u00e8rent le m\u00e9lange culturel comme leur propre mosa\u00efque multiculturelle.\u00a0<\/p>\n\n\n\n<p>En lisant l\u2019article, vous vous demanderez peut-\u00eatre ce que suppose exactement le multiculturalisme. Eh bien ici, au Canada, au c\u0153ur du multiculturalisme reposait l\u2019immigration, qui se voyait accorder une position d\u2019importance sociale. Sur le plan historique, durant les ann\u00e9es&nbsp;1970 et 1980, le gouvernement canadien a officiellement adopt\u00e9 le multiculturalisme, et cela se refl\u00e8te dans sa l\u00e9gislation, dont la <em>Loi sur le multiculturalisme canadien<\/em> de 1988 et l\u2019article&nbsp;27 de la <em>Charte canadienne des droits et libert\u00e9s<\/em>. La politique elle-m\u00eame est g\u00e9r\u00e9e par le minist\u00e8re du Patrimoine canadien.<\/p>\n\n\n\n<p>Le 27 juin&nbsp;2003, le Canada a c\u00e9l\u00e9br\u00e9 sa premi\u00e8re Journ\u00e9e du multiculturalisme, occasion pour les Canadiens de s\u2019impr\u00e9gner de l\u2019unicit\u00e9 de la mosa\u00efque culturelle du pays, ainsi que des contributions des populations immigrantes et des communaut\u00e9s culturelles du Canada et de nos valeurs communes.<\/p>\n\n\n\n<p>On peut dire que l\u2019ouverture dont fait preuve le Canada a fa\u00e7onn\u00e9 la soci\u00e9t\u00e9 en g\u00e9n\u00e9ral et, plus tard, notre mode de vie. En immigrant ici, des gens de partout dans le monde ont fait du Canada leur chez-soi en esp\u00e9rant obtenir, si j\u2019ose dire, les m\u00eames possibilit\u00e9s et privil\u00e8ges que tous les Canadiens.<\/p>\n\n\n\n<p>En tant que femme noire canado-trinidadienne issue d\u2019une population immigrante, j\u2019aimerais mettre en lumi\u00e8re la r\u00e9alit\u00e9, peu importe le caract\u00e8re inappropri\u00e9 du terme \u00ab&nbsp;multiculturalisme&nbsp;\u00bb. Au cours des derni\u00e8res semaines, nous avons connu un autre r\u00e9veil brutal&nbsp;: les \u00e9v\u00e9nements actuels n\u2019ont servi qu\u2019\u00e0 d\u00e9construire la croyance voulant que le Canada est \u00e0 l\u2019abri du racisme. Cette croyance, aliment\u00e9e par le sentiment que le Canada, contrairement aux \u00c9tats-Unis, a exerc\u00e9 une tol\u00e9rance raciale, remonte au r\u00f4le du pays dans le chemin de fer clandestin et \u00e0 sa qualit\u00e9 de refuge s\u00fbr pour les esclaves en fuite. Des \u00ab&nbsp;histoires&nbsp;\u00bb comme celles-l\u00e0 ont enfl\u00e9 la perception que le Canada a de lui-m\u00eame et ont m\u00eame contribu\u00e9 \u00e0 l\u2019image du Canada sur la sc\u00e8ne mondiale. Cette perception et cette image ont procur\u00e9 \u00e0 ses habitants un faux sentiment de s\u00e9curit\u00e9 qui nie l\u2019existence du racisme comme r\u00e9alit\u00e9 tangible tandis que les Canadiens noirs font face \u00e0 du racisme syst\u00e9mique sur tous les plans.<\/p>\n\n\n\n<p>Le multiculturalisme ne nous a aucunement permis d\u2019\u00eatre un pays et une soci\u00e9t\u00e9 immunis\u00e9s contre la perversion d\u2019une vie confront\u00e9e \u00e0 l\u2019in\u00e9galit\u00e9 et \u00e0 l\u2019injustice raciale. Rappelons-nous tous que nous ne sommes pas encore parvenus \u00e0 une soci\u00e9t\u00e9 r\u00e9ellement multiculturelle; il reste beaucoup de travail \u00e0 faire.<\/p>\n\n\n\n<p>La force du Canada r\u00e9side dans sa diversit\u00e9, et on ne saurait maintenant fermer les yeux et rater l\u2019occasion d\u2019\u00e9radiquer les politiques et les pratiques racistes inh\u00e9rentes qui entachent les institutions et le paysage multiculturels du Canada tout en souillant la vision du Canada, soit celle d\u2019une soci\u00e9t\u00e9 qui valorise v\u00e9ritablement la diversit\u00e9 et la richesse ainsi que les contributions de tous ses citoyens.<\/p>\n\n\n\n<p>Je m\u2019en voudrais de ne pas mentionner comment le multiculturalisme et l\u2019inclusivit\u00e9 semblent \u00eatre un objectif lointain, puisqu\u2019ils demeurent des occasions perdues et insaisissables pour les premiers habitants de notre pays, dont les difficult\u00e9s pass\u00e9es et pr\u00e9sentes continuent d\u2019\u00eatre ignor\u00e9es, m\u00e9pris\u00e9es et \u00e9cart\u00e9es.<\/p>\n\n\n\n<p>Ces concepts devraient aller de soi pour tous ceux qui appellent cette patrie, que ce soit par un droit de naissance, par la naissance ou par l\u2019immigration, leur chez-soi.&nbsp;&nbsp; &nbsp;<\/p>\n\n\n\n<p>En toute solidarit\u00e9, je vous demande de vous lever, de prendre la parole, de devenir un alli\u00e9 et de vous ranger du c\u00f4t\u00e9 de vos concitoyens qui continuent de vivre leur quotidien en souffrant de la pestilence du racisme et de la discrimination. Une soci\u00e9t\u00e9 multiculturelle refl\u00e8te le sens r\u00e9el de l\u2019inclusivit\u00e9 et ne le fait pas dans le seul but de c\u00e9l\u00e9brer la culture d\u2019autrui ou d\u2019y go\u00fbter. Cela n\u00e9cessite l\u2019engagement et l\u2019attention de chacun. Les \u00e9v\u00e9nements r\u00e9cents l\u2019exigent.<\/p>\n\n\n\n<p><em>Hayley Millington est la repr\u00e9sentante nationale de l&#8217;\u00e9quit\u00e9 pour les membres de minorit\u00e9s visibles du SEN.<\/em><\/p>\n","protected":false},"excerpt":{"rendered":"<p>Par Hayley Millington Le multiculturalisme. L\u2019id\u00e9e en soi t\u00e9moigne d\u2019une id\u00e9ologie, d\u2019une politique adopt\u00e9e par le gouvernement du Canada qui a donn\u00e9 naissance \u00e0 la perception selon laquelle les gens issus de diff\u00e9rentes cultures peuvent coexister au sein de la soci\u00e9t\u00e9 \u00e9largie. Pour l\u2019essentiel, le multiculturalisme se d\u00e9finit comme la coexistence de diverses cultures compos\u00e9es &hellip; <\/p>\n<p class=\"link-more\"><a href=\"https:\/\/www.unesen.ca\/press\/?p=8366&#038;lang=fr\" class=\"more-link\">>><span class=\"screen-reader-text\"> &#8220;la Journ\u00e9e du multiculturalisme au SEN&#8221;<\/span><\/a><\/p>\n","protected":false},"author":2,"featured_media":0,"comment_status":"closed","ping_status":"open","sticky":false,"template":"","format":"standard","meta":{"_links_to":"","_links_to_target":""},"categories":[],"tags":[],"_links":{"self":[{"href":"https:\/\/www.unesen.ca\/press\/index.php?rest_route=\/wp\/v2\/posts\/8366"}],"collection":[{"href":"https:\/\/www.unesen.ca\/press\/index.php?rest_route=\/wp\/v2\/posts"}],"about":[{"href":"https:\/\/www.unesen.ca\/press\/index.php?rest_route=\/wp\/v2\/types\/post"}],"author":[{"embeddable":true,"href":"https:\/\/www.unesen.ca\/press\/index.php?rest_route=\/wp\/v2\/users\/2"}],"replies":[{"embeddable":true,"href":"https:\/\/www.unesen.ca\/press\/index.php?rest_route=%2Fwp%2Fv2%2Fcomments&post=8366"}],"version-history":[{"count":3,"href":"https:\/\/www.unesen.ca\/press\/index.php?rest_route=\/wp\/v2\/posts\/8366\/revisions"}],"predecessor-version":[{"id":8373,"href":"https:\/\/www.unesen.ca\/press\/index.php?rest_route=\/wp\/v2\/posts\/8366\/revisions\/8373"}],"wp:attachment":[{"href":"https:\/\/www.unesen.ca\/press\/index.php?rest_route=%2Fwp%2Fv2%2Fmedia&parent=8366"}],"wp:term":[{"taxonomy":"category","embeddable":true,"href":"https:\/\/www.unesen.ca\/press\/index.php?rest_route=%2Fwp%2Fv2%2Fcategories&post=8366"},{"taxonomy":"post_tag","embeddable":true,"href":"https:\/\/www.unesen.ca\/press\/index.php?rest_route=%2Fwp%2Fv2%2Ftags&post=8366"}],"curies":[{"name":"wp","href":"https:\/\/api.w.org\/{rel}","templated":true}]}}