{"id":8352,"date":"2020-08-10T06:49:51","date_gmt":"2020-08-10T11:49:51","guid":{"rendered":"http:\/\/fr.une-sen.org\/press\/?p=8352"},"modified":"2020-08-10T06:49:51","modified_gmt":"2020-08-10T11:49:51","slug":"lafpc-sinsurge-contre-les-rapports-trompeurs-sur-le-regime-de-pension-de-retraite-federal","status":"publish","type":"post","link":"https:\/\/www.unesen.ca\/press\/?p=8352&amp;lang=fr","title":{"rendered":"L\u2019AFPC s\u2019insurge contre les rapports trompeurs sur le r\u00e9gime de pension de retraite f\u00e9d\u00e9ral"},"content":{"rendered":"<p><img loading=\"lazy\" class=\"alignnone size-full wp-image-8353\" src=\"http:\/\/www.une-sen.org\/press\/wp-content\/uploads\/2020\/08\/Pension-1.png\" alt=\"\" width=\"1200\" height=\"630\" srcset=\"https:\/\/www.unesen.ca\/press\/wp-content\/uploads\/2020\/08\/Pension-1.png 1200w, https:\/\/www.unesen.ca\/press\/wp-content\/uploads\/2020\/08\/Pension-1-300x158.png 300w, https:\/\/www.unesen.ca\/press\/wp-content\/uploads\/2020\/08\/Pension-1-1024x538.png 1024w, https:\/\/www.unesen.ca\/press\/wp-content\/uploads\/2020\/08\/Pension-1-768x403.png 768w\" sizes=\"(max-width: 767px) 89vw, (max-width: 1000px) 54vw, (max-width: 1071px) 543px, 580px\" \/><\/p>\n<div class=\"field field-name-body field-type-text-with-summary field-label-hidden view-mode-full\">\n<div class=\"field-items\">\n<div class=\"field-item even\">\n<p>L\u2019AFPC demande au gouvernement de renoncer aux changements qu\u2019il a apport\u00e9s \u00e0 sa m\u00e9thode de d\u00e9claration des co\u00fbts des pensions f\u00e9d\u00e9rales, parce qu\u2019il rend ces co\u00fbts instables.<\/p>\n<p>Les d\u00e9cisions touchant la comptabilit\u00e9 des r\u00e9gimes de retraite peuvent avoir une incidence profonde sur la fa\u00e7on dont les gouvernements d\u00e9termineront l\u2019abordabilit\u00e9 et la viabilit\u00e9 du R\u00e9gime de retraite des travailleuses et des travailleurs. Les changements en question ont \u00e9t\u00e9 effectu\u00e9s en 2018; l\u2019\u00e9valuation du passif des r\u00e9gimes de retraite d\u2019avant 2000 a faussement laiss\u00e9 croire que tout le passif devait \u00eatre rembours\u00e9 cette ann\u00e9e-l\u00e0. L\u2019AFPC a r\u00e9cemment soumis au gouvernement f\u00e9d\u00e9ral une proposition de m\u00e9thode comptable \u00e9quitable qui refl\u00e8te mieux le co\u00fbt r\u00e9el du r\u00e9gime de retraite.<\/p>\n<p>Les membres de l\u2019AFPC sont les principaux b\u00e9n\u00e9ficiaires du\u00a0<a href=\"https:\/\/www.canada.ca\/fr\/secretariat-conseil-tresor\/sujets\/regime-retraite.html\"><strong>R\u00e9gime de retraite de la fonction publique<\/strong><\/a>\u00a0(RRFP) et du\u00a0<a href=\"http:\/\/www.rssfp.ca\/?__utma=217037847.1151673684.1595989648.1595989648.1596825009.2&amp;__utmb=217037847.1.10.1596825009&amp;__utmc=217037847&amp;__utmx=-&amp;__utmz=217037847.1595989648.1.1.utmcsr=google|utmccn=(organic)|utmcmd=organic|utmctr=(not%20provided)&amp;__utmv=-&amp;__utmk=136255986\"><strong>R\u00e9gime de soins de sant\u00e9 de la fonction publique<\/strong><\/a>\u00a0(RSSFP). Ces deux r\u00e9gimes repr\u00e9sentent la plus grande part des r\u00e9gimes de retraite des employ\u00e9s et des autres avantages futurs compris dans les rapports financiers du gouvernement f\u00e9d\u00e9ral. C\u2019est pourquoi des conservateurs sur le plan financier, qui revendiquent sans cesse des r\u00e9ductions dans les d\u00e9penses de la fonction publique, en font fr\u00e9quemment leur cible.<\/p>\n<p>Dans son m\u00e9moire au minist\u00e8re des Finances, le syndicat fait valoir que les pensions sont en fait une r\u00e9mun\u00e9ration diff\u00e9r\u00e9e que les membres gagnent tout au long de leur carri\u00e8re. La pension et les avantages que re\u00e7oivent les fonctionnaires retrait\u00e9s ne sont donc pas un cadeau des contribuables, mais plut\u00f4t un droit acquis. Les pensions doivent \u00eatre vues comme une obligation \u00e0 long terme de l\u2019employeur; or les m\u00e9thodes comptables que le gouvernement a choisies donnent l\u2019impression que le r\u00e9gime de retraite est plus co\u00fbteux qu\u2019il ne l\u2019est r\u00e9ellement en raison des fluctuations \u00e0 court terme du march\u00e9. L\u2019AFPC exhorte le gouvernement \u00e0 choisir des m\u00e9thodes d\u2019\u00e9valuation et de d\u00e9claration \u00e0 la fois transparentes et justes.<\/p>\n<p>Votre syndicat poursuivra ses efforts afin d\u2019assurer la s\u00e9curit\u00e9, la viabilit\u00e9 et le financement ad\u00e9quat de votre r\u00e9gime de retraite.<\/p>\n<p>Lisez notre m\u00e9moire au gouvernement f\u00e9d\u00e9ral\u00a0<a href=\"http:\/\/syndicatafpc.ca\/sites\/psac\/files\/attachments\/pdfs\/psac_submission_pension_and_benefit_plans_-_gains_and_losses_fr.pdf\"><strong>ici<\/strong><\/a>.<\/p>\n<\/div>\n<\/div>\n<\/div>\n<div class=\"field field-name-field-attachments\">\n<div class=\"label-above\">Fichiers joints:<\/div>\n<p><span class=\"file\"><img class=\"file-icon\" title=\"application\/pdf\" src=\"http:\/\/syndicatafpc.ca\/modules\/file\/icons\/application-pdf.png\" alt=\"PDF icon\" \/>\u00a0<a href=\"http:\/\/syndicatafpc.ca\/sites\/psac\/files\/attachments\/pdfs\/psac_submission_pension_and_benefit_plans_-_gains_and_losses_fr.pdf\" type=\"application\/pdf; length=282627\">psac_submission_pension_and_benefit_plans_-_gains_and_losses_fr.pdf<\/a><\/span><\/div>\n","protected":false},"excerpt":{"rendered":"<p>L\u2019AFPC demande au gouvernement de renoncer aux changements qu\u2019il a apport\u00e9s \u00e0 sa m\u00e9thode de d\u00e9claration des co\u00fbts des pensions f\u00e9d\u00e9rales, parce qu\u2019il rend ces co\u00fbts instables. Les d\u00e9cisions touchant la comptabilit\u00e9 des r\u00e9gimes de retraite peuvent avoir une incidence profonde sur la fa\u00e7on dont les gouvernements d\u00e9termineront l\u2019abordabilit\u00e9 et la viabilit\u00e9 du R\u00e9gime de &hellip; <\/p>\n<p class=\"link-more\"><a href=\"https:\/\/www.unesen.ca\/press\/?p=8352&#038;lang=fr\" class=\"more-link\">>><span class=\"screen-reader-text\"> &#8220;L\u2019AFPC s\u2019insurge contre les rapports trompeurs sur le r\u00e9gime de pension de retraite f\u00e9d\u00e9ral&#8221;<\/span><\/a><\/p>\n","protected":false},"author":2,"featured_media":0,"comment_status":"closed","ping_status":"open","sticky":false,"template":"","format":"standard","meta":{"_links_to":"","_links_to_target":""},"categories":[],"tags":[],"_links":{"self":[{"href":"https:\/\/www.unesen.ca\/press\/index.php?rest_route=\/wp\/v2\/posts\/8352"}],"collection":[{"href":"https:\/\/www.unesen.ca\/press\/index.php?rest_route=\/wp\/v2\/posts"}],"about":[{"href":"https:\/\/www.unesen.ca\/press\/index.php?rest_route=\/wp\/v2\/types\/post"}],"author":[{"embeddable":true,"href":"https:\/\/www.unesen.ca\/press\/index.php?rest_route=\/wp\/v2\/users\/2"}],"replies":[{"embeddable":true,"href":"https:\/\/www.unesen.ca\/press\/index.php?rest_route=%2Fwp%2Fv2%2Fcomments&post=8352"}],"version-history":[{"count":1,"href":"https:\/\/www.unesen.ca\/press\/index.php?rest_route=\/wp\/v2\/posts\/8352\/revisions"}],"predecessor-version":[{"id":8354,"href":"https:\/\/www.unesen.ca\/press\/index.php?rest_route=\/wp\/v2\/posts\/8352\/revisions\/8354"}],"wp:attachment":[{"href":"https:\/\/www.unesen.ca\/press\/index.php?rest_route=%2Fwp%2Fv2%2Fmedia&parent=8352"}],"wp:term":[{"taxonomy":"category","embeddable":true,"href":"https:\/\/www.unesen.ca\/press\/index.php?rest_route=%2Fwp%2Fv2%2Fcategories&post=8352"},{"taxonomy":"post_tag","embeddable":true,"href":"https:\/\/www.unesen.ca\/press\/index.php?rest_route=%2Fwp%2Fv2%2Ftags&post=8352"}],"curies":[{"name":"wp","href":"https:\/\/api.w.org\/{rel}","templated":true}]}}