{"id":8267,"date":"2020-07-15T08:09:20","date_gmt":"2020-07-15T13:09:20","guid":{"rendered":"http:\/\/fr.une-sen.org\/press\/?p=8267"},"modified":"2020-07-15T08:09:20","modified_gmt":"2020-07-15T13:09:20","slug":"reprise-des-negos-pour-les-groupes-tc-eb-et-sv","status":"publish","type":"post","link":"https:\/\/www.unesen.ca\/press\/?p=8267&amp;lang=fr","title":{"rendered":"Reprise des n\u00e9gos pour les groupes TC, EB et SV"},"content":{"rendered":"<p><img loading=\"lazy\" class=\"alignnone size-full wp-image-8269\" src=\"http:\/\/www.une-sen.org\/press\/wp-content\/uploads\/2020\/07\/action-form-bargaining-pattern_6-news_1_1-1.png\" alt=\"\" width=\"960\" height=\"400\" srcset=\"https:\/\/www.unesen.ca\/press\/wp-content\/uploads\/2020\/07\/action-form-bargaining-pattern_6-news_1_1-1.png 960w, https:\/\/www.unesen.ca\/press\/wp-content\/uploads\/2020\/07\/action-form-bargaining-pattern_6-news_1_1-1-300x125.png 300w, https:\/\/www.unesen.ca\/press\/wp-content\/uploads\/2020\/07\/action-form-bargaining-pattern_6-news_1_1-1-768x320.png 768w\" sizes=\"(max-width: 767px) 89vw, (max-width: 1000px) 54vw, (max-width: 1071px) 543px, 580px\" \/><\/p>\n<p>14 juillet 2020<\/p>\n<p>Maintenant que l\u2019AFPC <a href=\"http:\/\/syndicatafpc.ca\/entente-sur-dedommagement-phenix-contrat-du-groupe?_ga=2.129456777.48184948.1594752280-2050668281.1558442663\" target=\"_blank\" rel=\"noopener noreferrer\"><strong>a conclu une entente pour ses membres des Services des programmes et de l\u2019administration (groupe PA)<\/strong><\/a>, trois autres groupes du Conseil du Tr\u00e9sor retourneront \u00e0 leur table de n\u00e9gociation respective.<\/p>\n<p><a href=\"http:\/\/syndicatafpc.ca\/groupe-tc?_ga=2.227987992.48184948.1594752280-2050668281.1558442663\" target=\"_blank\" rel=\"noopener noreferrer\"><strong>Les groupes TC (Services techniques)<\/strong><\/a> et <a href=\"http:\/\/syndicatafpc.ca\/groupe-eb-0?_ga=2.229661209.48184948.1594752280-2050668281.1558442663\" target=\"_blank\" rel=\"noopener noreferrer\"><strong>EB (Enseignement et biblioth\u00e9conomie)<\/strong><\/a> ont repris les pourparlers ce matin et seront \u00e0 la table<strong> jusqu\u2019\u00e0 vendredi<\/strong>. Le<a href=\"http:\/\/syndicatafpc.ca\/groupe-sv\" target=\"_blank\" rel=\"noopener noreferrer\"> <strong>groupe SV (Services de l\u2019exploitation)<\/strong> <\/a>sera en n\u00e9gociation la semaine prochaine (<strong>du 21 au 24 juillet<\/strong>).<\/p>\n<p><strong>Le groupe TC cherche \u00e0 obtenir :<\/strong><\/p>\n<ul>\n<li>la parit\u00e9 salariale avec les titulaires de postes semblables;<\/li>\n<li>des salaires comparables \u00e0 ceux de l\u2019ACIA pour la classification EG;<\/li>\n<li>des indemnit\u00e9s propres \u00e0 leur groupe;<br \/>\nune classification \u00e9quitable et une nouvelle structure des groupes professionnels.<\/li>\n<\/ul>\n<p><strong>Le groupe EB cherche \u00e0 obtenir :<\/strong><\/p>\n<ul>\n<li>la parit\u00e9 salariale avec les titulaires de postes semblables;<\/li>\n<li>de nouveau taux de r\u00e9mun\u00e9ration pour les enseignantes et enseignants du groupe ED-EST (12 mois);<\/li>\n<li>une indemnit\u00e9 pour les membres qui enseignent les langues autochtones;<\/li>\n<li>la bonification du programme de perfectionnement professionnel.<\/li>\n<\/ul>\n<p><strong>Le groupe SV cherche \u00e0 obtenir :<\/strong><\/p>\n<ul>\n<li>des rajustements salariaux;<\/li>\n<li>de meilleures indemnit\u00e9s;<\/li>\n<li>des modifications des heures de travail (de 40 hres \u00e0 37,5 hres par semaine, sans perte de salaire annuel)<\/li>\n<li>l\u2019interdiction de sous-traitance;<\/li>\n<li>et ne fera aucune concession.<\/li>\n<\/ul>\n<p>Nous vous tiendrons au courant de l\u2019issue des s\u00e9ances de n\u00e9gociation de ces groupes.<\/p>\n<p>Source : <a href=\"http:\/\/syndicatafpc.ca\/reprise-negos-groupes-tc-eb-sv?_ga=2.220617112.1490531924.1594813664-722671214.1553177201\">http:\/\/syndicatafpc.ca\/reprise-negos-groupes-tc-eb-sv?_ga=2.220617112.1490531924.1594813664-722671214.1553177201<\/a><\/p>\n","protected":false},"excerpt":{"rendered":"<p>14 juillet 2020 Maintenant que l\u2019AFPC a conclu une entente pour ses membres des Services des programmes et de l\u2019administration (groupe PA), trois autres groupes du Conseil du Tr\u00e9sor retourneront \u00e0 leur table de n\u00e9gociation respective. Les groupes TC (Services techniques) et EB (Enseignement et biblioth\u00e9conomie) ont repris les pourparlers ce matin et seront \u00e0 &hellip; <\/p>\n<p class=\"link-more\"><a href=\"https:\/\/www.unesen.ca\/press\/?p=8267&#038;lang=fr\" class=\"more-link\">>><span class=\"screen-reader-text\"> &#8220;Reprise des n\u00e9gos pour les groupes TC, EB et SV&#8221;<\/span><\/a><\/p>\n","protected":false},"author":6,"featured_media":0,"comment_status":"closed","ping_status":"open","sticky":false,"template":"","format":"standard","meta":{"_links_to":"","_links_to_target":""},"categories":[],"tags":[],"_links":{"self":[{"href":"https:\/\/www.unesen.ca\/press\/index.php?rest_route=\/wp\/v2\/posts\/8267"}],"collection":[{"href":"https:\/\/www.unesen.ca\/press\/index.php?rest_route=\/wp\/v2\/posts"}],"about":[{"href":"https:\/\/www.unesen.ca\/press\/index.php?rest_route=\/wp\/v2\/types\/post"}],"author":[{"embeddable":true,"href":"https:\/\/www.unesen.ca\/press\/index.php?rest_route=\/wp\/v2\/users\/6"}],"replies":[{"embeddable":true,"href":"https:\/\/www.unesen.ca\/press\/index.php?rest_route=%2Fwp%2Fv2%2Fcomments&post=8267"}],"version-history":[{"count":3,"href":"https:\/\/www.unesen.ca\/press\/index.php?rest_route=\/wp\/v2\/posts\/8267\/revisions"}],"predecessor-version":[{"id":8272,"href":"https:\/\/www.unesen.ca\/press\/index.php?rest_route=\/wp\/v2\/posts\/8267\/revisions\/8272"}],"wp:attachment":[{"href":"https:\/\/www.unesen.ca\/press\/index.php?rest_route=%2Fwp%2Fv2%2Fmedia&parent=8267"}],"wp:term":[{"taxonomy":"category","embeddable":true,"href":"https:\/\/www.unesen.ca\/press\/index.php?rest_route=%2Fwp%2Fv2%2Fcategories&post=8267"},{"taxonomy":"post_tag","embeddable":true,"href":"https:\/\/www.unesen.ca\/press\/index.php?rest_route=%2Fwp%2Fv2%2Ftags&post=8267"}],"curies":[{"name":"wp","href":"https:\/\/api.w.org\/{rel}","templated":true}]}}