{"id":8252,"date":"2020-07-10T08:10:12","date_gmt":"2020-07-10T13:10:12","guid":{"rendered":"http:\/\/fr.une-sen.org\/press\/?p=8252"},"modified":"2020-07-10T08:10:12","modified_gmt":"2020-07-10T13:10:12","slug":"entente-sur-le-dedommagement-phenix-le-contrat-du-groupe-pa-et-les-enjeux-communs","status":"publish","type":"post","link":"https:\/\/www.unesen.ca\/press\/?p=8252&amp;lang=fr","title":{"rendered":"Entente sur le d\u00e9dommagement Ph\u00e9nix, le contrat du groupe PA et les enjeux communs"},"content":{"rendered":"<p><img loading=\"lazy\" class=\"alignnone size-full wp-image-8255\" src=\"http:\/\/www.une-sen.org\/press\/wp-content\/uploads\/2020\/07\/bargain-pattern-blue_2-2.png\" alt=\"\" width=\"960\" height=\"400\" srcset=\"https:\/\/www.unesen.ca\/press\/wp-content\/uploads\/2020\/07\/bargain-pattern-blue_2-2.png 960w, https:\/\/www.unesen.ca\/press\/wp-content\/uploads\/2020\/07\/bargain-pattern-blue_2-2-300x125.png 300w, https:\/\/www.unesen.ca\/press\/wp-content\/uploads\/2020\/07\/bargain-pattern-blue_2-2-768x320.png 768w\" sizes=\"(max-width: 767px) 89vw, (max-width: 1000px) 54vw, (max-width: 1071px) 543px, 580px\" \/><\/p>\n<p>9 juillet 2020<\/p>\n<p>L\u2019AFPC vient de conclure une entente de principe pour les 70 000 membres du groupe PA, une belle victoire pour les fonctionnaires f\u00e9d\u00e9raux qui se sont surpass\u00e9s afin de venir en aide aux Canadiennes et Canadiens durant la pand\u00e9mie. L\u2019entente, qui porte \u00e9galement sur les enjeux communs relevant du Conseil du Tr\u00e9sor, pr\u00e9voit des salaires \u00e9quitables et de meilleures conditions de travail, sans aucune concession.<\/p>\n<p>Parall\u00e8lement \u00e0 ces n\u00e9gociations fructueuses, l\u2019AFPC a \u00e9galement obtenu un d\u00e9dommagement \u00e9quitable pour les dommages caus\u00e9s par Ph\u00e9nix qui sera vers\u00e9 \u00e0 tous nos membres qui ont souffert des rat\u00e9s du syst\u00e8me de r\u00e9mun\u00e9ration.<\/p>\n<p><strong>D\u00e9dommagement Ph\u00e9nix<\/strong><\/p>\n<p>L\u2019AFPC a n\u00e9goci\u00e9 avec succ\u00e8s un d\u00e9dommagement Ph\u00e9nix qui est nettement meilleur que l\u2019accord conclu par l\u2019employeur avec d\u2019autres agents n\u00e9gociateurs f\u00e9d\u00e9raux. L\u2019an dernier, l\u2019AFPC avait rejet\u00e9 l\u2019offre du gouvernement \u2013 cinq jours de cong\u00e9 encaissables. C\u2019\u00e9tait une offre d\u00e9risoire qui aurait avantag\u00e9 les fonctionnaires qui gagnent plus tout en p\u00e9nalisant ceux qui gagnent moins. L\u2019accord actuel offre aux membres de l\u2019AFPC admissibles un <strong>paiement forfaitaire juste et \u00e9quitable de 2\u202f500\u202f$.<\/strong><\/p>\n<p>L\u2019entente de principe que nous venons de n\u00e9gocier avec le Conseil du Tr\u00e9sor doit \u00eatre ratifi\u00e9e par les membres de l\u2019AFPC dans un avenir proche. En revanche, l\u2019accord sur le d\u00e9dommagement Ph\u00e9nix devait \u00eatre ratifi\u00e9 par le Conseil national d\u2019administration de l\u2019AFPC, ce qu\u2019il a fait \u00e0 l\u2019unanimit\u00e9 le 3\u202fjuillet.<\/p>\n<p><a href=\"http:\/\/syndicatafpc.ca\/dommages-causes-phenix-lafpc-obtient-meilleure\" target=\"_blank\" rel=\"noopener noreferrer\">Nous avons pr\u00e9par\u00e9 un document<\/a> qui explique en d\u00e9tail l\u2019accord sur le d\u00e9dommagement ainsi que l\u2019\u00e9largissement du processus de r\u00e9clamation pour les frais remboursables et pour les pertes importantes caus\u00e9es par Ph\u00e9nix.<\/p>\n<p><strong>Contrat du groupe PA<\/strong><\/p>\n<p>L\u2019\u00e9quipe de n\u00e9gociation de l\u2019AFPC a r\u00e9ussi \u00e0 obtenir des augmentations salariales justes et \u00e9quitables de <strong>2,11 % par ann\u00e9e en moyenne.<\/strong><\/p>\n<p>Augmentations salariales consenties aux membres du groupe PA :<\/p>\n<p>2018\u00a0 2019\u00a0 2020<br \/>\n2,8 %\u00a0 2,2 %\u00a0 1,35 %<\/p>\n<p><strong>Nous avons \u00e9galement obtenu des rajustements salariaux et des indemnit\u00e9s pour certains groupes :<\/strong><\/p>\n<ul>\n<li>Bonification de l\u2019indemnit\u00e9 de maintien en poste pour tous les fonctionnaires qui travaillent \u00e0 l\u2019administration de la r\u00e9mun\u00e9ration (3 500 $ par ann\u00e9e)<\/li>\n<li>Nouvelle indemnit\u00e9 pour les agents des p\u00eaches qui doivent porter une arme \u00a0 \u00a0 \u00a0 ( 3 000 $ par ann\u00e9e)<\/li>\n<li>Nouvelle indemnit\u00e9 de premier responsable pour les agents et agentes de lib\u00e9ration conditionnelle et leurs superviseurs. (2 000 $ par ann\u00e9e).<\/li>\n<\/ul>\n<p><strong>Voici d\u2019autres am\u00e9liorations importantes \u00e0 signaler : \u200b<\/strong><\/p>\n<ul>\n<li>R\u00e9affectation ou cong\u00e9 li\u00e9s \u00e0 la maternit\u00e9 : passe de 52 \u00e0 78 semaines apr\u00e8s la naissance d\u2019un enfant<\/li>\n<li>\u200bBonification de divers cong\u00e9s pour inclure notamment une personne qui tient lieu de parent :<br \/>\nCong\u00e9 non pay\u00e9 pour s\u2019occuper de la famille<br \/>\nCong\u00e9 de deuil<br \/>\nCong\u00e9 pay\u00e9 pour obligations familiales<\/li>\n<li>Nouveau : cong\u00e9 pour les membres \u00e9lus \u00e0 des charges syndicales<\/li>\n<li>Hausse de 10 $ \u00e0 12 $ de l\u2019indemnit\u00e9 de repas accord\u00e9e durant les heures suppl\u00e9mentaires<\/li>\n<li>Nouveau libell\u00e9 sur les pauses-repas : l\u2019employeur offre une pause-repas non pay\u00e9e d\u2019au moins trente (30) minutes par journ\u00e9e compl\u00e8te de travail, normalement \u00e0 la mi-journ\u00e9e.<\/li>\n<li>Renouvellement et mise \u00e0 jour du Protocole d\u2019entente concernant une \u00e9tude conjointe sur l\u2019environnement de travail dans les centres d\u2019appels<\/li>\n<li>Nouveau : formation en intervention de crise et en renforcement des capacit\u00e9s d\u2019adaptation pour le personnel des centres d\u2019appels<\/li>\n<li>Augmentation du financement pour le Programme d\u2019apprentissage mixte; projet pilote sur la conception d\u2019une formation en sant\u00e9 et s\u00e9curit\u00e9<\/li>\n<li>Pauses accord\u00e9es aux employ\u00e9es qui allaitent (pour allaiter ou exprimer du lait)<\/li>\n<li>Protocole d\u2019entente visant \u00e0 mener une \u00e9tude conjointe sur les m\u00e9canismes de soutien aux employ\u00e9s qui, dans l&#8217;exercice de leurs fonctions, sont expos\u00e9s \u00e0 du mat\u00e9riel tr\u00e8s sensible, explicite et d\u00e9rangeant<\/li>\n<li>Comit\u00e9 paritaire charg\u00e9 d\u2019examiner l\u2019usage des langues autochtones dans la fonction publique f\u00e9d\u00e9rale, les comp\u00e9tences linguistiques du personnel dans l\u2019exercice de leurs fonctions, ainsi que les avantages que les locuteurs de langues autochtones apportent \u00e0 la fonction publique<\/li>\n<li>Protocole d&#8217;entente sur l&#8217;am\u00e9lioration de l\u2019examen de la structure des groupes professionnels.<\/li>\n<\/ul>\n<p><strong>Entente sur les enjeux communs<\/strong><\/p>\n<p>Les \u00e9quipes des groupes TC, EB et SV se sont jointes aux pourparlers sur les enjeux communs. Voici quelques-unes des am\u00e9liorations cl\u00e9s\u202f:<\/p>\n<ul>\n<li>Paiement unique de 500 $ pour compenser le long d\u00e9lai de mise en \u0153uvre des conventions collectives et 50 $ pour chaque retard suppl\u00e9mentaire de 90 jours<\/li>\n<li>Dix jours de cong\u00e9 pay\u00e9 pour les victimes de violence conjugale<\/li>\n<li>Am\u00e9lioration des dispositions sur le retour au travail \u00e0 la suite d\u2019un cong\u00e9 de maternit\u00e9 ou parental, ce qui donne plus de flexibilit\u00e9 aux parents qui voudraient changer d\u2019emploi lorsqu\u2019ils retournent \u00e0 la fonction publique f\u00e9d\u00e9rale<\/li>\n<li>Am\u00e9lioration du cong\u00e9 parental pay\u00e9<\/li>\n<\/ul>\n<p>Mise \u00e0 jour pour tenir compte des nouvelles dispositions l\u00e9gislatives, y compris la possibilit\u00e9 de partager et de prolonger le cong\u00e9<br \/>\nBonification des prestations suppl\u00e9mentaires pour chaque semaine o\u00f9 l\u2019employ\u00e9 est en cong\u00e9 parental prolong\u00e9 ou partag\u00e9<br \/>\nSemaines additionnelles pour les parents couverts par le R\u00e9gime qu\u00e9b\u00e9cois d\u2019assurance-parentale et qui travaillent tous deux \u00e0 la fonction publique f\u00e9d\u00e9rale<\/p>\n<ul>\n<li>Nouveau protocole d\u2019entente pour \u00e9tudier les questions li\u00e9es aux services de garde<\/li>\n<li>Am\u00e9lioration du cong\u00e9 de compassion et du cong\u00e9 pour proches aidants, conform\u00e9ment aux nouvelles dispositions l\u00e9gislatives<\/li>\n<li>Am\u00e9lioration des dispositions sur l\u2019utilisation des locaux de l\u2019employeur pour affaires syndicales<\/li>\n<li>Nouveau protocole d\u2019entente visant \u00e0 prot\u00e9ger certaines conditions de travail des membres civils de la GRC<\/li>\n<li>Nouveau protocole d\u2019entente sur la sant\u00e9 mentale au travail s\u2019appuyant sur les travaux du Centre d\u2019expertise pour la sant\u00e9 mentale en milieu de travail<\/li>\n<li>Indemnit\u00e9 d\u2019\u00e9tudes major\u00e9e \u00e0 17\u2009000\u202f$ en cas de r\u00e9am\u00e9nagement des effectifs.<\/li>\n<li>Suppression du protocole d\u2019accord sur le soutien au mieux-\u00eatre des employ\u00e9s. En cons\u00e9quence, les cong\u00e9s de maladie resteront inchang\u00e9s.<\/li>\n<\/ul>\n<p><strong>Texte int\u00e9gral et prochaines \u00e9tapes<\/strong><\/p>\n<p>Au cours des prochains jours, nous communiquerons aux membres le texte int\u00e9gral de l\u2019entente de principe (qui s\u2019applique au groupe PA et aux enjeux communs) accompagn\u00e9 d\u2019explications d\u00e8s qu\u2019il sera disponible. Les membres du groupe seront ensuite convi\u00e9s \u00e0 un vote de ratification en ligne. Les d\u00e9tails du vote seront communiqu\u00e9s d\u00e8s que possible.<\/p>\n<p>L\u2019\u00e9quipe de n\u00e9gociation de l\u2019AFPC recommande \u00e0 l\u2019unanimit\u00e9 la ratification de l\u2019entente de principe.<\/p>\n<p>Afin de recevoir toutes les nouvelles et de participer au processus de ratification, assurez-vous de mettre \u00e0 jour vos coordonn\u00e9es dans le <a href=\"https:\/\/syndicatafpc.ca\/user?_ga=2.53933741.485838597.1594218805-722671214.1553177201\" target=\"_blank\" rel=\"noopener noreferrer\">portail des membres de l\u2019AFPC<\/a> ou de vous cr\u00e9er un compte.<\/p>\n<p><strong>Autres unit\u00e9s de n\u00e9gociation de l\u2019AFPC<\/strong><\/p>\n<p>Les dates de n\u00e9gociation pour le groupe SV seront annonc\u00e9es dans les prochaines semaines. Les n\u00e9gociations pour les groupes EB et TC et les membres de l\u2019Agence du revenu du Canada reprennent la semaine prochaine.<\/p>\n<p>Source: <a href=\"http:\/\/syndicatafpc.ca\/entente-sur-dedommagement-phenix-contrat-du-groupe?_ga=2.53933741.485838597.1594218805-722671214.1553177201\">http:\/\/syndicatafpc.ca\/entente-sur-dedommagement-phenix-contrat-du-groupe?_ga=2.53933741.485838597.1594218805-722671214.1553177201<\/a><\/p>\n","protected":false},"excerpt":{"rendered":"<p>9 juillet 2020 L\u2019AFPC vient de conclure une entente de principe pour les 70 000 membres du groupe PA, une belle victoire pour les fonctionnaires f\u00e9d\u00e9raux qui se sont surpass\u00e9s afin de venir en aide aux Canadiennes et Canadiens durant la pand\u00e9mie. L\u2019entente, qui porte \u00e9galement sur les enjeux communs relevant du Conseil du Tr\u00e9sor, &hellip; <\/p>\n<p class=\"link-more\"><a href=\"https:\/\/www.unesen.ca\/press\/?p=8252&#038;lang=fr\" class=\"more-link\">>><span class=\"screen-reader-text\"> &#8220;Entente sur le d\u00e9dommagement Ph\u00e9nix, le contrat du groupe PA et les enjeux communs&#8221;<\/span><\/a><\/p>\n","protected":false},"author":6,"featured_media":0,"comment_status":"closed","ping_status":"open","sticky":false,"template":"","format":"standard","meta":{"_links_to":"","_links_to_target":""},"categories":[],"tags":[],"_links":{"self":[{"href":"https:\/\/www.unesen.ca\/press\/index.php?rest_route=\/wp\/v2\/posts\/8252"}],"collection":[{"href":"https:\/\/www.unesen.ca\/press\/index.php?rest_route=\/wp\/v2\/posts"}],"about":[{"href":"https:\/\/www.unesen.ca\/press\/index.php?rest_route=\/wp\/v2\/types\/post"}],"author":[{"embeddable":true,"href":"https:\/\/www.unesen.ca\/press\/index.php?rest_route=\/wp\/v2\/users\/6"}],"replies":[{"embeddable":true,"href":"https:\/\/www.unesen.ca\/press\/index.php?rest_route=%2Fwp%2Fv2%2Fcomments&post=8252"}],"version-history":[{"count":4,"href":"https:\/\/www.unesen.ca\/press\/index.php?rest_route=\/wp\/v2\/posts\/8252\/revisions"}],"predecessor-version":[{"id":8259,"href":"https:\/\/www.unesen.ca\/press\/index.php?rest_route=\/wp\/v2\/posts\/8252\/revisions\/8259"}],"wp:attachment":[{"href":"https:\/\/www.unesen.ca\/press\/index.php?rest_route=%2Fwp%2Fv2%2Fmedia&parent=8252"}],"wp:term":[{"taxonomy":"category","embeddable":true,"href":"https:\/\/www.unesen.ca\/press\/index.php?rest_route=%2Fwp%2Fv2%2Fcategories&post=8252"},{"taxonomy":"post_tag","embeddable":true,"href":"https:\/\/www.unesen.ca\/press\/index.php?rest_route=%2Fwp%2Fv2%2Ftags&post=8252"}],"curies":[{"name":"wp","href":"https:\/\/api.w.org\/{rel}","templated":true}]}}