{"id":8241,"date":"2020-07-02T14:31:11","date_gmt":"2020-07-02T19:31:11","guid":{"rendered":"http:\/\/fr.une-sen.org\/press\/?p=8241"},"modified":"2020-07-02T14:31:11","modified_gmt":"2020-07-02T19:31:11","slug":"informations-importantes-pour-les-membres-does","status":"publish","type":"post","link":"https:\/\/www.unesen.ca\/press\/?p=8241&amp;lang=fr","title":{"rendered":"Informations importantes pour les membres d\u2019OES"},"content":{"rendered":"<p>&nbsp;<\/p>\n<p><img loading=\"lazy\" class=\"alignnone size-full wp-image-8243\" src=\"http:\/\/www.une-sen.org\/press\/wp-content\/uploads\/2020\/07\/logo_with_type_e-1.png\" alt=\"\" width=\"2040\" height=\"744\" srcset=\"https:\/\/www.unesen.ca\/press\/wp-content\/uploads\/2020\/07\/logo_with_type_e-1.png 2040w, https:\/\/www.unesen.ca\/press\/wp-content\/uploads\/2020\/07\/logo_with_type_e-1-300x109.png 300w, https:\/\/www.unesen.ca\/press\/wp-content\/uploads\/2020\/07\/logo_with_type_e-1-1024x373.png 1024w, https:\/\/www.unesen.ca\/press\/wp-content\/uploads\/2020\/07\/logo_with_type_e-1-768x280.png 768w, https:\/\/www.unesen.ca\/press\/wp-content\/uploads\/2020\/07\/logo_with_type_e-1-1536x560.png 1536w\" sizes=\"(max-width: 767px) 89vw, (max-width: 1000px) 54vw, (max-width: 1071px) 543px, 580px\" \/><\/p>\n<p>2 juillet 2020<\/p>\n<p>Le SEN a r\u00e9cemment appris que l\u2019employeur avait commenc\u00e9 \u00e0 r\u00e9duire les semaines moyennes de travail (SMT) au troisi\u00e8me trimestre pour les intervieweuses et intervieweurs sur place, et ce, \u00e0 partir du 1er juillet 2020.<\/p>\n<p>Cette situation pourrait s\u2019appliquer \u00e0 un grand nombre d\u2019intervieweuses et intervieweurs sur place et d\u2019employ\u00e9es et employ\u00e9s des bureaux r\u00e9gionaux, dans les trois r\u00e9gions.<\/p>\n<p>Pour r\u00e9duire au minimum les r\u00e9percussions financi\u00e8res, on encourage les employ\u00e9es et employ\u00e9s \u00e0 demander la <a href=\"https:\/\/www.canada.ca\/fr\/services\/prestations\/ae\/pcusc-application.html\" target=\"_blank\" rel=\"noopener noreferrer\">Prestation canadienne d\u2019urgence (PCU)<\/a> si elles\/ils gagnent 1 000 $ par mois ou moins.<\/p>\n<p>Assurez-vous de demander la PCU par l\u2019interm\u00e9diaire de Service Canada ou de l\u2019Agence du revenu du Canada (ARC), et non en vous adressant aux deux. Avant de demander la PCU, veuillez v\u00e9rifier si vous y \u00eates <a href=\"https:\/\/www.canada.ca\/fr\/services\/prestations\/ae\/pcusc-application.html#admissible\" target=\"_blank\" rel=\"noopener noreferrer\">admissible<\/a>.<\/p>\n<p>Le SEN et l\u2019AFPC restent en contact \u00e9troit avec l\u2019employeur afin de vous fournir les derni\u00e8res mises \u00e0 jour sur cette situation en \u00e9volution.<\/p>\n<p>Si vous avez des questions ou des pr\u00e9occupations, veuillez communiquer avec une ou un membre de l\u2019Ex\u00e9cutif de votre section locale :<\/p>\n<p>\u2022 <a href=\"http:\/\/fr.une-sen.org\/who_we_are\/locals\/ByEmployer.php?EMPselect=SSF\" target=\"_blank\" rel=\"noopener noreferrer\">Sections locales du SEN avec membres d\u2019OES \u2013 Intervieweuses et intervieweurs sur place<\/a><br \/>\n\u2022 <a href=\"http:\/\/fr.une-sen.org\/who_we_are\/locals\/ByEmployer.php?EMPselect=SSR\" target=\"_blank\" rel=\"noopener noreferrer\">Sections locales du SEN avec membres d\u2019OES \u2013 Bureaux r\u00e9gionaux<\/a><\/p>\n","protected":false},"excerpt":{"rendered":"<p>&nbsp; 2 juillet 2020 Le SEN a r\u00e9cemment appris que l\u2019employeur avait commenc\u00e9 \u00e0 r\u00e9duire les semaines moyennes de travail (SMT) au troisi\u00e8me trimestre pour les intervieweuses et intervieweurs sur place, et ce, \u00e0 partir du 1er juillet 2020. Cette situation pourrait s\u2019appliquer \u00e0 un grand nombre d\u2019intervieweuses et intervieweurs sur place et d\u2019employ\u00e9es et &hellip; <\/p>\n<p class=\"link-more\"><a href=\"https:\/\/www.unesen.ca\/press\/?p=8241&#038;lang=fr\" class=\"more-link\">>><span class=\"screen-reader-text\"> &#8220;Informations importantes pour les membres d\u2019OES&#8221;<\/span><\/a><\/p>\n","protected":false},"author":6,"featured_media":0,"comment_status":"closed","ping_status":"open","sticky":false,"template":"","format":"standard","meta":{"_links_to":"","_links_to_target":""},"categories":[],"tags":[],"_links":{"self":[{"href":"https:\/\/www.unesen.ca\/press\/index.php?rest_route=\/wp\/v2\/posts\/8241"}],"collection":[{"href":"https:\/\/www.unesen.ca\/press\/index.php?rest_route=\/wp\/v2\/posts"}],"about":[{"href":"https:\/\/www.unesen.ca\/press\/index.php?rest_route=\/wp\/v2\/types\/post"}],"author":[{"embeddable":true,"href":"https:\/\/www.unesen.ca\/press\/index.php?rest_route=\/wp\/v2\/users\/6"}],"replies":[{"embeddable":true,"href":"https:\/\/www.unesen.ca\/press\/index.php?rest_route=%2Fwp%2Fv2%2Fcomments&post=8241"}],"version-history":[{"count":2,"href":"https:\/\/www.unesen.ca\/press\/index.php?rest_route=\/wp\/v2\/posts\/8241\/revisions"}],"predecessor-version":[{"id":8245,"href":"https:\/\/www.unesen.ca\/press\/index.php?rest_route=\/wp\/v2\/posts\/8241\/revisions\/8245"}],"wp:attachment":[{"href":"https:\/\/www.unesen.ca\/press\/index.php?rest_route=%2Fwp%2Fv2%2Fmedia&parent=8241"}],"wp:term":[{"taxonomy":"category","embeddable":true,"href":"https:\/\/www.unesen.ca\/press\/index.php?rest_route=%2Fwp%2Fv2%2Fcategories&post=8241"},{"taxonomy":"post_tag","embeddable":true,"href":"https:\/\/www.unesen.ca\/press\/index.php?rest_route=%2Fwp%2Fv2%2Ftags&post=8241"}],"curies":[{"name":"wp","href":"https:\/\/api.w.org\/{rel}","templated":true}]}}