{"id":8228,"date":"2020-06-29T13:06:55","date_gmt":"2020-06-29T18:06:55","guid":{"rendered":"http:\/\/fr.une-sen.org\/press\/?p=8228"},"modified":"2020-06-29T13:06:55","modified_gmt":"2020-06-29T18:06:55","slug":"retour-sur-les-lieux-de-travail-le-plan-du-gouvernement-laisse-encore-a-desirer","status":"publish","type":"post","link":"https:\/\/www.unesen.ca\/press\/?p=8228&amp;lang=fr","title":{"rendered":"Retour sur les lieux de travail : le plan du gouvernement laisse encore \u00e0 d\u00e9sirer"},"content":{"rendered":"<p><img loading=\"lazy\" class=\"alignnone size-full wp-image-8230\" src=\"http:\/\/www.une-sen.org\/press\/wp-content\/uploads\/2020\/06\/place_du_portage_i_et_ii-1.jpg\" alt=\"\" width=\"960\" height=\"400\" srcset=\"https:\/\/www.unesen.ca\/press\/wp-content\/uploads\/2020\/06\/place_du_portage_i_et_ii-1.jpg 960w, https:\/\/www.unesen.ca\/press\/wp-content\/uploads\/2020\/06\/place_du_portage_i_et_ii-1-300x125.jpg 300w, https:\/\/www.unesen.ca\/press\/wp-content\/uploads\/2020\/06\/place_du_portage_i_et_ii-1-768x320.jpg 768w\" sizes=\"(max-width: 767px) 89vw, (max-width: 1000px) 54vw, (max-width: 1071px) 543px, 580px\" \/><\/p>\n<p>26 juin 2020<\/p>\n<p>Le gouvernement a annonc\u00e9 cette semaine ses <a href=\"https:\/\/www.canada.ca\/fr\/gouvernement\/fonctionpublique\/covid-19\/assouplissement-restrictions.html\" target=\"_blank\" rel=\"noopener noreferrer\">lignes directrices concernant le retour au bureau des fonctionnaires f\u00e9d\u00e9raux<\/a>, \u00e0 l\u2019heure o\u00f9 on commence partout au pays \u00e0 assouplir les restrictions li\u00e9es \u00e0 la COVID-19. Le plan n\u2019indique pas \u00e0 quel moment les employ\u00e9s seront appel\u00e9s \u00e0 retourner sur les lieux de travail, laissant plut\u00f4t le soin \u00e0 chaque minist\u00e8re d\u2019op\u00e9rer une transition graduelle selon une s\u00e9rie de conditions.<\/p>\n<p>Le Conseil du Tr\u00e9sor a mis en \u0153uvre plusieurs <a href=\"http:\/\/syndicatafpc.ca\/cle-dun-plan-retour-travail-reussi?_ga=2.110112199.332617915.1593005570-1236042247.1568402190\" target=\"_blank\" rel=\"noopener noreferrer\">recommandations de l\u2019AFPC<\/a>, notamment en promettant que les conventions collectives seront respect\u00e9es, en reconnaissant la n\u00e9cessit\u00e9 d\u2019am\u00e9liorer l\u2019acc\u00e8s au soutien en sant\u00e9 mentale, et en s\u2019engageant \u00e0 consulter les comit\u00e9s de sant\u00e9 et de s\u00e9curit\u00e9 et les syndicats.<\/p>\n<p>Les lignes directrices soulignent \u00e9galement que bon nombre de fonctionnaires ne pourront pas retourner au bureau tant qu\u2019ils n\u2019auront pas acc\u00e8s \u00e0 certains services importants, comme la garde d\u2019enfants et les \u00e9coles. Elles reconnaissent en outre le bien-fond\u00e9 d\u2019autres importantes conditions pr\u00e9alables, comme la disponibilit\u00e9 de l\u2019\u00e9quipement de protection; la capacit\u00e9 de pr\u00e9parer et de pr\u00e9server un espace physique propre et s\u00e9curitaire; et les m\u00e9canismes de coordination n\u00e9cessaires pour planifier, superviser et surveiller la transition.<\/p>\n<p>L\u2019AFPC a certaines inqui\u00e9tudes \u00e0 l\u2019\u00e9gard des lignes directrices actuelles :<\/p>\n<ul>\n<li>Puisque le retour au bureau sera supervis\u00e9 par les chefs de service, il se pourrait que les r\u00e8gles ne soient pas appliqu\u00e9es uniform\u00e9ment au sein de la fonction publique f\u00e9d\u00e9rale. Il faudrait \u00e9viter que les gestionnaires cr\u00e9ent des conditions de travail in\u00e9quitables entre les diff\u00e9rents services et minist\u00e8res.<\/li>\n<li>Nous voulons que ce soient des experts scientifiques qualifi\u00e9s \u2013 et non les gestionnaires locaux \u2013 qui statuent sur le caract\u00e8re s\u00e9curitaire des lieux de travail et sur l\u2019\u00e9quipement de protection requis.<\/li>\n<li>Les employ\u00e9s qui sont appel\u00e9s \u00e0 retourner sur le lieu de travail devraient recevoir un pr\u00e9avis d\u2019au moins deux semaines.<\/li>\n<li>Il est peu question de consulter les comit\u00e9s d\u2019\u00e9quit\u00e9 en mati\u00e8re d\u2019emploi sur les d\u00e9fis particuliers des groupes d\u00e9sign\u00e9s, notamment les personnes ayant un handicap. Nous avons exhort\u00e9 le gouvernement \u00e0 s\u2019engager \u00e0 mettre en place un processus qui tient compte des r\u00e9percussions de la COVID-19 sur divers groupes comme les femmes, les Autochtones et les personnes racialis\u00e9es, LGBTQ2+ et\/ou ayant un handicap.<\/li>\n<\/ul>\n<p>Pour assurer la s\u00e9curit\u00e9 de nos membres et du public d\u2019ici l\u2019arriv\u00e9e d\u2019un vaccin, il faut permettre aux fonctionnaires de travailler \u00e0 distance aussi longtemps que n\u00e9cessaire et voir \u00e0 ce que des mesures de s\u00e9curit\u00e9 aient \u00e9t\u00e9 mises en place en cas de retour sur les lieux de travail.<\/p>\n<p><strong>Nouvelle politique de t\u00e9l\u00e9travail?<\/strong><\/p>\n<p>Comme il l\u2019a indiqu\u00e9 dans les nouvelles lignes directrices, le pr\u00e9sident du Conseil du Tr\u00e9sor, Jean-Yves Duclos, estime que la pand\u00e9mie nous aura notamment appris qu\u2019il serait possible et m\u00eame pratique pour certains fonctionnaires de travailler \u00e0 domicile en permanence. Il a ajout\u00e9 que le gouvernement avait commenc\u00e9 \u00e0 r\u00e9fl\u00e9chir au nombre de bureaux et aux locaux dont il souhaitait disposer au cours des prochaines ann\u00e9es.<\/p>\n<p>COVID-19 nous a donn\u00e9 l\u2019occasion de repenser le t\u00e9l\u00e9travail dans la fonction publique f\u00e9d\u00e9rale, mais les conditions de travail de nos membres doivent \u00eatre n\u00e9goci\u00e9es avec le syndicat en toute concertation avec les membres.<\/p>\n<p>Source: <a href=\"http:\/\/syndicatafpc.ca\/retour-sur-lieux-travail-plan-du-gouvernement?_ga=2.54120108.584598427.1593434360-722671214.1553177201\">AFPC<\/a><\/p>\n","protected":false},"excerpt":{"rendered":"<p>26 juin 2020 Le gouvernement a annonc\u00e9 cette semaine ses lignes directrices concernant le retour au bureau des fonctionnaires f\u00e9d\u00e9raux, \u00e0 l\u2019heure o\u00f9 on commence partout au pays \u00e0 assouplir les restrictions li\u00e9es \u00e0 la COVID-19. Le plan n\u2019indique pas \u00e0 quel moment les employ\u00e9s seront appel\u00e9s \u00e0 retourner sur les lieux de travail, laissant &hellip; <\/p>\n<p class=\"link-more\"><a href=\"https:\/\/www.unesen.ca\/press\/?p=8228&#038;lang=fr\" class=\"more-link\">>><span class=\"screen-reader-text\"> &#8220;Retour sur les lieux de travail : le plan du gouvernement laisse encore \u00e0 d\u00e9sirer&#8221;<\/span><\/a><\/p>\n","protected":false},"author":6,"featured_media":0,"comment_status":"closed","ping_status":"open","sticky":false,"template":"","format":"standard","meta":{"_links_to":"","_links_to_target":""},"categories":[],"tags":[],"_links":{"self":[{"href":"https:\/\/www.unesen.ca\/press\/index.php?rest_route=\/wp\/v2\/posts\/8228"}],"collection":[{"href":"https:\/\/www.unesen.ca\/press\/index.php?rest_route=\/wp\/v2\/posts"}],"about":[{"href":"https:\/\/www.unesen.ca\/press\/index.php?rest_route=\/wp\/v2\/types\/post"}],"author":[{"embeddable":true,"href":"https:\/\/www.unesen.ca\/press\/index.php?rest_route=\/wp\/v2\/users\/6"}],"replies":[{"embeddable":true,"href":"https:\/\/www.unesen.ca\/press\/index.php?rest_route=%2Fwp%2Fv2%2Fcomments&post=8228"}],"version-history":[{"count":5,"href":"https:\/\/www.unesen.ca\/press\/index.php?rest_route=\/wp\/v2\/posts\/8228\/revisions"}],"predecessor-version":[{"id":8235,"href":"https:\/\/www.unesen.ca\/press\/index.php?rest_route=\/wp\/v2\/posts\/8228\/revisions\/8235"}],"wp:attachment":[{"href":"https:\/\/www.unesen.ca\/press\/index.php?rest_route=%2Fwp%2Fv2%2Fmedia&parent=8228"}],"wp:term":[{"taxonomy":"category","embeddable":true,"href":"https:\/\/www.unesen.ca\/press\/index.php?rest_route=%2Fwp%2Fv2%2Fcategories&post=8228"},{"taxonomy":"post_tag","embeddable":true,"href":"https:\/\/www.unesen.ca\/press\/index.php?rest_route=%2Fwp%2Fv2%2Ftags&post=8228"}],"curies":[{"name":"wp","href":"https:\/\/api.w.org\/{rel}","templated":true}]}}