{"id":8221,"date":"2020-06-29T06:53:05","date_gmt":"2020-06-29T11:53:05","guid":{"rendered":"http:\/\/fr.une-sen.org\/press\/?p=8221"},"modified":"2020-06-29T06:53:05","modified_gmt":"2020-06-29T11:53:05","slug":"pour-le-bien-public-la-menace-grandissante-de-la-privatisation-et-les-propositions-des-travailleurs-pour-proteger-notre-avenir","status":"publish","type":"post","link":"https:\/\/www.unesen.ca\/press\/?p=8221&amp;lang=fr","title":{"rendered":"Pour le bien public : La menace grandissante de la privatisation et les propositions des travailleurs pour prot\u00e9ger notre avenir"},"content":{"rendered":"<p><img loading=\"lazy\" class=\"alignnone size-full wp-image-8222\" src=\"http:\/\/www.une-sen.org\/press\/wp-content\/uploads\/2020\/06\/Report-1.png\" alt=\"\" width=\"1200\" height=\"630\" srcset=\"https:\/\/www.unesen.ca\/press\/wp-content\/uploads\/2020\/06\/Report-1.png 1200w, https:\/\/www.unesen.ca\/press\/wp-content\/uploads\/2020\/06\/Report-1-300x158.png 300w, https:\/\/www.unesen.ca\/press\/wp-content\/uploads\/2020\/06\/Report-1-1024x538.png 1024w, https:\/\/www.unesen.ca\/press\/wp-content\/uploads\/2020\/06\/Report-1-768x403.png 768w\" sizes=\"(max-width: 767px) 89vw, (max-width: 1000px) 54vw, (max-width: 1071px) 543px, 580px\" \/><\/p>\n<div class=\"field field-name-body field-type-text-with-summary field-label-hidden view-mode-full\">\n<div class=\"field-items\">\n<div class=\"field-item even\">\n<p>L\u2019AFPC et plusieurs autres syndicats font partie du Groupe de travail sur les nouvelles formes de privatisation mis sur pied par le Congr\u00e8s du travail du Canada. Le 25\u00a0juin, le Groupe de travail a rendu public son rapport, intitul\u00e9\u00a0<u><strong><a href=\"https:\/\/congresdutravail.ca\/les-syndicats-du-canada-mettent-en-garde-contre-la-menace-croissante-de-la-privatisation\/\"><em>Pour le bien public\u00a0: La menace grandissante de la privatisation et les propositions des travailleurs pour prot\u00e9ger notre avenir<\/em><\/a><\/strong><\/u>.<\/p>\n<p>Le rapport est l\u2019aboutissement d\u2019une analyse approfondie des nouvelles formes de privatisation, en particulier les obligations \u00e0 impact social (OIS), la participation des r\u00e9gimes de retraite et d\u2019autres investisseurs \u00e0 l\u2019infrastructure privatis\u00e9e et les nouveaux organismes f\u00e9d\u00e9raux qui facilitent la privatisation des services et des infrastructures (la Banque de l\u2019infrastructure du Canada, FinDev Canada et le Fonds de finance sociale). Ces organismes qui, de toute \u00e9vidence, devraient relever de l\u2019\u00c9tat et servir le bien commun, ainsi que les formes plus traditionnelles de privatisation contribuent \u00e0 l\u2019instabilit\u00e9 grandissante des services publics alors que nous avons besoin, plus que jamais, d\u2019une fonction publique forte, efficace et comp\u00e9tente pour assurer des services essentiels \u00e0 la population canadienne.<\/p>\n<p>R\u00e9dig\u00e9 en grande partie avant la pand\u00e9mie de COVID-19,\u00a0<em>Pour le bien public<\/em>\u00a0fait ressortir l\u2019importance critique des services publics en temps de pand\u00e9mie. Les travailleuses et travailleurs de la fonction publique \u2013 des membres de l\u2019AFPC \u2013 ont \u00e9t\u00e9 l\u00e0 pour nous tout au long de la crise\u00a0: luttant contre la pand\u00e9mie \u00e0 l\u2019Agence de sant\u00e9 publique du Canada, inspectant les aliments que nous consommons, prot\u00e9geant nos fronti\u00e8res et nos a\u00e9roports, traitant les demandes d\u2019aide d\u2019urgence des travailleurs et des entreprises, d\u00e9veloppant et testant des vaccins et des traitements.<\/p>\n<p>Dans certains secteurs, la privatisation a caus\u00e9 des d\u00e9c\u00e8s. La situation dans les foyers de soins de longue dur\u00e9e priv\u00e9s est un exemple tragique de ce qui arrive lorsqu\u2019on fait passer les profits avant les gens.<\/p>\n<p>Le rapport trace la voie \u00e0 suivre\u00a0: il faut rapatrier les services publics et encourager le recours aux meilleures pratiques en mati\u00e8re de financement, de construction et d\u2019entretien d\u2019infrastructures par les pouvoirs publics. Ces infrastructures seront essentielles non seulement pour relancer l\u2019\u00e9conomie apr\u00e8s la pand\u00e9mie, mais aussi pour mieux r\u00e9sister aux pand\u00e9mies, aux changements climatiques et aux autres crises \u00e0 venir.<\/p>\n<\/div>\n<\/div>\n<\/div>\n","protected":false},"excerpt":{"rendered":"<p>L\u2019AFPC et plusieurs autres syndicats font partie du Groupe de travail sur les nouvelles formes de privatisation mis sur pied par le Congr\u00e8s du travail du Canada. Le 25\u00a0juin, le Groupe de travail a rendu public son rapport, intitul\u00e9\u00a0Pour le bien public\u00a0: La menace grandissante de la privatisation et les propositions des travailleurs pour prot\u00e9ger &hellip; <\/p>\n<p class=\"link-more\"><a href=\"https:\/\/www.unesen.ca\/press\/?p=8221&#038;lang=fr\" class=\"more-link\">>><span class=\"screen-reader-text\"> &#8220;Pour le bien public : La menace grandissante de la privatisation et les propositions des travailleurs pour prot\u00e9ger notre avenir&#8221;<\/span><\/a><\/p>\n","protected":false},"author":2,"featured_media":0,"comment_status":"closed","ping_status":"open","sticky":false,"template":"","format":"standard","meta":{"_links_to":"","_links_to_target":""},"categories":[],"tags":[],"_links":{"self":[{"href":"https:\/\/www.unesen.ca\/press\/index.php?rest_route=\/wp\/v2\/posts\/8221"}],"collection":[{"href":"https:\/\/www.unesen.ca\/press\/index.php?rest_route=\/wp\/v2\/posts"}],"about":[{"href":"https:\/\/www.unesen.ca\/press\/index.php?rest_route=\/wp\/v2\/types\/post"}],"author":[{"embeddable":true,"href":"https:\/\/www.unesen.ca\/press\/index.php?rest_route=\/wp\/v2\/users\/2"}],"replies":[{"embeddable":true,"href":"https:\/\/www.unesen.ca\/press\/index.php?rest_route=%2Fwp%2Fv2%2Fcomments&post=8221"}],"version-history":[{"count":1,"href":"https:\/\/www.unesen.ca\/press\/index.php?rest_route=\/wp\/v2\/posts\/8221\/revisions"}],"predecessor-version":[{"id":8223,"href":"https:\/\/www.unesen.ca\/press\/index.php?rest_route=\/wp\/v2\/posts\/8221\/revisions\/8223"}],"wp:attachment":[{"href":"https:\/\/www.unesen.ca\/press\/index.php?rest_route=%2Fwp%2Fv2%2Fmedia&parent=8221"}],"wp:term":[{"taxonomy":"category","embeddable":true,"href":"https:\/\/www.unesen.ca\/press\/index.php?rest_route=%2Fwp%2Fv2%2Fcategories&post=8221"},{"taxonomy":"post_tag","embeddable":true,"href":"https:\/\/www.unesen.ca\/press\/index.php?rest_route=%2Fwp%2Fv2%2Ftags&post=8221"}],"curies":[{"name":"wp","href":"https:\/\/api.w.org\/{rel}","templated":true}]}}