{"id":8209,"date":"2020-06-23T13:32:16","date_gmt":"2020-06-23T18:32:16","guid":{"rendered":"http:\/\/fr.une-sen.org\/press\/?p=8209"},"modified":"2020-06-23T13:32:16","modified_gmt":"2020-06-23T18:32:16","slug":"bonne-saint-jean-baptiste","status":"publish","type":"post","link":"https:\/\/www.unesen.ca\/press\/?p=8209&amp;lang=fr","title":{"rendered":"Bonne Saint-Jean-Baptiste!"},"content":{"rendered":"<p><img loading=\"lazy\" class=\"alignnone size-full wp-image-8210\" src=\"http:\/\/www.une-sen.org\/press\/wp-content\/uploads\/2020\/06\/SJB-f.png\" alt=\"\" width=\"1200\" height=\"630\" srcset=\"https:\/\/www.unesen.ca\/press\/wp-content\/uploads\/2020\/06\/SJB-f.png 1200w, https:\/\/www.unesen.ca\/press\/wp-content\/uploads\/2020\/06\/SJB-f-300x158.png 300w, https:\/\/www.unesen.ca\/press\/wp-content\/uploads\/2020\/06\/SJB-f-1024x538.png 1024w, https:\/\/www.unesen.ca\/press\/wp-content\/uploads\/2020\/06\/SJB-f-768x403.png 768w\" sizes=\"(max-width: 767px) 89vw, (max-width: 1000px) 54vw, (max-width: 1071px) 543px, 580px\" \/><\/p>\n<p>Les membres du Comit\u00e9 des francophones du SEN souhaitent une Bonne Saint-Jean-Baptiste \u00e0 toutes celles et ceux qui c\u00e9l\u00e8brent cette f\u00eate!<\/p>\n","protected":false},"excerpt":{"rendered":"<p>Les membres du Comit\u00e9 des francophones du SEN souhaitent une Bonne Saint-Jean-Baptiste \u00e0 toutes celles et ceux qui c\u00e9l\u00e8brent cette f\u00eate!<\/p>\n","protected":false},"author":2,"featured_media":0,"comment_status":"closed","ping_status":"open","sticky":false,"template":"","format":"standard","meta":{"_links_to":"","_links_to_target":""},"categories":[],"tags":[],"_links":{"self":[{"href":"https:\/\/www.unesen.ca\/press\/index.php?rest_route=\/wp\/v2\/posts\/8209"}],"collection":[{"href":"https:\/\/www.unesen.ca\/press\/index.php?rest_route=\/wp\/v2\/posts"}],"about":[{"href":"https:\/\/www.unesen.ca\/press\/index.php?rest_route=\/wp\/v2\/types\/post"}],"author":[{"embeddable":true,"href":"https:\/\/www.unesen.ca\/press\/index.php?rest_route=\/wp\/v2\/users\/2"}],"replies":[{"embeddable":true,"href":"https:\/\/www.unesen.ca\/press\/index.php?rest_route=%2Fwp%2Fv2%2Fcomments&post=8209"}],"version-history":[{"count":1,"href":"https:\/\/www.unesen.ca\/press\/index.php?rest_route=\/wp\/v2\/posts\/8209\/revisions"}],"predecessor-version":[{"id":8211,"href":"https:\/\/www.unesen.ca\/press\/index.php?rest_route=\/wp\/v2\/posts\/8209\/revisions\/8211"}],"wp:attachment":[{"href":"https:\/\/www.unesen.ca\/press\/index.php?rest_route=%2Fwp%2Fv2%2Fmedia&parent=8209"}],"wp:term":[{"taxonomy":"category","embeddable":true,"href":"https:\/\/www.unesen.ca\/press\/index.php?rest_route=%2Fwp%2Fv2%2Fcategories&post=8209"},{"taxonomy":"post_tag","embeddable":true,"href":"https:\/\/www.unesen.ca\/press\/index.php?rest_route=%2Fwp%2Fv2%2Ftags&post=8209"}],"curies":[{"name":"wp","href":"https:\/\/api.w.org\/{rel}","templated":true}]}}