{"id":8202,"date":"2020-06-19T06:20:45","date_gmt":"2020-06-19T11:20:45","guid":{"rendered":"http:\/\/fr.une-sen.org\/press\/?p=8202"},"modified":"2020-06-19T06:20:45","modified_gmt":"2020-06-19T11:20:45","slug":"reprise-des-negociations-pour-100%e2%80%89000-membres-de-lafpc","status":"publish","type":"post","link":"https:\/\/www.unesen.ca\/press\/?p=8202&amp;lang=fr","title":{"rendered":"Reprise des n\u00e9gociations pour 100\u2009000 membres de l&#8217;AFPC"},"content":{"rendered":"<p><img loading=\"lazy\" class=\"alignnone size-full wp-image-8203\" src=\"http:\/\/www.une-sen.org\/press\/wp-content\/uploads\/2020\/06\/Bargaining-1.png\" alt=\"\" width=\"1200\" height=\"630\" srcset=\"https:\/\/www.unesen.ca\/press\/wp-content\/uploads\/2020\/06\/Bargaining-1.png 1200w, https:\/\/www.unesen.ca\/press\/wp-content\/uploads\/2020\/06\/Bargaining-1-300x158.png 300w, https:\/\/www.unesen.ca\/press\/wp-content\/uploads\/2020\/06\/Bargaining-1-1024x538.png 1024w, https:\/\/www.unesen.ca\/press\/wp-content\/uploads\/2020\/06\/Bargaining-1-768x403.png 768w\" sizes=\"(max-width: 767px) 89vw, (max-width: 1000px) 54vw, (max-width: 1071px) 543px, 580px\" \/><\/p>\n<div class=\"field field-name-body field-type-text-with-summary field-label-hidden view-mode-full\">\n<div class=\"field-items\">\n<div class=\"field-item even\">\n<p lang=\"EN-GB\" xml:lang=\"EN-GB\">Apr\u00e8s des mois \u00e0 exercer des pressions, l\u2019AFPC et ses membres ont r\u00e9ussi \u00e0 ramener le gouvernement f\u00e9d\u00e9ral \u00e0 la table de n\u00e9gociation. C\u2019est donc du\u00a023 juin au 3\u00a0juillet\u00a0que reprendront les n\u00e9gociations avec le Conseil du Tr\u00e9sor pour les 70\u2009000\u00a0fonctionnaires f\u00e9d\u00e9raux du\u00a0<a href=\"http:\/\/syndicatafpc.ca\/groupe-pa\" target=\"_blank\" rel=\"noreferrer noopener\">groupe PA<\/a>, la plus grande unit\u00e9 de n\u00e9gociation de l&#8217;AFPC.\u00a0Les s\u00e9ances porteront notamment sur des\u00a0<a href=\"http:\/\/syndicatafpc.ca\/proposition-sur-enjeux-communs-0\" target=\"_blank\" rel=\"noreferrer noopener\">enjeux communs<\/a>\u00a0et\u00a0les\u00a0<a href=\"http:\/\/syndicatafpc.ca\/tout-sur-negociation-du-dedommagement-phenix\" target=\"_blank\" rel=\"noreferrer noopener\">dommages caus\u00e9s par Ph\u00e9nix.<\/a><\/p>\n<p lang=\"EN-GB\" xml:lang=\"EN-GB\">Et \u00e0 partir du 6\u00a0juillet, les pourparlers recommenceront pour les quelque 30\u00a0000 membres de l&#8217;AFPC-SEI \u00e0\u00a0<a href=\"http:\/\/syndicatafpc.ca\/agence-du-revenu-du-canada\" target=\"_blank\" rel=\"noreferrer noopener\">l\u2019Agence du revenu du Canada<\/a>.<\/p>\n<p lang=\"EN-GB\" xml:lang=\"EN-GB\">\u00ab\u00a0Reconnaissant le besoin de stabilit\u00e9 et d\u2019une juste r\u00e9mun\u00e9ration pour les fonctionnaires pendant la pand\u00e9mie, les provinces, les municipalit\u00e9s et de grands employeurs de l\u2019ensemble du pays ont n\u00e9goci\u00e9 et sign\u00e9 leurs conventions collectives depuis plusieurs mois d\u00e9j\u00e0, souligne Chris\u00a0Aylward, pr\u00e9sident national de l\u2019AFPC. Il est grand temps que le gouvernement f\u00e9d\u00e9ral embo\u00eete le pas pour ses employ\u00e9s.\u00a0\u00bb<\/p>\n<p lang=\"EN-GB\" xml:lang=\"EN-GB\">Tout au long de la pand\u00e9mie, les membres de l\u2019AFPC ont \u00e9t\u00e9 aux premi\u00e8res lignes pour lutter contre le virus et acheminer l\u2019aide financi\u00e8re d\u2019urgence \u00e0 des millions de Canadiennes et de Canadiens. Ils continuent \u00e0 offrir ces services critiques alors qu\u2019ils n\u2019ont pas de nouveau contrat de travail et que nombre d\u2019entre eux n\u2019ont pas eu droit \u00e0 une augmentation de salaire depuis quatre ans.<\/p>\n<p lang=\"EN-GB\" xml:lang=\"EN-GB\">Ces femmes et ces hommes continuent \u00e0 subir les cons\u00e9quences n\u00e9fastes du fiasco Ph\u00e9nix et n\u2019ont toujours pas obtenu de d\u00e9dommagement pour toutes ces difficult\u00e9s.<\/p>\n<p lang=\"EN-GB\" xml:lang=\"EN-GB\">\u00ab\u00a0Au cours des derni\u00e8res semaines, pr\u00e8s de 15\u00a0000 membres de l\u2019AFPC ont demand\u00e9 au gouvernement qu\u2019il ordonne au Conseil du Tr\u00e9sor de revenir \u00e0 la table de n\u00e9gociation. Le message a manifestement \u00e9t\u00e9 entendu, poursuit Chris\u00a0Aylward. On ne devrait pas avoir \u00e0 faire autant de pressions pour \u00eatre en mesure de n\u00e9gocier. Je tiens \u00e0 remercier nos membres d\u2019avoir appuy\u00e9 en si grand nombre nos \u00e9quipes de n\u00e9gociation.\u00a0\u00bb<\/p>\n<p lang=\"EN-GB\" xml:lang=\"EN-GB\">\u00ab\u00a0Et nous accueillons favorablement le changement d\u2019attitude du gouvernement f\u00e9d\u00e9ral, particuli\u00e8rement durant la Semaine nationale de la fonction publique, qui a d\u00e9cid\u00e9 de passer de la parole aux actes pour nos membres, ajoute le pr\u00e9sident\u00a0Aylward. Il doit maintenant se pr\u00e9senter \u00e0 la table afin de conclure un r\u00e8glement \u00e9quitable sans plus de d\u00e9lais.\u00a0\u00bb<\/p>\n<p lang=\"EN-GB\" xml:lang=\"EN-GB\">Une mise \u00e0 jour pour les\u00a0autres\u00a0unit\u00e9s\u00a0de\u00a0n\u00e9gociation\u00a0du Conseil du\u00a0Tr\u00e9sor\u00a0sera\u00a0bient\u00f4t\u00a0disponible.<\/p>\n<\/div>\n<\/div>\n<\/div>\n","protected":false},"excerpt":{"rendered":"<p>Apr\u00e8s des mois \u00e0 exercer des pressions, l\u2019AFPC et ses membres ont r\u00e9ussi \u00e0 ramener le gouvernement f\u00e9d\u00e9ral \u00e0 la table de n\u00e9gociation. C\u2019est donc du\u00a023 juin au 3\u00a0juillet\u00a0que reprendront les n\u00e9gociations avec le Conseil du Tr\u00e9sor pour les 70\u2009000\u00a0fonctionnaires f\u00e9d\u00e9raux du\u00a0groupe PA, la plus grande unit\u00e9 de n\u00e9gociation de l&#8217;AFPC.\u00a0Les s\u00e9ances porteront notamment sur &hellip; <\/p>\n<p class=\"link-more\"><a href=\"https:\/\/www.unesen.ca\/press\/?p=8202&#038;lang=fr\" class=\"more-link\">>><span class=\"screen-reader-text\"> &#8220;Reprise des n\u00e9gociations pour 100\u2009000 membres de l&#8217;AFPC&#8221;<\/span><\/a><\/p>\n","protected":false},"author":2,"featured_media":0,"comment_status":"closed","ping_status":"open","sticky":false,"template":"","format":"standard","meta":{"_links_to":"","_links_to_target":""},"categories":[],"tags":[],"_links":{"self":[{"href":"https:\/\/www.unesen.ca\/press\/index.php?rest_route=\/wp\/v2\/posts\/8202"}],"collection":[{"href":"https:\/\/www.unesen.ca\/press\/index.php?rest_route=\/wp\/v2\/posts"}],"about":[{"href":"https:\/\/www.unesen.ca\/press\/index.php?rest_route=\/wp\/v2\/types\/post"}],"author":[{"embeddable":true,"href":"https:\/\/www.unesen.ca\/press\/index.php?rest_route=\/wp\/v2\/users\/2"}],"replies":[{"embeddable":true,"href":"https:\/\/www.unesen.ca\/press\/index.php?rest_route=%2Fwp%2Fv2%2Fcomments&post=8202"}],"version-history":[{"count":1,"href":"https:\/\/www.unesen.ca\/press\/index.php?rest_route=\/wp\/v2\/posts\/8202\/revisions"}],"predecessor-version":[{"id":8204,"href":"https:\/\/www.unesen.ca\/press\/index.php?rest_route=\/wp\/v2\/posts\/8202\/revisions\/8204"}],"wp:attachment":[{"href":"https:\/\/www.unesen.ca\/press\/index.php?rest_route=%2Fwp%2Fv2%2Fmedia&parent=8202"}],"wp:term":[{"taxonomy":"category","embeddable":true,"href":"https:\/\/www.unesen.ca\/press\/index.php?rest_route=%2Fwp%2Fv2%2Fcategories&post=8202"},{"taxonomy":"post_tag","embeddable":true,"href":"https:\/\/www.unesen.ca\/press\/index.php?rest_route=%2Fwp%2Fv2%2Ftags&post=8202"}],"curies":[{"name":"wp","href":"https:\/\/api.w.org\/{rel}","templated":true}]}}