{"id":8196,"date":"2020-06-18T14:16:00","date_gmt":"2020-06-18T19:16:00","guid":{"rendered":"http:\/\/fr.une-sen.org\/press\/?p=8196"},"modified":"2020-06-19T08:20:42","modified_gmt":"2020-06-19T13:20:42","slug":"juin-est-le-mois-national-de-lhistoire-autochtone","status":"publish","type":"post","link":"https:\/\/www.unesen.ca\/press\/?p=8196&amp;lang=fr","title":{"rendered":"Juin est le Mois national de l\u2019histoire autochtone"},"content":{"rendered":"<p><img loading=\"lazy\" class=\"alignnone size-full wp-image-8197\" src=\"http:\/\/www.une-sen.org\/press\/wp-content\/uploads\/2020\/06\/NatInMonth-f.png\" alt=\"\" width=\"1200\" height=\"630\" srcset=\"https:\/\/www.unesen.ca\/press\/wp-content\/uploads\/2020\/06\/NatInMonth-f.png 1200w, https:\/\/www.unesen.ca\/press\/wp-content\/uploads\/2020\/06\/NatInMonth-f-300x158.png 300w, https:\/\/www.unesen.ca\/press\/wp-content\/uploads\/2020\/06\/NatInMonth-f-1024x538.png 1024w, https:\/\/www.unesen.ca\/press\/wp-content\/uploads\/2020\/06\/NatInMonth-f-768x403.png 768w\" sizes=\"(max-width: 767px) 89vw, (max-width: 1000px) 54vw, (max-width: 1071px) 543px, 580px\" \/><\/p>\n<p>Texte de Michael Freeman<\/p>\n<p>En juin, le Canada c\u00e9l\u00e8bre le Mois national de l\u2019histoire autochtone. Les peuples autochtones vivent et prosp\u00e8rent depuis des milliers d\u2019ann\u00e9es sur le territoire qu\u2019on appelle aujourd\u2019hui l\u2019Am\u00e9rique du Nord. Bien s\u00fbr, certains essaient de remettre en question cette chronologie; mais notre histoire orale et nos connaissances traditionnelles constituent la seule preuve dont nous, les Autochtones, avons besoin.<\/p>\n<p>Le Mois national de l\u2019histoire autochtone est le moment de se souvenir, d\u2019apprendre, de c\u00e9l\u00e9brer, de gu\u00e9rir, de grandir, de s\u2019unir, de se r\u00e9concilier et d\u2019esp\u00e9rer. C\u2019est l\u2019occasion pour les peuples partageant les m\u00eames valeurs de se rassembler. Dans l\u2019unit\u00e9, nous trouverons une nouvelle force.<\/p>\n<p>D\u2019un bout \u00e0 l\u2019autre du Canada, les peuples autochtones (expression qui d\u00e9signe les Autochtones, les M\u00e9tis et les Inuits) ont chacun leur propre histoire. Ce que chaque peuple a v\u00e9cu et a connu est unique. L\u2019histoire de ses peuples a \u00e9t\u00e9 interrompue, embrouill\u00e9e et \u00e0 jamais alt\u00e9r\u00e9e par l\u2019arriv\u00e9e des explorateurs et de tous ceux qui ont immigr\u00e9 sur leur terre. Cette coexistence difficile a \u00e9t\u00e9 le fondement d\u2019une relation fluctuante ax\u00e9e sur la confrontation dans les pires moments, sur la fiert\u00e9 et la c\u00e9l\u00e9bration dans les meilleurs.<\/p>\n<p>Vous pouvez explorer vous-m\u00eame la riche histoire des peuples autochtones en faisant des recherches et en \u00e9tudiant ce qui s\u2019est pass\u00e9. Assurez-vous de consulter autant des documents sur l\u2019histoire que sur les trait\u00e9s, les politiques et la r\u00e9conciliation. Il y a de nombreux auteurs autochtones modernes, et tout ce qu\u2019ils ont \u00e9crit vous permettra de vous sentir connect\u00e9(e), de lire et d\u2019apprendre pendant des semaines et des mois. Ne faites pas l\u2019erreur de ne lire que des livres d\u2019histoire \u00e9crits par des auteurs non autochtones; ce n\u2019est pas ainsi que vous pourrez conna\u00eetre l\u2019histoire du point de vue des Autochtones.<\/p>\n<p>La pand\u00e9mie qui touche actuellement tous les aspects de notre soci\u00e9t\u00e9 a entra\u00een\u00e9 le report ou l\u2019annulation de bon nombre de rassemblements, de c\u00e9l\u00e9brations et de c\u00e9r\u00e9monies en l\u2019honneur et en reconnaissance de la riche histoire des peuples autochtones. La solution est donc de se tourner vers le monde virtuel et d\u2019explorer les nombreux portails web accessibles.<\/p>\n<p>Il est temps de nous d\u00e9faire du racisme rampant dirig\u00e9 au Canada contre les peuples autochtones. Vous devez faire partie de la solution, si ce n\u2019est pas d\u00e9j\u00e0 fait\u00a0: engagez-vous \u00e0 comprendre la v\u00e9ritable relation entre les peuples autochtones et non autochtones et travaillez activement \u00e0 l\u2019am\u00e9liorer. Vous devez voir plus loin que les c\u00e9r\u00e9monies spectaculaires et les st\u00e9r\u00e9otypes aveugles d\u00e9coulant de l\u2019ignorance.<\/p>\n<p>Faites preuve de curiosit\u00e9 et d\u2019ouverture \u00e0 l\u2019apprentissage, \u00e0 la connaissance et aux nouvelles id\u00e9es. Et par-dessus tout, savourez l\u2019exp\u00e9rience.<\/p>\n<p><em>Michael Freeman est repr\u00e9sentant national aux droits de la personne du Syndicat des employ\u00e9es et employ\u00e9s nationaux, membre de l\u2019unit\u00e9 des n\u00e9gociations du groupe\u00a0EB, pr\u00e9sident de la section locale 00128 du SEN et enseignant et r\u00e9dacteur politique pour Services aux Autochtones Canada \u00e0 la r\u00e9serve des Six Nations, en Ontario.<\/em><\/p>\n","protected":false},"excerpt":{"rendered":"<p>Texte de Michael Freeman En juin, le Canada c\u00e9l\u00e8bre le Mois national de l\u2019histoire autochtone. Les peuples autochtones vivent et prosp\u00e8rent depuis des milliers d\u2019ann\u00e9es sur le territoire qu\u2019on appelle aujourd\u2019hui l\u2019Am\u00e9rique du Nord. Bien s\u00fbr, certains essaient de remettre en question cette chronologie; mais notre histoire orale et nos connaissances traditionnelles constituent la seule &hellip; <\/p>\n<p class=\"link-more\"><a href=\"https:\/\/www.unesen.ca\/press\/?p=8196&#038;lang=fr\" class=\"more-link\">>><span class=\"screen-reader-text\"> &#8220;Juin est le Mois national de l\u2019histoire autochtone&#8221;<\/span><\/a><\/p>\n","protected":false},"author":2,"featured_media":0,"comment_status":"closed","ping_status":"open","sticky":false,"template":"","format":"standard","meta":{"_links_to":"","_links_to_target":""},"categories":[],"tags":[],"_links":{"self":[{"href":"https:\/\/www.unesen.ca\/press\/index.php?rest_route=\/wp\/v2\/posts\/8196"}],"collection":[{"href":"https:\/\/www.unesen.ca\/press\/index.php?rest_route=\/wp\/v2\/posts"}],"about":[{"href":"https:\/\/www.unesen.ca\/press\/index.php?rest_route=\/wp\/v2\/types\/post"}],"author":[{"embeddable":true,"href":"https:\/\/www.unesen.ca\/press\/index.php?rest_route=\/wp\/v2\/users\/2"}],"replies":[{"embeddable":true,"href":"https:\/\/www.unesen.ca\/press\/index.php?rest_route=%2Fwp%2Fv2%2Fcomments&post=8196"}],"version-history":[{"count":2,"href":"https:\/\/www.unesen.ca\/press\/index.php?rest_route=\/wp\/v2\/posts\/8196\/revisions"}],"predecessor-version":[{"id":8205,"href":"https:\/\/www.unesen.ca\/press\/index.php?rest_route=\/wp\/v2\/posts\/8196\/revisions\/8205"}],"wp:attachment":[{"href":"https:\/\/www.unesen.ca\/press\/index.php?rest_route=%2Fwp%2Fv2%2Fmedia&parent=8196"}],"wp:term":[{"taxonomy":"category","embeddable":true,"href":"https:\/\/www.unesen.ca\/press\/index.php?rest_route=%2Fwp%2Fv2%2Fcategories&post=8196"},{"taxonomy":"post_tag","embeddable":true,"href":"https:\/\/www.unesen.ca\/press\/index.php?rest_route=%2Fwp%2Fv2%2Ftags&post=8196"}],"curies":[{"name":"wp","href":"https:\/\/api.w.org\/{rel}","templated":true}]}}