{"id":8187,"date":"2020-06-18T13:13:21","date_gmt":"2020-06-18T18:13:21","guid":{"rendered":"http:\/\/fr.une-sen.org\/press\/?p=8187"},"modified":"2020-06-18T13:13:21","modified_gmt":"2020-06-18T18:13:21","slug":"lafpc-prairies-et-le-sen-exhortent-le-musee-canadien-des-droits-de-la-personne-a-ne-pas-prolonger-le-mandat-de-m-young-a-titre-de-pdg","status":"publish","type":"post","link":"https:\/\/www.unesen.ca\/press\/?p=8187&amp;lang=fr","title":{"rendered":"L\u2019AFPC-Prairies et le SEN exhortent le Mus\u00e9e canadien des droits de la personne \u00e0 ne pas prolonger le mandat de M. Young \u00e0 titre de PDG"},"content":{"rendered":"<p><img loading=\"lazy\" class=\"alignnone size-full wp-image-8190\" src=\"http:\/\/www.une-sen.org\/press\/wp-content\/uploads\/2020\/06\/Exit-1.png\" alt=\"\" width=\"1200\" height=\"630\" srcset=\"https:\/\/www.unesen.ca\/press\/wp-content\/uploads\/2020\/06\/Exit-1.png 1200w, https:\/\/www.unesen.ca\/press\/wp-content\/uploads\/2020\/06\/Exit-1-300x158.png 300w, https:\/\/www.unesen.ca\/press\/wp-content\/uploads\/2020\/06\/Exit-1-1024x538.png 1024w, https:\/\/www.unesen.ca\/press\/wp-content\/uploads\/2020\/06\/Exit-1-768x403.png 768w\" sizes=\"(max-width: 767px) 89vw, (max-width: 1000px) 54vw, (max-width: 1071px) 543px, 580px\" \/><\/p>\n<p>Monsieur le Ministre,<\/p>\n<p>Nous ne doutons pas que vous avez \u00e9t\u00e9 mis au courant de la r\u00e9cente divulgation par d\u2019anciennes employ\u00e9es d\u2019anciens employ\u00e9s du Mus\u00e9e canadien des droits de la personne (MCDP) \u00e0 Winnipeg qu\u2019elles\/ils ont \u00e9t\u00e9 victimes de racisme et de harc\u00e8lement continus et syst\u00e9miques lorsqu\u2019elles\/ils travaillaient dans cette institution.<\/p>\n<p>En tant que syndicat repr\u00e9sentant 160 membres employ\u00e9.e.s au MCDP, cette r\u00e9v\u00e9lation n\u2019a \u00e9t\u00e9 une surprise pour aucun.e d\u2019entre nous. L\u2019Ex\u00e9cutif syndical de notre section locale soul\u00e8ve la question de fa\u00e7on r\u00e9p\u00e9t\u00e9e depuis plusieurs ann\u00e9es. Et r\u00e9cemment, parce que la direction n\u2019a pas reconnu la situation ni pris de mesures, notre \u00e9quipe de n\u00e9gociation a d\u00e9pos\u00e9 une proposition de formation obligatoire de lutte contre le harc\u00e8lement et contre la discrimination pour tout le personnel. Preuve du refus de la direction de prendre cette affaire au s\u00e9rieux, la proposition a \u00e9t\u00e9 rejet\u00e9e.<\/p>\n<p>R\u00e9cemment, en r\u00e9ponse \u00e0 des reportages dans les m\u00e9dias, le PDG, John Young, a d\u00e9clar\u00e9 que le niveau de pr\u00e9occupation exprim\u00e9 sur les r\u00e9seaux sociaux \u00e9tonne de nombreuses personnes travaillant au Mus\u00e9e. Ce n\u2019\u00e9tait aucunement une surprise pour la direction et en particulier le PDG.<\/p>\n<p>La r\u00e9ponse de l\u2019administration, savoir qu\u2019elle ira \u00e0 la rencontre du personnel et des b\u00e9n\u00e9voles afin d\u2019\u00e9couter leurs exp\u00e9riences et leurs pr\u00e9occupations est, au mieux, une r\u00e9ponse faible qui ne montre pas que l\u2019employeur prend position contre le racisme et le harc\u00e8lement dans un milieu de travail toxique.<\/p>\n<p>Nous savons que le mandat de M. Young \u00e0 titre de PDG viendra \u00e0 \u00e9ch\u00e9ance le 16 ao\u00fbt 2020. Monsieur le ministre Guilbeault, pour le bien-\u00eatre des employ\u00e9.e.s et pour s\u2019assurer que l\u2019institution est en voie de restaurer sa cr\u00e9dibilit\u00e9, nous vous exhortons \u00e0 ne pas prolonger le mandat de M. Young \u00e0 titre de PDG du MCDP.<\/p>\n<p>Nous pouvons vous dire que les \u00ab discussions \u00bb avec le personnel \u00e0 la suite des publications sur les m\u00e9dias sociaux n\u2019\u00e9taient en aucune fa\u00e7on sinc\u00e8res, et le personnel ne pense absolument pas que l\u2019\u00e9quipe de gestion du MCDP, sous la direction de M. Young, comprenne le s\u00e9rieux de la situation ou en soit consciente.<\/p>\n<p>Le mandat officiel du MCDP est :<\/p>\n<p><em>\u00ab [\u2026] d\u2019explorer le th\u00e8me des droits de la personne, en mettant un accent particulier sur le Canada, en vue d\u2019accro\u00eetre la compr\u00e9hension du public \u00e0 cet \u00e9gard, de promouvoir le respect des autres et d\u2019encourager la r\u00e9flexion et le dialogue. \u00bb<\/em><\/p>\n<p>Nos membres sont tr\u00e8s d\u00e9vou\u00e9.e.s et fier-\u00e8re.s de leur travail, mais estiment que ce qui se passe derri\u00e8re des portes closes rel\u00e8ve de l\u2019hypocrisie par rapport au mandat. Malheureusement, au fil des ans, les employ\u00e9.e.s ont choisi de partir tranquillement au lieu de s\u2019exprimer publiquement afin de pr\u00e9server l\u2019int\u00e9grit\u00e9 de l\u2019institution. Monsieur le Ministre Guilbeault, nous vous exhortons \u00e0 ne pas prolonger le mandat de M. Young et \u00e0 veiller \u00e0 ce que tout candidat potentiel \u00e0 une nomination \u00e0 titre de pr\u00e9sident et chef de la direction ait les comp\u00e9tences requises pour que des mesures appropri\u00e9es soient prises imm\u00e9diatement afin que l\u2019on puisse r\u00e9tablir la confiance des employ\u00e9.e.s et celle de la population canadienne.<\/p>\n<p>Nous attendons votre r\u00e9ponse avec impatience.<\/p>\n<p>Sinc\u00e8rement,<\/p>\n<p>Marianne Hladun<br \/>\nVice-pr\u00e9sidente ex\u00e9cutive r\u00e9gionale<br \/>\nAlliance de la fonction publique du Canada \u2013 Prairies<\/p>\n<p>Kevin King<br \/>\nPr\u00e9sident national<br \/>\nSyndicat des employ\u00e9es et employ\u00e9s nationaux<\/p>\n<p>Ex\u00e9cutif de la section locale 50773 \u2013 AFPC<\/p>\n<p>&nbsp;<\/p>\n<table class=\"sticky-enabled tableheader-processed sticky-table\">\n<tbody>\n<tr class=\"odd\">\n<td><span class=\"file\"><img class=\"file-icon\" title=\"application\/pdf\" src=\"https:\/\/prairies.psac.com\/modules\/file\/icons\/application-pdf.png\" alt=\"PDF icon\" \/>\u00a0<a title=\"2020-06-17_ltr_to_minster_re_cmhr_final.pdf\" href=\"https:\/\/prairies.psac.com\/sites\/prairies\/files\/2020-06-17_ltr_to_minster_re_cmhr_final.pdf\" type=\"application\/pdf; length=148410\">Lettre \u00e0 Ministre Guilbeault_MCDP (en anglais seulement)<\/a><\/span><\/td>\n<\/tr>\n<\/tbody>\n<\/table>\n","protected":false},"excerpt":{"rendered":"<p>Monsieur le Ministre, Nous ne doutons pas que vous avez \u00e9t\u00e9 mis au courant de la r\u00e9cente divulgation par d\u2019anciennes employ\u00e9es d\u2019anciens employ\u00e9s du Mus\u00e9e canadien des droits de la personne (MCDP) \u00e0 Winnipeg qu\u2019elles\/ils ont \u00e9t\u00e9 victimes de racisme et de harc\u00e8lement continus et syst\u00e9miques lorsqu\u2019elles\/ils travaillaient dans cette institution. En tant que syndicat &hellip; <\/p>\n<p class=\"link-more\"><a href=\"https:\/\/www.unesen.ca\/press\/?p=8187&#038;lang=fr\" class=\"more-link\">>><span class=\"screen-reader-text\"> &#8220;L\u2019AFPC-Prairies et le SEN exhortent le Mus\u00e9e canadien des droits de la personne \u00e0 ne pas prolonger le mandat de M. Young \u00e0 titre de PDG&#8221;<\/span><\/a><\/p>\n","protected":false},"author":6,"featured_media":0,"comment_status":"closed","ping_status":"open","sticky":false,"template":"","format":"standard","meta":{"_links_to":"","_links_to_target":""},"categories":[],"tags":[],"_links":{"self":[{"href":"https:\/\/www.unesen.ca\/press\/index.php?rest_route=\/wp\/v2\/posts\/8187"}],"collection":[{"href":"https:\/\/www.unesen.ca\/press\/index.php?rest_route=\/wp\/v2\/posts"}],"about":[{"href":"https:\/\/www.unesen.ca\/press\/index.php?rest_route=\/wp\/v2\/types\/post"}],"author":[{"embeddable":true,"href":"https:\/\/www.unesen.ca\/press\/index.php?rest_route=\/wp\/v2\/users\/6"}],"replies":[{"embeddable":true,"href":"https:\/\/www.unesen.ca\/press\/index.php?rest_route=%2Fwp%2Fv2%2Fcomments&post=8187"}],"version-history":[{"count":2,"href":"https:\/\/www.unesen.ca\/press\/index.php?rest_route=\/wp\/v2\/posts\/8187\/revisions"}],"predecessor-version":[{"id":8191,"href":"https:\/\/www.unesen.ca\/press\/index.php?rest_route=\/wp\/v2\/posts\/8187\/revisions\/8191"}],"wp:attachment":[{"href":"https:\/\/www.unesen.ca\/press\/index.php?rest_route=%2Fwp%2Fv2%2Fmedia&parent=8187"}],"wp:term":[{"taxonomy":"category","embeddable":true,"href":"https:\/\/www.unesen.ca\/press\/index.php?rest_route=%2Fwp%2Fv2%2Fcategories&post=8187"},{"taxonomy":"post_tag","embeddable":true,"href":"https:\/\/www.unesen.ca\/press\/index.php?rest_route=%2Fwp%2Fv2%2Ftags&post=8187"}],"curies":[{"name":"wp","href":"https:\/\/api.w.org\/{rel}","templated":true}]}}