{"id":8176,"date":"2020-06-17T10:45:03","date_gmt":"2020-06-17T15:45:03","guid":{"rendered":"http:\/\/fr.une-sen.org\/press\/?p=8176"},"modified":"2020-06-17T14:43:29","modified_gmt":"2020-06-17T19:43:29","slug":"reflexions-sur-la-journee-nationale-des-peuples-autochtones","status":"publish","type":"post","link":"https:\/\/www.unesen.ca\/press\/?p=8176&amp;lang=fr","title":{"rendered":"R\u00e9flexions sur la Journ\u00e9e nationale des peuples autochtones"},"content":{"rendered":"<p><img loading=\"lazy\" class=\"alignnone size-full wp-image-8177\" src=\"http:\/\/www.une-sen.org\/press\/wp-content\/uploads\/2020\/06\/NatIndigDay2020-f.png\" alt=\"\" width=\"1200\" height=\"630\" srcset=\"https:\/\/www.unesen.ca\/press\/wp-content\/uploads\/2020\/06\/NatIndigDay2020-f.png 1200w, https:\/\/www.unesen.ca\/press\/wp-content\/uploads\/2020\/06\/NatIndigDay2020-f-300x158.png 300w, https:\/\/www.unesen.ca\/press\/wp-content\/uploads\/2020\/06\/NatIndigDay2020-f-1024x538.png 1024w, https:\/\/www.unesen.ca\/press\/wp-content\/uploads\/2020\/06\/NatIndigDay2020-f-768x403.png 768w\" sizes=\"(max-width: 767px) 89vw, (max-width: 1000px) 54vw, (max-width: 1071px) 543px, 580px\" \/><\/p>\n<p>Par Lenora Maracle<\/p>\n<p>Nous avons vu la r\u00e9action publique \u00e0 l\u2019injustice raciale et \u00e0 la brutalit\u00e9 polici\u00e8re; nous devons reconna\u00eetre notre propre pass\u00e9 de colonialisme et les injustices qui ont eu lieu hier et qui ont lieu encore aujourd\u2019hui. Des gens de toutes les collectivit\u00e9s du pays endurent une forme ou une autre de discrimination.<\/p>\n<p>J\u2019aimerais reconna\u00eetre toutes celles et ceux qui subissent les effets du racisme et toutes celles et ceux qui leur tendent la main. Nous sommes trop nombreuses et nombreux \u00e0 \u00e9prouver de la souffrance et de la col\u00e8re; les \u00e9v\u00e9nements d\u2019aujourd\u2019hui ne peuvent laisser personne indiff\u00e9rent.<\/p>\n<p>Je soutiens fermement les personnes noires, les Autochtones et les gens de couleur, la communaut\u00e9 LGBTQ2S+ ainsi que les personnes vivant avec un handicap ou toute forme de limitation. Je participerai \u00e0 la lutte contre le racisme, l\u2019oppression et la marginalisation.<\/p>\n<p>Il a un an ce mois-ci \u00e9tait publi\u00e9 le rapport final de l\u2019Enqu\u00eate nationale sur les femmes et les filles autochtones disparues et assassin\u00e9es. Nous honorons la m\u00e9moire des filles, des m\u00e8res, des grand-m\u00e8res, des tantes qui nous ont \u00e9t\u00e9 enlev\u00e9es, sans oublier les membres de la communaut\u00e9 LGBTQ2S+, et nous pensons aussi \u00e0 celles et ceux qui restent, aux familles et aux collectivit\u00e9s dont la vie a irr\u00e9m\u00e9diablement bascul\u00e9.<\/p>\n<p>La colonisation laisse sa marque sur les peuples autochtones, mais cette marque est souvent invisible aux yeux des Candiennes et Canadiens.<\/p>\n<p>Il nous faut aujourd\u2019hui expliquer tout cela \u00e0 la soci\u00e9t\u00e9 dans son ensemble, lui faire comprendre que les taux \u00e9lev\u00e9s de suicide et de toxicomanie d\u00e9coulent de traumatismes qui remontent \u00e0 plusieurs g\u00e9n\u00e9rations d\u00e9j\u00e0. Il faut aussi lui montrer que les langues, les cultures et les rituels autochtones existent encore, malgr\u00e9 ces traumatismes historiques.<\/p>\n<p>Nous sommes un peuple r\u00e9silient. La r\u00e9silience, c\u2019est cette force int\u00e9rieure qui aide les gens \u00e0 reprendre pied et \u00e0 poursuivre leur chemin dans l\u2019adversit\u00e9. L\u2019identit\u00e9, les terres, la culture et l\u2019histoire autochtones sont l\u2019illustration m\u00eame de la r\u00e9silience.<\/p>\n<p>La r\u00e9silience est au c\u0153ur des collectivit\u00e9s autochtones.<\/p>\n<p>Les Autochtones doivent se r\u00e9approprier leur culture traditionnelle, se d\u00e9finir de nouveau comme un peuple indissociable de son territoire et r\u00e9affirmer leur identit\u00e9 distincte. C\u2019est cela, la d\u00e9colonisation.<\/p>\n<p>Nous devons aussi gu\u00e9rir de nos blessures. Pour cela, nous devrons apprendre \u00e0 apprendre et entamer un voyage vers le bien-\u00eatre, ce qui suppose de prendre soin de nous. Nous devons comprendre les forces de l\u2019histoire qui ont fa\u00e7onn\u00e9 notre mode de vie actuel. Nous devons d\u00e9couvrir, nommer et transmettre le savoir, les valeurs et les modes de connaissance autochtones, tout en int\u00e9grant certaines fa\u00e7ons de faire occidentales. Pour relever les d\u00e9fis de la soci\u00e9t\u00e9 d\u2019aujourd\u2019hui, il nous faut appliquer et adapter le savoir, les valeurs et les modes de connaissance \u00e0 la fois autochtones et occidentaux.<\/p>\n<p>En langue mohawk, \u00ab\u00a0Kanaronkwa\u00a0\u00bb signifie \u00ab\u00a0amour\u00a0\u00bb, c\u2019est-\u00e0-dire un sentiment d\u2019intense affection et de compassion pour autrui. C\u2019est ce sentiment que j\u2019\u00e9prouve pour mes fr\u00e8res et s\u0153urs autochtones.<\/p>\n<p>Onen<\/p>\n<p>&nbsp;<\/p>\n<p><em>Lenora Maracle est repr\u00e9sentante nationale de l\u2019\u00e9quit\u00e9 pour les peuples autochtones du SEN.<\/em><\/p>\n<p>&nbsp;<\/p>\n<p>&nbsp;<\/p>\n<p>&nbsp;<\/p>\n<p>&nbsp;<\/p>\n","protected":false},"excerpt":{"rendered":"<p>Par Lenora Maracle Nous avons vu la r\u00e9action publique \u00e0 l\u2019injustice raciale et \u00e0 la brutalit\u00e9 polici\u00e8re; nous devons reconna\u00eetre notre propre pass\u00e9 de colonialisme et les injustices qui ont eu lieu hier et qui ont lieu encore aujourd\u2019hui. Des gens de toutes les collectivit\u00e9s du pays endurent une forme ou une autre de discrimination. &hellip; <\/p>\n<p class=\"link-more\"><a href=\"https:\/\/www.unesen.ca\/press\/?p=8176&#038;lang=fr\" class=\"more-link\">>><span class=\"screen-reader-text\"> &#8220;R\u00e9flexions sur la Journ\u00e9e nationale des peuples autochtones&#8221;<\/span><\/a><\/p>\n","protected":false},"author":2,"featured_media":0,"comment_status":"closed","ping_status":"open","sticky":false,"template":"","format":"standard","meta":{"_links_to":"","_links_to_target":""},"categories":[],"tags":[],"_links":{"self":[{"href":"https:\/\/www.unesen.ca\/press\/index.php?rest_route=\/wp\/v2\/posts\/8176"}],"collection":[{"href":"https:\/\/www.unesen.ca\/press\/index.php?rest_route=\/wp\/v2\/posts"}],"about":[{"href":"https:\/\/www.unesen.ca\/press\/index.php?rest_route=\/wp\/v2\/types\/post"}],"author":[{"embeddable":true,"href":"https:\/\/www.unesen.ca\/press\/index.php?rest_route=\/wp\/v2\/users\/2"}],"replies":[{"embeddable":true,"href":"https:\/\/www.unesen.ca\/press\/index.php?rest_route=%2Fwp%2Fv2%2Fcomments&post=8176"}],"version-history":[{"count":3,"href":"https:\/\/www.unesen.ca\/press\/index.php?rest_route=\/wp\/v2\/posts\/8176\/revisions"}],"predecessor-version":[{"id":8181,"href":"https:\/\/www.unesen.ca\/press\/index.php?rest_route=\/wp\/v2\/posts\/8176\/revisions\/8181"}],"wp:attachment":[{"href":"https:\/\/www.unesen.ca\/press\/index.php?rest_route=%2Fwp%2Fv2%2Fmedia&parent=8176"}],"wp:term":[{"taxonomy":"category","embeddable":true,"href":"https:\/\/www.unesen.ca\/press\/index.php?rest_route=%2Fwp%2Fv2%2Fcategories&post=8176"},{"taxonomy":"post_tag","embeddable":true,"href":"https:\/\/www.unesen.ca\/press\/index.php?rest_route=%2Fwp%2Fv2%2Ftags&post=8176"}],"curies":[{"name":"wp","href":"https:\/\/api.w.org\/{rel}","templated":true}]}}