{"id":8167,"date":"2020-06-15T09:53:40","date_gmt":"2020-06-15T14:53:40","guid":{"rendered":"http:\/\/fr.une-sen.org\/press\/?p=8167"},"modified":"2020-06-15T09:53:40","modified_gmt":"2020-06-15T14:53:40","slug":"message-du-president-national-du-sen-a-loccasion-de-la-semaine-nationale-de-la-fonction-publique","status":"publish","type":"post","link":"https:\/\/www.unesen.ca\/press\/?p=8167&amp;lang=fr","title":{"rendered":"Message du pr\u00e9sident national du SEN \u00e0 l\u2019occasion de la Semaine nationale de la fonction publique"},"content":{"rendered":"<p><img loading=\"lazy\" class=\"alignnone size-full wp-image-8170\" src=\"http:\/\/www.une-sen.org\/press\/wp-content\/uploads\/2020\/06\/KevinNews-1.png\" alt=\"\" width=\"1200\" height=\"630\" srcset=\"https:\/\/www.unesen.ca\/press\/wp-content\/uploads\/2020\/06\/KevinNews-1.png 1200w, https:\/\/www.unesen.ca\/press\/wp-content\/uploads\/2020\/06\/KevinNews-1-300x158.png 300w, https:\/\/www.unesen.ca\/press\/wp-content\/uploads\/2020\/06\/KevinNews-1-1024x538.png 1024w, https:\/\/www.unesen.ca\/press\/wp-content\/uploads\/2020\/06\/KevinNews-1-768x403.png 768w\" sizes=\"(max-width: 767px) 89vw, (max-width: 1000px) 54vw, (max-width: 1071px) 543px, 580px\" \/><\/p>\n<p>Membres de la famille du SEN,<\/p>\n<p>Nous c\u00e9l\u00e9brons cette semaine la Semaine nationale de la fonction publique (SNFP), dont l\u2019objectif est de \u00ab reconna\u00eetre la valeur des services rendus par les employ\u00e9s de la fonction publique f\u00e9d\u00e9rale \u00bb et de \u00ab souligner la contribution apport\u00e9e par les employ\u00e9s de la fonction publique f\u00e9d\u00e9rale \u00e0 l\u2019administration f\u00e9d\u00e9rale \u00bb.<\/p>\n<p>Depuis le d\u00e9but de l\u2019\u00e9pid\u00e9mie de COVID-19, nos membres ont \u00e9t\u00e9 exemplaires et ont redoubl\u00e9 d\u2019efforts afin d\u2019assurer la prestation des services publics f\u00e9d\u00e9raux. Que ce soit en effectuant des t\u00e2ches essentielles ou en travaillant \u00e0 distance de la maison, nos membres se sont rapidement adapt\u00e9.e.s \u00e0 cette situation sans pr\u00e9c\u00e9dent.<\/p>\n<p>Beaucoup de nos membres relevant du gouvernement f\u00e9d\u00e9ral tentent toujours de n\u00e9gocier une convention collective juste et \u00e9quitable, y compris les membres des employeurs distincts, les membres des unit\u00e9s de n\u00e9gociation du Conseil du Tr\u00e9sor \u2013 Services des programmes et de l\u2019administration (PA), Services de l\u2019exploitation (SV), Service technique (TC) et Enseignement et biblioth\u00e9conomie (EB) \u2013, les membres de Parcs Canada et les membres des Op\u00e9rations des enqu\u00eates statistiques (OES).<\/p>\n<p>Les membres du SEN ont \u00e9t\u00e9 pr\u00e9sent.e.s pour le Canada durant la pand\u00e9mie, et nous nous attendons en retour \u00e0 ce que le gouvernement du Canada, s\u2019il reconna\u00eet vraiment la valeur des travailleuses et travailleurs, soit pr\u00e9sent pour elles et eux, et retourne \u00e0 la table de n\u00e9gociation.<\/p>\n<p>Respectueusement et en toute solidarit\u00e9,<\/p>\n<p>Kevin King<br \/>\nPr\u00e9sident national du SEN<\/p>\n","protected":false},"excerpt":{"rendered":"<p>Membres de la famille du SEN, Nous c\u00e9l\u00e9brons cette semaine la Semaine nationale de la fonction publique (SNFP), dont l\u2019objectif est de \u00ab reconna\u00eetre la valeur des services rendus par les employ\u00e9s de la fonction publique f\u00e9d\u00e9rale \u00bb et de \u00ab souligner la contribution apport\u00e9e par les employ\u00e9s de la fonction publique f\u00e9d\u00e9rale \u00e0 l\u2019administration &hellip; <\/p>\n<p class=\"link-more\"><a href=\"https:\/\/www.unesen.ca\/press\/?p=8167&#038;lang=fr\" class=\"more-link\">>><span class=\"screen-reader-text\"> &#8220;Message du pr\u00e9sident national du SEN \u00e0 l\u2019occasion de la Semaine nationale de la fonction publique&#8221;<\/span><\/a><\/p>\n","protected":false},"author":6,"featured_media":0,"comment_status":"closed","ping_status":"open","sticky":false,"template":"","format":"standard","meta":{"_links_to":"","_links_to_target":""},"categories":[],"tags":[],"_links":{"self":[{"href":"https:\/\/www.unesen.ca\/press\/index.php?rest_route=\/wp\/v2\/posts\/8167"}],"collection":[{"href":"https:\/\/www.unesen.ca\/press\/index.php?rest_route=\/wp\/v2\/posts"}],"about":[{"href":"https:\/\/www.unesen.ca\/press\/index.php?rest_route=\/wp\/v2\/types\/post"}],"author":[{"embeddable":true,"href":"https:\/\/www.unesen.ca\/press\/index.php?rest_route=\/wp\/v2\/users\/6"}],"replies":[{"embeddable":true,"href":"https:\/\/www.unesen.ca\/press\/index.php?rest_route=%2Fwp%2Fv2%2Fcomments&post=8167"}],"version-history":[{"count":2,"href":"https:\/\/www.unesen.ca\/press\/index.php?rest_route=\/wp\/v2\/posts\/8167\/revisions"}],"predecessor-version":[{"id":8171,"href":"https:\/\/www.unesen.ca\/press\/index.php?rest_route=\/wp\/v2\/posts\/8167\/revisions\/8171"}],"wp:attachment":[{"href":"https:\/\/www.unesen.ca\/press\/index.php?rest_route=%2Fwp%2Fv2%2Fmedia&parent=8167"}],"wp:term":[{"taxonomy":"category","embeddable":true,"href":"https:\/\/www.unesen.ca\/press\/index.php?rest_route=%2Fwp%2Fv2%2Fcategories&post=8167"},{"taxonomy":"post_tag","embeddable":true,"href":"https:\/\/www.unesen.ca\/press\/index.php?rest_route=%2Fwp%2Fv2%2Ftags&post=8167"}],"curies":[{"name":"wp","href":"https:\/\/api.w.org\/{rel}","templated":true}]}}