{"id":8160,"date":"2020-06-08T10:59:52","date_gmt":"2020-06-08T15:59:52","guid":{"rendered":"http:\/\/fr.une-sen.org\/press\/?p=8160"},"modified":"2020-06-08T10:59:52","modified_gmt":"2020-06-08T15:59:52","slug":"lafpc-reclame-plus-daide-pour-les-services-de%e2%80%afgarde","status":"publish","type":"post","link":"https:\/\/www.unesen.ca\/press\/?p=8160&amp;lang=fr","title":{"rendered":"L\u2019AFPC r\u00e9clame plus d\u2019aide pour les services de\u202fgarde"},"content":{"rendered":"<p><img loading=\"lazy\" class=\"alignnone size-full wp-image-8161\" src=\"http:\/\/www.une-sen.org\/press\/wp-content\/uploads\/2020\/06\/Childcare-1.png\" alt=\"\" width=\"1200\" height=\"630\" srcset=\"https:\/\/www.unesen.ca\/press\/wp-content\/uploads\/2020\/06\/Childcare-1.png 1200w, https:\/\/www.unesen.ca\/press\/wp-content\/uploads\/2020\/06\/Childcare-1-300x158.png 300w, https:\/\/www.unesen.ca\/press\/wp-content\/uploads\/2020\/06\/Childcare-1-1024x538.png 1024w, https:\/\/www.unesen.ca\/press\/wp-content\/uploads\/2020\/06\/Childcare-1-768x403.png 768w\" sizes=\"(max-width: 767px) 89vw, (max-width: 1000px) 54vw, (max-width: 1071px) 543px, 580px\" \/><\/p>\n<p>L\u2019\u00e9conomie canadienne reprend tranquillement, mais bien\u00a0des\u00a0personnes, surtout des femmes,\u00a0ne pourront retourner\u00a0au\u00a0travail\u00a0faute\u00a0de\u00a0services\u00a0de garde abordables et accessibles. Il y a toujours eu un manque criant de services de garde agr\u00e9\u00e9s, mais la pand\u00e9mie emp\u00eache\u00a0maintenant\u00a0les garderies de fonctionner\u00a0\u00e0 pleine\u00a0capacit\u00e9.<\/p>\n<h2>Raret\u00e9 des services de garde<\/h2>\n<p>On s\u2019attend \u00e0\u00a0ce qu\u2019il y ait moins\u00a0de places en garderie pendant un certain temps\u00a0en raison des mesures de pr\u00e9caution qui doivent \u00eatre appliqu\u00e9es. Le gouvernement du Qu\u00e9bec, par exemple,\u00a0a autoris\u00e9\u00a0la r\u00e9ouverture graduelle des garderies,\u00a0mais \u00e0\u00a030\u202f%\u00a0de leur capacit\u00e9 normale.\u00a0Comme on doit\u00a0faire le d\u00e9pistage aupr\u00e8s des\u00a0enfants et\u00a0des parents \u00e0 leur arriv\u00e9e, surveiller la sant\u00e9 des enfants tout au long de la journ\u00e9e et\u00a0nettoyer\u00a0les jouets et les surfaces, le ratio d\u2019enfants par \u00e9ducatrice est limit\u00e9.<\/p>\n<h2 role=\"heading\" aria-level=\"2\">Pr\u00e9occupations en mati\u00e8re de s\u00e9curit\u00e9<\/h2>\n<p>De\u00a0nombreux\u00a0parents s\u2019inqui\u00e8tent de la\u00a0sant\u00e9 et\u00a0de la\u00a0s\u00e9curit\u00e9 de leurs enfants, surtout ceux qui doivent recourir \u00e0 des\u00a0services de garde\u00a0non\u00a0agr\u00e9\u00e9s et non r\u00e9glement\u00e9s. Comme les directives varient d\u2019une province\u00a0et\u00a0d\u2019un territoire \u00e0 l\u2019autre, les parents\u00a0craignent davantage d\u2019envoyer leurs enfants en garderie.<\/p>\n<h2>Meilleur acc\u00e8s aux services de garde abordables<\/h2>\n<p>L\u2019Alliance de la Fonction publique du Canada continue de militer activement pour\u00a0des\u00a0services de garde\u00a0accessibles, abordables, s\u00e9curitaires et de qualit\u00e9.\u00a0La\u00a0COVID-19\u00a0a\u00a0mis\u00a0en relief\u00a0l\u2019importance des services de garde d\u2019enfants et les d\u00e9fis qui\u00a0s\u2019y rattachent.<\/p>\n<p><strong>Le gouvernement doit faire mieux.\u00a0L\u2019AFPC souhaite un avenir o\u00f9\u00a0les services de garde autoris\u00e9s\u202f:\u00a0<\/strong><\/p>\n<ul role=\"list\">\n<li role=\"listitem\" aria-setsize=\"-1\" data-aria-level=\"1\" data-aria-posinset=\"1\" data-font=\"Symbol\" data-leveltext=\"\uf0b7\" data-listid=\"2\">seront\u00a0accessibles,\u00a0abordables et offriront des soins \u00e9ducatifs de qualit\u00e9 \u00e0 la petite enfance;<\/li>\n<li role=\"listitem\" aria-setsize=\"-1\" data-aria-level=\"1\" data-aria-posinset=\"2\" data-font=\"Symbol\" data-leveltext=\"\uf0b7\" data-listid=\"2\">seront\u00a0inclusifs et\u00a0auront\u00a0des programmes\u00a0qui tiennent compte des\u00a0caract\u00e9ristiques\u00a0culturelles;<\/li>\n<li role=\"listitem\" aria-setsize=\"-1\" data-aria-level=\"1\" data-aria-posinset=\"3\" data-font=\"Symbol\" data-leveltext=\"\uf0b7\" data-listid=\"2\">offriront\u00a0une r\u00e9mun\u00e9ration\u00a0d\u00e9cente\u00a0et un\u00a0meilleur\u00a0soutien au\u00a0personnel\u00a0charg\u00e9\u00a0de l\u2019\u00e9ducation \u00e0 la petite enfance;<\/li>\n<\/ul>\n<ul role=\"list\">\n<li role=\"listitem\" aria-setsize=\"-1\" data-aria-level=\"1\" data-aria-posinset=\"1\" data-font=\"Symbol\" data-leveltext=\"\uf0b7\" data-listid=\"2\">feront\u00a0preuve de souplesse et de compr\u00e9hension pour permettre aux m\u00e8res en particulier de retourner\u00a0au\u00a0travail si elles le souhaitent.<\/li>\n<\/ul>\n<p><strong>Le gouvernement doit\u202f:\u00a0<\/strong><\/p>\n<ul role=\"list\">\n<li role=\"listitem\" aria-setsize=\"-1\" data-aria-level=\"1\" data-aria-posinset=\"2\" data-font=\"Symbol\" data-leveltext=\"\uf0b7\" data-listid=\"3\">\u00e9tendre\u00a0l\u2019acc\u00e8s\u00a0aux\u00a0services de garde d\u2019urgence s\u00fbrs, agr\u00e9\u00e9s et gratuits aux parents d\u2019enfants d\u2019\u00e2ge pr\u00e9scolaire et scolaire qui doivent travailler durant la pand\u00e9mie;<\/li>\n<li role=\"listitem\" aria-setsize=\"-1\" data-aria-level=\"1\" data-aria-posinset=\"3\" data-font=\"Symbol\" data-leveltext=\"\uf0b7\" data-listid=\"3\">int\u00e9grer\u00a0le financement des services de garde d\u2019enfants\u00a0\u00e0 son\u00a0plan d\u2019intervention de sorte qu\u2019il y ait des programmes de garde d\u2019enfants agr\u00e9\u00e9s lorsque la crise sanitaire prendra fin;<\/li>\n<\/ul>\n<ul role=\"list\">\n<li role=\"listitem\" aria-setsize=\"-1\" data-aria-level=\"1\" data-aria-posinset=\"1\" data-font=\"Symbol\" data-leveltext=\"\uf0b7\" data-listid=\"3\">veiller\u00a0\u00e0 ce que\u00a0les services de garde\u00a0soient\u00a0universels, accessibles, abordables, inclusifs et de qualit\u00e9;<\/li>\n<li role=\"listitem\" aria-setsize=\"-1\" data-aria-level=\"1\" data-aria-posinset=\"2\" data-font=\"Symbol\" data-leveltext=\"\uf0b7\" data-listid=\"3\">permettre\u00a0aux\u00a0fonctionnaires\u00a0de\u00a0continuer\u00a0\u00e0\u00a0utiliser le cong\u00e9\u202f699\u00a0s\u2019ils n\u2019ont pas acc\u00e8s \u00e0 des services de garde ad\u00e9quats et s\u00e9curitaires\u00a0pour leurs enfants.<\/li>\n<\/ul>\n<h2 role=\"heading\" aria-level=\"1\">Sauvons les\u00a0services\u00a0de garde et\u00a0d\u2019\u00e9ducation\u00a0\u00e0 la petite\u00a0enfance<\/h2>\n<p><strong><a href=\"https:\/\/childcareforall.ca\/?lang=fr\" target=\"_blank\" rel=\"noreferrer noopener\">Joignez-vous\u00a0\u00e0 l\u2019AFPC et signez la p\u00e9tition<\/a>\u00a0<\/strong>pour \u00e9viter l\u2019effondrement\u00a0du\u00a0r\u00e9seau\u00a0des services de garde et d\u2019\u00e9ducation \u00e0 la petite enfance\u00a0en raison de la pand\u00e9mie de COVID-19. Le gouvernement doit \u00e9laborer un plan pour soutenir ce secteur et mettre en place\u00a0un r\u00e9seau\u00a0de services de garde qui r\u00e9pondent aux besoins des enfants et de leurs parents\u00a0\u2013\u00a0des services\u00a0dont nous sommes tous fiers.<\/p>\n<p><em>Source : <a href=\"http:\/\/syndicatafpc.ca\/lafpc-reclame-plus-daide-services-garde\">http:\/\/syndicatafpc.ca\/lafpc-reclame-plus-daide-services-garde<\/a><\/em><\/p>\n","protected":false},"excerpt":{"rendered":"<p>L\u2019\u00e9conomie canadienne reprend tranquillement, mais bien\u00a0des\u00a0personnes, surtout des femmes,\u00a0ne pourront retourner\u00a0au\u00a0travail\u00a0faute\u00a0de\u00a0services\u00a0de garde abordables et accessibles. Il y a toujours eu un manque criant de services de garde agr\u00e9\u00e9s, mais la pand\u00e9mie emp\u00eache\u00a0maintenant\u00a0les garderies de fonctionner\u00a0\u00e0 pleine\u00a0capacit\u00e9. Raret\u00e9 des services de garde On s\u2019attend \u00e0\u00a0ce qu\u2019il y ait moins\u00a0de places en garderie pendant un certain temps\u00a0en &hellip; <\/p>\n<p class=\"link-more\"><a href=\"https:\/\/www.unesen.ca\/press\/?p=8160&#038;lang=fr\" class=\"more-link\">>><span class=\"screen-reader-text\"> &#8220;L\u2019AFPC r\u00e9clame plus d\u2019aide pour les services de\u202fgarde&#8221;<\/span><\/a><\/p>\n","protected":false},"author":2,"featured_media":0,"comment_status":"closed","ping_status":"open","sticky":false,"template":"","format":"standard","meta":{"_links_to":"","_links_to_target":""},"categories":[],"tags":[],"_links":{"self":[{"href":"https:\/\/www.unesen.ca\/press\/index.php?rest_route=\/wp\/v2\/posts\/8160"}],"collection":[{"href":"https:\/\/www.unesen.ca\/press\/index.php?rest_route=\/wp\/v2\/posts"}],"about":[{"href":"https:\/\/www.unesen.ca\/press\/index.php?rest_route=\/wp\/v2\/types\/post"}],"author":[{"embeddable":true,"href":"https:\/\/www.unesen.ca\/press\/index.php?rest_route=\/wp\/v2\/users\/2"}],"replies":[{"embeddable":true,"href":"https:\/\/www.unesen.ca\/press\/index.php?rest_route=%2Fwp%2Fv2%2Fcomments&post=8160"}],"version-history":[{"count":1,"href":"https:\/\/www.unesen.ca\/press\/index.php?rest_route=\/wp\/v2\/posts\/8160\/revisions"}],"predecessor-version":[{"id":8162,"href":"https:\/\/www.unesen.ca\/press\/index.php?rest_route=\/wp\/v2\/posts\/8160\/revisions\/8162"}],"wp:attachment":[{"href":"https:\/\/www.unesen.ca\/press\/index.php?rest_route=%2Fwp%2Fv2%2Fmedia&parent=8160"}],"wp:term":[{"taxonomy":"category","embeddable":true,"href":"https:\/\/www.unesen.ca\/press\/index.php?rest_route=%2Fwp%2Fv2%2Fcategories&post=8160"},{"taxonomy":"post_tag","embeddable":true,"href":"https:\/\/www.unesen.ca\/press\/index.php?rest_route=%2Fwp%2Fv2%2Ftags&post=8160"}],"curies":[{"name":"wp","href":"https:\/\/api.w.org\/{rel}","templated":true}]}}