{"id":8123,"date":"2020-06-03T09:19:18","date_gmt":"2020-06-03T14:19:18","guid":{"rendered":"http:\/\/fr.une-sen.org\/press\/?p=8123"},"modified":"2020-06-03T10:48:53","modified_gmt":"2020-06-03T15:48:53","slug":"mois-de-la-fierte","status":"publish","type":"post","link":"https:\/\/www.unesen.ca\/press\/?p=8123&amp;lang=fr","title":{"rendered":"Mois de la Fiert\u00e9"},"content":{"rendered":"<p><img loading=\"lazy\" class=\"alignnone size-full wp-image-8140\" src=\"http:\/\/www.une-sen.org\/press\/wp-content\/uploads\/2020\/06\/PrideMonth-f-3.png\" alt=\"\" width=\"1200\" height=\"630\" srcset=\"https:\/\/www.unesen.ca\/press\/wp-content\/uploads\/2020\/06\/PrideMonth-f-3.png 1200w, https:\/\/www.unesen.ca\/press\/wp-content\/uploads\/2020\/06\/PrideMonth-f-3-300x158.png 300w, https:\/\/www.unesen.ca\/press\/wp-content\/uploads\/2020\/06\/PrideMonth-f-3-1024x538.png 1024w, https:\/\/www.unesen.ca\/press\/wp-content\/uploads\/2020\/06\/PrideMonth-f-3-768x403.png 768w\" sizes=\"(max-width: 767px) 89vw, (max-width: 1000px) 54vw, (max-width: 1071px) 543px, 580px\" \/><\/p>\n<p style=\"text-align: left;\">Ch\u00e8res\/chers membres de la famille syndicale,<\/p>\n<p style=\"text-align: left;\">En tant que repr\u00e9sentant national de l\u2019\u00e9quit\u00e9 pour les personnes LGBTQ2+, j\u2019aimerais prendre quelques minutes pour vous parler de la communaut\u00e9 2SLGBTQ+ et vous demander de la soutenir.<\/p>\n<p style=\"text-align: left;\">Juin est le Mois de la Fiert\u00e9 : les gens de la communaut\u00e9 se rassemblent pour c\u00e9l\u00e9brer les droits que nous avons acquis et lutter pour obtenir ceux que nous n\u2019avons pas ou pour attirer l\u2019attention sur les personnes qui ne b\u00e9n\u00e9ficient toujours pas des m\u00eames droits que toutes et tous. Les membres de la communaut\u00e9 s\u2019efforcent de montrer qu&#8217;elles et ils sont vraiment en public, avec leur famille, leurs ami.e.s et surtout, entre elles et eux. Chaque personne ne voit pas la fiert\u00e9 de la m\u00eame fa\u00e7on. Pour certaines personnes, cela \u00e9voque le D\u00e9fil\u00e9 de la fiert\u00e9 gaie ou des activit\u00e9s sociales qui r\u00e9unissent les gens. Pour d\u2019autres, cela signifie d\u2019\u00eatre en compagnie d\u2019ami.e.s proches ou d\u2019aller dans un bar, de faire du karaok\u00e9, de prendre la parole ou de prendre part \u00e0 des spectacles sur sc\u00e8ne, ou encore de faire des recherches en ligne pour en apprendre plus au sujet de leur identit\u00e9. Les activit\u00e9s sont diversifi\u00e9es et tr\u00e8s personnelles.<\/p>\n<p style=\"text-align: left;\">\u00c0 cause de la COVID, une grande partie des \u00e9v\u00e9nements ont \u00e9t\u00e9 annul\u00e9s ou report\u00e9s. Cela peut \u00eatre tr\u00e8s difficile, puisque les c\u00e9l\u00e9brations sont ou ont \u00e9t\u00e9, par le pass\u00e9, le seul moment o\u00f9 ces personnes peuvent montrer leur v\u00e9ritable identit\u00e9 dans un climat s\u00e9curitaire d\u2019acceptation. Lorsqu\u2019on regarde les bulletins de nouvelles, on voit partout l\u2019oppression des groupes marginalis\u00e9s partout, par exemple la pr\u00e9sence du mouvement de fiert\u00e9 h\u00e9t\u00e9rosexuelle et les villes qui annoncent les unes apr\u00e8s les autres qu\u2019elles ne soutiendront pas la fiert\u00e9. Il devient tr\u00e8s difficile d\u2019avoir la force n\u00e9cessaire d\u2019\u00eatre qui nous sommes vraiment sans la communaut\u00e9 ou sans ce sentiment de soutien et d\u2019acceptation. Pour certaines personnes, le fait d\u2019\u00eatre en compagnie de leur famille syndicale constitue le premier et le seul moment o\u00f9 elles se sentent suffisamment en s\u00e9curit\u00e9 pour se d\u00e9voiler elles-m\u00eames et, \u00e0 l\u2019heure actuelle, elles sont seules et elles ont besoin du soutien de la communaut\u00e9 plus que jamais.<\/p>\n<p style=\"text-align: left;\">Nous vivons toutes et tous jusqu\u2019\u00e0 pr\u00e9sent une ann\u00e9e 2020 tr\u00e8s difficile. Avec la COVID, le confinement, la distanciation sociale, le t\u00e9l\u00e9travail ou le travail en petits groupes isol\u00e9s, nous devons prendre le temps de tendre la main et de jouer un r\u00f4le actif dans nos collectivit\u00e9s. Certaines ete certains membres de la communaut\u00e9 2SLGBTQ+ ont renonc\u00e9 \u00e0 leur cercle social ou familial pour vivre en \u00e9tant elles-m\u00eames et eux-m\u00eames. Le seul soutien dont elles et ils b\u00e9n\u00e9ficient provient de leur communaut\u00e9 de travail ou de leur famille syndicale. En cette p\u00e9riode difficile, ces personnes peuvent se sentir tr\u00e8s seules et avoir besoin de compagnie pour discuter et partager ce qu\u2019elles ressentent. Montrons-leur qu\u2019elles font toujours partie d\u2019une communaut\u00e9, qu\u2019elles nous manquent et qu\u2019elles ne sont pas seules.<\/p>\n<p style=\"text-align: left;\">C\u2019est aussi le moment d\u2019en apprendre plus au sujet de la communaut\u00e9 et de la fa\u00e7on dont vous pouvez la soutenir. Informez-vous au sujet de l\u2019acronyme 2SLGBTQ+, d\u00e9couvrez ce que signifie chaque lettre et les termes g\u00e9n\u00e9riques qui y sont associ\u00e9s. Regardez un documentaire ou un film sur la communaut\u00e9 2SLGBTQ+. Consultez votre centre de ressources sur la communaut\u00e9 2SLGBTQ+ pour obtenir de l\u2019information. Offrez votre soutien aux organisatrices et organisateurs d\u2019un pow wow de personnes bispirituelles et participez-y. Militez, tendez la main, informez-vous et offrez votre soutien comme vous le pouvez.<\/p>\n<p style=\"text-align: left;\">Nous formons toutes et tous une famille et il arrive parfois que nous ayons simplement besoin de la pr\u00e9sence et du soutien des membres de notre famille jusqu\u2019\u00e0 ce que nous soyons pr\u00eates ou pr\u00eats, et que nous nous sentions \u00e0 l\u2019aise de montrer qui nous sommes vraiment.<\/p>\n<p style=\"text-align: left;\">Chris Little-Gagne<br \/>\nRepr\u00e9sentant national de l\u2019\u00e9quit\u00e9 pour les personnes LGBTQ2+<br \/>\nSyndicat des employ\u00e9es et employ\u00e9s nationaux<\/p>\n<p style=\"text-align: left;\"><strong>R\u00e9f\u00e9rences:\u00a0<\/strong><\/p>\n<p style=\"text-align: left;\"><a href=\"https:\/\/www.unfe.org\/fr\/\">www.unfe.org<\/a><\/p>\n<p style=\"text-align: left;\"><a href=\"https:\/\/twosofttwohard.com\/\">twosofttwohard.com<\/a> (anglais seulement)<\/p>\n<p style=\"text-align: left;\"><a href=\"https:\/\/www.history.com\/topics\/gay-rights\/the-stonewall-riots\">www.history.com\/topics\/gay-rights\/the-stonewall-riots<\/a> (anglais seulement)<\/p>\n<p style=\"text-align: left;\"><a href=\"https:\/\/www.cbc.ca\/arts\/the-fruit-machine-why-every-canadian-should-learn-about-this-country-s-gay-purge-1.4678718\">www.cbc.ca\/arts\/the-fruit-machine-why-every-canadian-should-learn-about-this-country-s-gay-purge-1.4678718<\/a> (anglais seulement)<\/p>\n<p style=\"text-align: left;\"><a href=\"https:\/\/egale.ca\/\">www.egale.ca<\/a> (anglais seulement)<\/p>\n<p style=\"text-align: left;\"><a href=\"https:\/\/ilga.org\/fr\">ilga.org<\/a><\/p>\n<p>&nbsp;<\/p>\n","protected":false},"excerpt":{"rendered":"<p>Ch\u00e8res\/chers membres de la famille syndicale, En tant que repr\u00e9sentant national de l\u2019\u00e9quit\u00e9 pour les personnes LGBTQ2+, j\u2019aimerais prendre quelques minutes pour vous parler de la communaut\u00e9 2SLGBTQ+ et vous demander de la soutenir. Juin est le Mois de la Fiert\u00e9 : les gens de la communaut\u00e9 se rassemblent pour c\u00e9l\u00e9brer les droits que nous &hellip; <\/p>\n<p class=\"link-more\"><a href=\"https:\/\/www.unesen.ca\/press\/?p=8123&#038;lang=fr\" class=\"more-link\">>><span class=\"screen-reader-text\"> &#8220;Mois de la Fiert\u00e9&#8221;<\/span><\/a><\/p>\n","protected":false},"author":6,"featured_media":0,"comment_status":"closed","ping_status":"open","sticky":false,"template":"","format":"standard","meta":{"_links_to":"","_links_to_target":""},"categories":[],"tags":[],"_links":{"self":[{"href":"https:\/\/www.unesen.ca\/press\/index.php?rest_route=\/wp\/v2\/posts\/8123"}],"collection":[{"href":"https:\/\/www.unesen.ca\/press\/index.php?rest_route=\/wp\/v2\/posts"}],"about":[{"href":"https:\/\/www.unesen.ca\/press\/index.php?rest_route=\/wp\/v2\/types\/post"}],"author":[{"embeddable":true,"href":"https:\/\/www.unesen.ca\/press\/index.php?rest_route=\/wp\/v2\/users\/6"}],"replies":[{"embeddable":true,"href":"https:\/\/www.unesen.ca\/press\/index.php?rest_route=%2Fwp%2Fv2%2Fcomments&post=8123"}],"version-history":[{"count":5,"href":"https:\/\/www.unesen.ca\/press\/index.php?rest_route=\/wp\/v2\/posts\/8123\/revisions"}],"predecessor-version":[{"id":8141,"href":"https:\/\/www.unesen.ca\/press\/index.php?rest_route=\/wp\/v2\/posts\/8123\/revisions\/8141"}],"wp:attachment":[{"href":"https:\/\/www.unesen.ca\/press\/index.php?rest_route=%2Fwp%2Fv2%2Fmedia&parent=8123"}],"wp:term":[{"taxonomy":"category","embeddable":true,"href":"https:\/\/www.unesen.ca\/press\/index.php?rest_route=%2Fwp%2Fv2%2Fcategories&post=8123"},{"taxonomy":"post_tag","embeddable":true,"href":"https:\/\/www.unesen.ca\/press\/index.php?rest_route=%2Fwp%2Fv2%2Ftags&post=8123"}],"curies":[{"name":"wp","href":"https:\/\/api.w.org\/{rel}","templated":true}]}}