{"id":8098,"date":"2020-05-05T10:18:10","date_gmt":"2020-05-05T15:18:10","guid":{"rendered":"http:\/\/www.une-sen.org\/press\/?p=8098"},"modified":"2020-05-05T10:18:10","modified_gmt":"2020-05-05T15:18:10","slug":"semaine-de-la-sante-mentale","status":"publish","type":"post","link":"https:\/\/www.unesen.ca\/press\/?p=8098&amp;lang=fr","title":{"rendered":"Semaine de la sant\u00e9 mentale"},"content":{"rendered":"<p style=\"text-align: center;\"><a href=\"http:\/\/www.une-sen.org\/press\/wp-content\/uploads\/2020\/05\/MentalHealthWeek-f.png\"><img loading=\"lazy\" class=\"alignnone size-medium wp-image-8100\" src=\"http:\/\/www.une-sen.org\/press\/wp-content\/uploads\/2020\/05\/MentalHealthWeek-f-300x158.png\" alt=\"\" width=\"300\" height=\"158\" srcset=\"https:\/\/www.unesen.ca\/press\/wp-content\/uploads\/2020\/05\/MentalHealthWeek-f-300x158.png 300w, https:\/\/www.unesen.ca\/press\/wp-content\/uploads\/2020\/05\/MentalHealthWeek-f-1024x538.png 1024w, https:\/\/www.unesen.ca\/press\/wp-content\/uploads\/2020\/05\/MentalHealthWeek-f-768x403.png 768w, https:\/\/www.unesen.ca\/press\/wp-content\/uploads\/2020\/05\/MentalHealthWeek-f.png 1200w\" sizes=\"(max-width: 300px) 100vw, 300px\" \/><\/a><\/p>\n<p>Cette ann\u00e9e, en cette #semainedelasant\u00e9mentale, il est plus important que jamais de porter attention \u00e0 votre bien-\u00eatre mental. Que vous soyez une travailleuse ou un travailleur critique, ou en mode t\u00e9l\u00e9travail, assurez-vous de prendre soin de vous mentalement.<\/p>\n<p>Il existe de nombreuses ressources en ligne sur la fa\u00e7on de maintenir et d&#8217;am\u00e9liorer votre sant\u00e9 mentale. Consultez <a href=\"https:\/\/mentalhealthweek.ca\/fr\/\" target=\"_blank\" rel=\"noopener noreferrer\">le site Web de l&#8217;Association canadienne pour la sant\u00e9 mentale<\/a> pour obtenir des conseils sur le bien-\u00eatre mental.<\/p>\n<p>Le Centre canadien d&#8217;hygi\u00e8ne et de s\u00e9curit\u00e9 au travail (CCHST) a compil\u00e9 des informations sous la th\u00e9matique de la <a href=\"https:\/\/www.cchst.ca\/healthyminds\/\" target=\"_blank\" rel=\"noopener noreferrer\">sant\u00e9 mentale au travail<\/a> et a \u00e9galement cr\u00e9\u00e9 des<a href=\"https:\/\/www.cchst.ca\/topics\/wellness\/mentalhealth\/index.html\" target=\"_blank\" rel=\"noopener noreferrer\"> fiches d&#8217;information utiles sur la sant\u00e9 mentale (r\u00e9ponses SST)<\/a>.<\/p>\n<p>Nous allons surmonter cela ensemble!<\/p>\n","protected":false},"excerpt":{"rendered":"<p>Cette ann\u00e9e, en cette #semainedelasant\u00e9mentale, il est plus important que jamais de porter attention \u00e0 votre bien-\u00eatre mental. Que vous soyez une travailleuse ou un travailleur critique, ou en mode t\u00e9l\u00e9travail, assurez-vous de prendre soin de vous mentalement. Il existe de nombreuses ressources en ligne sur la fa\u00e7on de maintenir et d&#8217;am\u00e9liorer votre sant\u00e9 mentale. &hellip; <\/p>\n<p class=\"link-more\"><a href=\"https:\/\/www.unesen.ca\/press\/?p=8098&#038;lang=fr\" class=\"more-link\">>><span class=\"screen-reader-text\"> &#8220;Semaine de la sant\u00e9 mentale&#8221;<\/span><\/a><\/p>\n","protected":false},"author":6,"featured_media":0,"comment_status":"closed","ping_status":"open","sticky":false,"template":"","format":"standard","meta":{"_links_to":"","_links_to_target":""},"categories":[],"tags":[],"_links":{"self":[{"href":"https:\/\/www.unesen.ca\/press\/index.php?rest_route=\/wp\/v2\/posts\/8098"}],"collection":[{"href":"https:\/\/www.unesen.ca\/press\/index.php?rest_route=\/wp\/v2\/posts"}],"about":[{"href":"https:\/\/www.unesen.ca\/press\/index.php?rest_route=\/wp\/v2\/types\/post"}],"author":[{"embeddable":true,"href":"https:\/\/www.unesen.ca\/press\/index.php?rest_route=\/wp\/v2\/users\/6"}],"replies":[{"embeddable":true,"href":"https:\/\/www.unesen.ca\/press\/index.php?rest_route=%2Fwp%2Fv2%2Fcomments&post=8098"}],"version-history":[{"count":2,"href":"https:\/\/www.unesen.ca\/press\/index.php?rest_route=\/wp\/v2\/posts\/8098\/revisions"}],"predecessor-version":[{"id":8101,"href":"https:\/\/www.unesen.ca\/press\/index.php?rest_route=\/wp\/v2\/posts\/8098\/revisions\/8101"}],"wp:attachment":[{"href":"https:\/\/www.unesen.ca\/press\/index.php?rest_route=%2Fwp%2Fv2%2Fmedia&parent=8098"}],"wp:term":[{"taxonomy":"category","embeddable":true,"href":"https:\/\/www.unesen.ca\/press\/index.php?rest_route=%2Fwp%2Fv2%2Fcategories&post=8098"},{"taxonomy":"post_tag","embeddable":true,"href":"https:\/\/www.unesen.ca\/press\/index.php?rest_route=%2Fwp%2Fv2%2Ftags&post=8098"}],"curies":[{"name":"wp","href":"https:\/\/api.w.org\/{rel}","templated":true}]}}