{"id":7787,"date":"2020-03-12T10:55:04","date_gmt":"2020-03-12T15:55:04","guid":{"rendered":"http:\/\/fr.une-sen.org\/press\/?p=7787"},"modified":"2020-03-12T11:09:27","modified_gmt":"2020-03-12T16:09:27","slug":"les-membres-de-parcs-canada-passeront-au-vote-de-greve-avec-100-000-autres-membres-de-lafpc","status":"publish","type":"post","link":"https:\/\/www.unesen.ca\/press\/?p=7787&amp;lang=fr","title":{"rendered":"Les membres de Parcs Canada passeront au vote de gr\u00e8ve avec 100 000 autres membres de l&#8217;AFPC"},"content":{"rendered":"<p><img loading=\"lazy\" class=\"alignnone size-full wp-image-7792\" src=\"http:\/\/www.une-sen.org\/press\/wp-content\/uploads\/2020\/03\/StrikeAlert-1.png\" alt=\"\" width=\"1200\" height=\"750\" srcset=\"https:\/\/www.unesen.ca\/press\/wp-content\/uploads\/2020\/03\/StrikeAlert-1.png 1200w, https:\/\/www.unesen.ca\/press\/wp-content\/uploads\/2020\/03\/StrikeAlert-1-300x188.png 300w, https:\/\/www.unesen.ca\/press\/wp-content\/uploads\/2020\/03\/StrikeAlert-1-768x480.png 768w, https:\/\/www.unesen.ca\/press\/wp-content\/uploads\/2020\/03\/StrikeAlert-1-1024x640.png 1024w\" sizes=\"(max-width: 767px) 89vw, (max-width: 1000px) 54vw, (max-width: 1071px) 543px, 580px\" \/><\/p>\n<p>Le 11 mars 2020<\/p>\n<p>Le pr\u00e9sident national Chris Aylward a autoris\u00e9 la tenue de votes de gr\u00e8ve pour les membres de l\u2019unit\u00e9 de n\u00e9gociation de Parcs Canada. \u00c0 l\u2019instar des <strong><a href=\"http:\/\/syndicatafpc.ca\/votes-greve-unites-nego-conseil-du-tresor?_ga=2.10847869.810519733.1583932791-2050668281.1558442663\" target=\"_blank\" rel=\"noopener noreferrer\">90\u2009000 membres du Conseil du Tr\u00e9sor<\/a><\/strong>, ils participeront aux votes de gr\u00e8ves qui se tiendront <strong>du 16 mars au 7 mai<\/strong>. Rappelons que les 27\u2009000 membres travaillant \u00e0 l\u2019Agence du revenu du Canada <a href=\"http:\/\/syndicatafpc.ca\/negos-avec-larc-debut-votes-greve-en-fevrier?_ga=2.175392875.810519733.1583932791-2050668281.1558442663\" target=\"_blank\" rel=\"noopener noreferrer\"><strong>ont d\u00e9j\u00e0 commenc\u00e9 \u00e0 voter<\/strong><\/a>.<\/p>\n<p>Un solide mandat de gr\u00e8ve accord\u00e9 par nos membres forcera Parcs Canada \u00e0 revenir \u00e0 la table de n\u00e9gociation avec un nouveau mandat afin que notre \u00e9quipe de n\u00e9go puisse conclure rapidement une entente \u00e9quitable.<\/p>\n<p>Au cours des prochaines semaines, les membres recevront un avis de vote de gr\u00e8ve par courriel et par l\u2019entremise des sections locales et des bureaux r\u00e9gionaux. L\u2019information sera aussi affich\u00e9e sur la page d\u2019accueil du site Web national et des sites r\u00e9gionaux de l\u2019AFPC.<\/p>\n<p>Source: <a href=\"http:\/\/syndicatafpc.ca\/membres-parcs-canada-passeront-vote-greve-avec-100?_ga=2.196540527.2138260847.1584017601-722671214.1553177201\">AFPC<\/a><\/p>\n","protected":false},"excerpt":{"rendered":"<p>Le 11 mars 2020 Le pr\u00e9sident national Chris Aylward a autoris\u00e9 la tenue de votes de gr\u00e8ve pour les membres de l\u2019unit\u00e9 de n\u00e9gociation de Parcs Canada. \u00c0 l\u2019instar des 90\u2009000 membres du Conseil du Tr\u00e9sor, ils participeront aux votes de gr\u00e8ves qui se tiendront du 16 mars au 7 mai. Rappelons que les 27\u2009000 &hellip; <\/p>\n<p class=\"link-more\"><a href=\"https:\/\/www.unesen.ca\/press\/?p=7787&#038;lang=fr\" class=\"more-link\">>><span class=\"screen-reader-text\"> &#8220;Les membres de Parcs Canada passeront au vote de gr\u00e8ve avec 100 000 autres membres de l&#8217;AFPC&#8221;<\/span><\/a><\/p>\n","protected":false},"author":6,"featured_media":0,"comment_status":"closed","ping_status":"open","sticky":false,"template":"","format":"standard","meta":{"_links_to":"","_links_to_target":""},"categories":[],"tags":[],"_links":{"self":[{"href":"https:\/\/www.unesen.ca\/press\/index.php?rest_route=\/wp\/v2\/posts\/7787"}],"collection":[{"href":"https:\/\/www.unesen.ca\/press\/index.php?rest_route=\/wp\/v2\/posts"}],"about":[{"href":"https:\/\/www.unesen.ca\/press\/index.php?rest_route=\/wp\/v2\/types\/post"}],"author":[{"embeddable":true,"href":"https:\/\/www.unesen.ca\/press\/index.php?rest_route=\/wp\/v2\/users\/6"}],"replies":[{"embeddable":true,"href":"https:\/\/www.unesen.ca\/press\/index.php?rest_route=%2Fwp%2Fv2%2Fcomments&post=7787"}],"version-history":[{"count":2,"href":"https:\/\/www.unesen.ca\/press\/index.php?rest_route=\/wp\/v2\/posts\/7787\/revisions"}],"predecessor-version":[{"id":7793,"href":"https:\/\/www.unesen.ca\/press\/index.php?rest_route=\/wp\/v2\/posts\/7787\/revisions\/7793"}],"wp:attachment":[{"href":"https:\/\/www.unesen.ca\/press\/index.php?rest_route=%2Fwp%2Fv2%2Fmedia&parent=7787"}],"wp:term":[{"taxonomy":"category","embeddable":true,"href":"https:\/\/www.unesen.ca\/press\/index.php?rest_route=%2Fwp%2Fv2%2Fcategories&post=7787"},{"taxonomy":"post_tag","embeddable":true,"href":"https:\/\/www.unesen.ca\/press\/index.php?rest_route=%2Fwp%2Fv2%2Ftags&post=7787"}],"curies":[{"name":"wp","href":"https:\/\/api.w.org\/{rel}","templated":true}]}}