{"id":772,"date":"2012-02-27T17:19:46","date_gmt":"2012-02-27T22:19:46","guid":{"rendered":"http:\/\/www.une-sen.org\/press\/?p=772"},"modified":"2014-02-25T19:05:58","modified_gmt":"2014-02-25T19:05:58","slug":"journee-nationale-daction-3","status":"publish","type":"post","link":"https:\/\/www.unesen.ca\/press\/?p=772&amp;lang=fr","title":{"rendered":"Journ\u00e9e nationale d&#8217;action"},"content":{"rendered":"<p><img loading=\"lazy\" class=\"alignnone size-full wp-image-774\" title=\"natdayactionv_fr\" alt=\"\" src=\"http:\/\/www.une-sen.org\/press\/wp-content\/uploads\/2012\/04\/natdayactionv_fr.jpg\" width=\"541\" height=\"360\" srcset=\"https:\/\/www.unesen.ca\/press\/wp-content\/uploads\/2012\/04\/natdayactionv_fr.jpg 541w, https:\/\/www.unesen.ca\/press\/wp-content\/uploads\/2012\/04\/natdayactionv_fr-300x199.jpg 300w\" sizes=\"(max-width: 541px) 100vw, 541px\" \/><\/p>\n<p><a href=\"http:\/\/www.flickr.com\/photos\/element_national_component\/sets\/72157629126268864\/\"><img loading=\"lazy\" class=\"alignnone size-full wp-image-775\" title=\"MARCH1UPDATE_f\" alt=\"\" src=\"http:\/\/www.une-sen.org\/press\/wp-content\/uploads\/2012\/04\/MARCH1UPDATE_f.jpg\" width=\"541\" height=\"90\" border=\"0\" srcset=\"https:\/\/www.unesen.ca\/press\/wp-content\/uploads\/2012\/04\/MARCH1UPDATE_f.jpg 541w, https:\/\/www.unesen.ca\/press\/wp-content\/uploads\/2012\/04\/MARCH1UPDATE_f-300x49.jpg 300w\" sizes=\"(max-width: 541px) 100vw, 541px\" \/><\/a><\/p>\n<p>Au douzi\u00e8me coup de midi, le 1er mars, descendez dans la rue et d\u00e9fendez les services publics.<\/p>\n<p>Le gouvernement Harper entend imposer des compressions irresponsables aux services publics auxquels les Canadiens et des Canadiennes tiennent tant. Ce plan d&#8217;aust\u00e9rit\u00e9 aura des cons\u00e9quences d\u00e9vastatrices pour les familles et les collectivit\u00e9s dans tout le Canada.<\/p>\n<p>Nous forcer \u00e0 choisir entre une \u00e9conomie forte et de bons services publics : c\u2019est absurde! Les Canadiennes et Canadiens ont besoin des deux. Le 1er mars, joignez-vous \u00e0 des milliers de travailleuses et travailleurs \u00e0 travers le pays et demandez mieux.<\/p>\n<p><strong>Demandez \u00e0 vos coll\u00e8gues de se joindre au groupe; pour gagner, il faut agir ensemble.<\/strong><\/p>\n<table border=\"0\" cellspacing=\"0\" cellpadding=\"3\">\n<tbody>\n<tr>\n<td><img loading=\"lazy\" class=\"alignnone size-full wp-image-266\" title=\"pdf\" alt=\"pdf\" src=\"http:\/\/www.une-sen.org\/press\/wp-content\/uploads\/2012\/03\/pdf.gif\" width=\"18\" height=\"20\" \/><\/td>\n<td><a href=\"\/featured\/news\/Demolocations_f.pdf\">Lieux des manifestations<\/a><\/td>\n<\/tr>\n<tr>\n<td width=\"18\"><img loading=\"lazy\" title=\"pdf\" alt=\"pdf\" src=\"http:\/\/www.une-sen.org\/press\/wp-content\/uploads\/2012\/03\/pdf.gif\" width=\"18\" height=\"20\" \/><\/td>\n<td width=\"389\"><a href=\"http:\/\/psac.com\/documents\/Day%20of%20Action-F2-1.pdf\">Affiche imprimable<\/a><\/td>\n<\/tr>\n<\/tbody>\n<\/table>\n","protected":false},"excerpt":{"rendered":"<p>Au douzi\u00e8me coup de midi, le 1er mars, descendez dans la rue et d\u00e9fendez les services publics. Le gouvernement Harper entend imposer des compressions irresponsables aux services publics auxquels les Canadiens et des Canadiennes tiennent tant. Ce plan d&#8217;aust\u00e9rit\u00e9 aura des cons\u00e9quences d\u00e9vastatrices pour les familles et les collectivit\u00e9s dans tout le Canada. Nous forcer &hellip; <\/p>\n<p class=\"link-more\"><a href=\"https:\/\/www.unesen.ca\/press\/?p=772&#038;lang=fr\" class=\"more-link\">>><span class=\"screen-reader-text\"> &#8220;Journ\u00e9e nationale d&#8217;action&#8221;<\/span><\/a><\/p>\n","protected":false},"author":3,"featured_media":0,"comment_status":"open","ping_status":"open","sticky":false,"template":"","format":"standard","meta":{"_links_to":"","_links_to_target":""},"categories":[],"tags":[],"_links":{"self":[{"href":"https:\/\/www.unesen.ca\/press\/index.php?rest_route=\/wp\/v2\/posts\/772"}],"collection":[{"href":"https:\/\/www.unesen.ca\/press\/index.php?rest_route=\/wp\/v2\/posts"}],"about":[{"href":"https:\/\/www.unesen.ca\/press\/index.php?rest_route=\/wp\/v2\/types\/post"}],"author":[{"embeddable":true,"href":"https:\/\/www.unesen.ca\/press\/index.php?rest_route=\/wp\/v2\/users\/3"}],"replies":[{"embeddable":true,"href":"https:\/\/www.unesen.ca\/press\/index.php?rest_route=%2Fwp%2Fv2%2Fcomments&post=772"}],"version-history":[{"count":1,"href":"https:\/\/www.unesen.ca\/press\/index.php?rest_route=\/wp\/v2\/posts\/772\/revisions"}],"predecessor-version":[{"id":3554,"href":"https:\/\/www.unesen.ca\/press\/index.php?rest_route=\/wp\/v2\/posts\/772\/revisions\/3554"}],"wp:attachment":[{"href":"https:\/\/www.unesen.ca\/press\/index.php?rest_route=%2Fwp%2Fv2%2Fmedia&parent=772"}],"wp:term":[{"taxonomy":"category","embeddable":true,"href":"https:\/\/www.unesen.ca\/press\/index.php?rest_route=%2Fwp%2Fv2%2Fcategories&post=772"},{"taxonomy":"post_tag","embeddable":true,"href":"https:\/\/www.unesen.ca\/press\/index.php?rest_route=%2Fwp%2Fv2%2Ftags&post=772"}],"curies":[{"name":"wp","href":"https:\/\/api.w.org\/{rel}","templated":true}]}}