{"id":7692,"date":"2020-02-21T14:48:52","date_gmt":"2020-02-21T19:48:52","guid":{"rendered":"http:\/\/fr.une-sen.org\/press\/?p=7692"},"modified":"2020-02-24T08:25:09","modified_gmt":"2020-02-24T13:25:09","slug":"jentends-lalerte-de-greve","status":"publish","type":"post","link":"https:\/\/www.unesen.ca\/press\/?p=7692&amp;lang=fr","title":{"rendered":"Alerte \u00e0 la gr\u00e8ve!"},"content":{"rendered":"<p><img loading=\"lazy\" class=\"alignnone size-full wp-image-7693\" src=\"http:\/\/www.une-sen.org\/press\/wp-content\/uploads\/2020\/02\/StikeAlert-f.png\" alt=\"\" width=\"1200\" height=\"750\" srcset=\"https:\/\/www.unesen.ca\/press\/wp-content\/uploads\/2020\/02\/StikeAlert-f.png 1200w, https:\/\/www.unesen.ca\/press\/wp-content\/uploads\/2020\/02\/StikeAlert-f-300x188.png 300w, https:\/\/www.unesen.ca\/press\/wp-content\/uploads\/2020\/02\/StikeAlert-f-768x480.png 768w, https:\/\/www.unesen.ca\/press\/wp-content\/uploads\/2020\/02\/StikeAlert-f-1024x640.png 1024w\" sizes=\"(max-width: 767px) 89vw, (max-width: 1000px) 54vw, (max-width: 1071px) 543px, 580px\" \/><\/p>\n<p>Je souhaite informer l&#8217;ensemble des membres du SEN que, conform\u00e9ment aux r\u00e8glements de l\u2019AFPC, le pr\u00e9sident national de l\u2019AFPC, Chris Aylward, a autoris\u00e9 la tenue de votes de gr\u00e8ve pour les tables PA, SV, EB et TC du Conseil du Tr\u00e9sor ainsi que pour les employ\u00e9es et employ\u00e9s de l\u2019Agence Parcs Canada.<\/p>\n<p>Comme ces votes extr\u00eamement importants devraient avoir lieu dans les prochaines semaines, je demande \u00e0 l&#8217;ensemble des membres de mettre \u00e0 jour leurs coordonn\u00e9es aupr\u00e8s du SEN. <a href=\"http:\/\/syndicatafpc.ca\/\" target=\"_blank\" rel=\"noopener noreferrer\">La fa\u00e7on la plus rapide de le faire est de vous rendre sur le site Web de l\u2019AFPC et de vous inscrire sur la liste de diffusion en utilisant votre courriel personnel (non fourni par l\u2019employeur)<\/a>. Cela vous prendra 30\u00a0secondes.<\/p>\n<p>Il s\u2019agit d\u2019un moment important, vu l\u2019inaction du gouvernement dans le dossier du syst\u00e8me de traitement de la paie, l\u2019absence de mesures ad\u00e9quates pour r\u00e9parer les pr\u00e9judices caus\u00e9s par Ph\u00e9nix et le d\u00e9p\u00f4t par le Conseil d\u2019un rapport peu inspirant pour les tables EB et PA, qui porte fortement \u00e0 croire que les autres rapports du Conseil contiendront des conclusions semblables.<\/p>\n<p>L\u2019autorisation pour la tenue de votes de gr\u00e8ve touche environ 80\u00a0% des membres du SEN.<\/p>\n<p>Il est maintenant temps d\u2019agir, de nous mobiliser, de soutenir les \u00e9quipes de n\u00e9gociation et de conclure des conventions collectives \u00e9quitables et justes!<\/p>\n<p>En toute solidarit\u00e9,<\/p>\n<p>Kevin King<\/p>\n<p>Pr\u00e9sident national<br \/>\nSyndicat des employ\u00e9es et employ\u00e9s nationaux<\/p>\n<p>&nbsp;<\/p>\n<p>&nbsp;<\/p>\n<p>&nbsp;<\/p>\n","protected":false},"excerpt":{"rendered":"<p>Je souhaite informer l&#8217;ensemble des membres du SEN que, conform\u00e9ment aux r\u00e8glements de l\u2019AFPC, le pr\u00e9sident national de l\u2019AFPC, Chris Aylward, a autoris\u00e9 la tenue de votes de gr\u00e8ve pour les tables PA, SV, EB et TC du Conseil du Tr\u00e9sor ainsi que pour les employ\u00e9es et employ\u00e9s de l\u2019Agence Parcs Canada. Comme ces votes &hellip; <\/p>\n<p class=\"link-more\"><a href=\"https:\/\/www.unesen.ca\/press\/?p=7692&#038;lang=fr\" class=\"more-link\">>><span class=\"screen-reader-text\"> &#8220;Alerte \u00e0 la gr\u00e8ve!&#8221;<\/span><\/a><\/p>\n","protected":false},"author":2,"featured_media":0,"comment_status":"closed","ping_status":"open","sticky":false,"template":"","format":"standard","meta":{"_links_to":"","_links_to_target":""},"categories":[],"tags":[],"_links":{"self":[{"href":"https:\/\/www.unesen.ca\/press\/index.php?rest_route=\/wp\/v2\/posts\/7692"}],"collection":[{"href":"https:\/\/www.unesen.ca\/press\/index.php?rest_route=\/wp\/v2\/posts"}],"about":[{"href":"https:\/\/www.unesen.ca\/press\/index.php?rest_route=\/wp\/v2\/types\/post"}],"author":[{"embeddable":true,"href":"https:\/\/www.unesen.ca\/press\/index.php?rest_route=\/wp\/v2\/users\/2"}],"replies":[{"embeddable":true,"href":"https:\/\/www.unesen.ca\/press\/index.php?rest_route=%2Fwp%2Fv2%2Fcomments&post=7692"}],"version-history":[{"count":3,"href":"https:\/\/www.unesen.ca\/press\/index.php?rest_route=\/wp\/v2\/posts\/7692\/revisions"}],"predecessor-version":[{"id":7700,"href":"https:\/\/www.unesen.ca\/press\/index.php?rest_route=\/wp\/v2\/posts\/7692\/revisions\/7700"}],"wp:attachment":[{"href":"https:\/\/www.unesen.ca\/press\/index.php?rest_route=%2Fwp%2Fv2%2Fmedia&parent=7692"}],"wp:term":[{"taxonomy":"category","embeddable":true,"href":"https:\/\/www.unesen.ca\/press\/index.php?rest_route=%2Fwp%2Fv2%2Fcategories&post=7692"},{"taxonomy":"post_tag","embeddable":true,"href":"https:\/\/www.unesen.ca\/press\/index.php?rest_route=%2Fwp%2Fv2%2Ftags&post=7692"}],"curies":[{"name":"wp","href":"https:\/\/api.w.org\/{rel}","templated":true}]}}