{"id":7646,"date":"2020-02-13T13:47:42","date_gmt":"2020-02-13T18:47:42","guid":{"rendered":"http:\/\/fr.une-sen.org\/press\/?p=7646"},"modified":"2020-02-13T14:38:54","modified_gmt":"2020-02-13T19:38:54","slug":"communique-de-presse","status":"publish","type":"post","link":"https:\/\/www.unesen.ca\/press\/?p=7646&amp;lang=fr","title":{"rendered":"COMMUNIQU\u00c9 DE PRESSE"},"content":{"rendered":"<p style=\"text-align: center;\">\n<p style=\"text-align: center;\"><a href=\"http:\/\/www.une-sen.org\/press\/wp-content\/uploads\/2020\/02\/logo_without_type-5.png\"><img loading=\"lazy\" class=\"alignnone size-medium wp-image-7668\" src=\"http:\/\/www.une-sen.org\/press\/wp-content\/uploads\/2020\/02\/logo_without_type-5-300x188.png\" alt=\"\" width=\"300\" height=\"188\" srcset=\"https:\/\/www.unesen.ca\/press\/wp-content\/uploads\/2020\/02\/logo_without_type-5-300x188.png 300w, https:\/\/www.unesen.ca\/press\/wp-content\/uploads\/2020\/02\/logo_without_type-5-768x480.png 768w, https:\/\/www.unesen.ca\/press\/wp-content\/uploads\/2020\/02\/logo_without_type-5-1024x640.png 1024w, https:\/\/www.unesen.ca\/press\/wp-content\/uploads\/2020\/02\/logo_without_type-5.png 1200w\" sizes=\"(max-width: 300px) 100vw, 300px\" \/><\/a><\/p>\n<p>POUR DIFUSSION IMM\u00c9DIATE<\/p>\n<p>Le 13 f\u00e9vrier 2020<\/p>\n<p>\u00c0 la suite des r\u00e9cents reportages qui ont mis en \u00e9vidence les probl\u00e8mes de sant\u00e9 et de s\u00e9curit\u00e9 (SST) actuels au complexe Les Terrasses de la Chaudi\u00e8re, le Syndicat des employ\u00e9es et employ\u00e9s nationaux (SEN) a \u00e9t\u00e9 contact\u00e9 et nous avons eu une r\u00e9union avec la haute direction de Services publics et Approvisionnement Canada (SPAC).<\/p>\n<p>Le SEN a bon espoir que cette r\u00e9union permettra de relancer, de mani\u00e8re constructive, les efforts pour traiter efficacement les probl\u00e8mes actuels li\u00e9s au b\u00e2timent.<\/p>\n<p>La premi\u00e8re priorit\u00e9 du SEN est de veiller \u00e0 ce que l\u2019ensemble de nos membres ainsi que les autres employ\u00e9es et employ\u00e9s du complexe Les Terrasses b\u00e9n\u00e9ficient d\u2019un environnement de travail sain et s\u00fbr.<\/p>\n<p>Nous avons l\u2019intention de faire rapport, dans les semaines \u00e0 venir, sur les mesures concr\u00e8tes qui seront prises dans le cadre de notre collaboration avec SPAC et les autres minist\u00e8res pour r\u00e9gler les probl\u00e8mes critiques li\u00e9s au complexe Les Terrasses.<\/p>\n<p>La r\u00e9union d\u2019hier marque le d\u00e9but de ce que nous esp\u00e9rons sinc\u00e8rement \u00eatre une approche constructive. Nous encourageons toutes les employ\u00e9es et tous les employ\u00e9s du complexe Les Terrasses \u00e0 communiquer avec leur syndicat si elles ou ils ont des pr\u00e9occupations, des questions ou des renseignements concernant leur sant\u00e9 et leur s\u00e9curit\u00e9 au travail.<\/p>\n<p>Le SEN est particuli\u00e8rement reconnaissant envers les repr\u00e9sentantes et repr\u00e9sentants en SST et les dirigeantes et dirigeants des sections locales de leur d\u00e9vouement et de leur travail infatigable au nom de l\u2019ensemble des membres pour assurer la sant\u00e9 et la s\u00e9curit\u00e9 de leurs coll\u00e8gues.<\/p>\n<p>Le SEN travaille avec les bureaux r\u00e9gionaux de l&#8217;Alliance de la Fonction publique du Canada- R\u00e9gion de la capitale nationale (AFPC-RCN) et avec le Syndicat des services gouvernementaux (SSG), le Syndicat des employ\u00e9-e-s de la S\u00e9curit\u00e9 et de la Justice (SESJ) et le Syndicat Agriculture (AGR), \u00e9l\u00e9ments de l\u2019AFPC, pour un milieu de travail sain aux Terrasses de la Chaudi\u00e8re.<\/p>\n<p style=\"text-align: center;\">-30-<\/p>\n<p>Pour de plus amples renseignements, veuillez communiquer avec Aur\u00e9lie McDonald, agente de communications et de recherche, au (613) 298-7892 ou \u00e0 l&#8217;adresse suivante: <a href=\"mailto:aurelie.mcdonald@une-sen.org\" target=\"_blank\" rel=\"noopener noreferrer\">aurelie.mcdonald@une-sen.org<\/a>.<\/p>\n<p>&nbsp;<\/p>\n","protected":false},"excerpt":{"rendered":"<p>POUR DIFUSSION IMM\u00c9DIATE Le 13 f\u00e9vrier 2020 \u00c0 la suite des r\u00e9cents reportages qui ont mis en \u00e9vidence les probl\u00e8mes de sant\u00e9 et de s\u00e9curit\u00e9 (SST) actuels au complexe Les Terrasses de la Chaudi\u00e8re, le Syndicat des employ\u00e9es et employ\u00e9s nationaux (SEN) a \u00e9t\u00e9 contact\u00e9 et nous avons eu une r\u00e9union avec la haute direction &hellip; <\/p>\n<p class=\"link-more\"><a href=\"https:\/\/www.unesen.ca\/press\/?p=7646&#038;lang=fr\" class=\"more-link\">>><span class=\"screen-reader-text\"> &#8220;COMMUNIQU\u00c9 DE PRESSE&#8221;<\/span><\/a><\/p>\n","protected":false},"author":6,"featured_media":0,"comment_status":"closed","ping_status":"open","sticky":false,"template":"","format":"standard","meta":{"_links_to":"","_links_to_target":""},"categories":[],"tags":[],"_links":{"self":[{"href":"https:\/\/www.unesen.ca\/press\/index.php?rest_route=\/wp\/v2\/posts\/7646"}],"collection":[{"href":"https:\/\/www.unesen.ca\/press\/index.php?rest_route=\/wp\/v2\/posts"}],"about":[{"href":"https:\/\/www.unesen.ca\/press\/index.php?rest_route=\/wp\/v2\/types\/post"}],"author":[{"embeddable":true,"href":"https:\/\/www.unesen.ca\/press\/index.php?rest_route=\/wp\/v2\/users\/6"}],"replies":[{"embeddable":true,"href":"https:\/\/www.unesen.ca\/press\/index.php?rest_route=%2Fwp%2Fv2%2Fcomments&post=7646"}],"version-history":[{"count":5,"href":"https:\/\/www.unesen.ca\/press\/index.php?rest_route=\/wp\/v2\/posts\/7646\/revisions"}],"predecessor-version":[{"id":7669,"href":"https:\/\/www.unesen.ca\/press\/index.php?rest_route=\/wp\/v2\/posts\/7646\/revisions\/7669"}],"wp:attachment":[{"href":"https:\/\/www.unesen.ca\/press\/index.php?rest_route=%2Fwp%2Fv2%2Fmedia&parent=7646"}],"wp:term":[{"taxonomy":"category","embeddable":true,"href":"https:\/\/www.unesen.ca\/press\/index.php?rest_route=%2Fwp%2Fv2%2Fcategories&post=7646"},{"taxonomy":"post_tag","embeddable":true,"href":"https:\/\/www.unesen.ca\/press\/index.php?rest_route=%2Fwp%2Fv2%2Ftags&post=7646"}],"curies":[{"name":"wp","href":"https:\/\/api.w.org\/{rel}","templated":true}]}}