{"id":7630,"date":"2020-02-10T15:56:05","date_gmt":"2020-02-10T20:56:05","guid":{"rendered":"http:\/\/fr.une-sen.org\/press\/?p=7630"},"modified":"2020-02-10T15:56:05","modified_gmt":"2020-02-10T20:56:05","slug":"mois-de-lhistoire-des-noirs-nos-membres-a-lhonneur-celine-ahodekon","status":"publish","type":"post","link":"https:\/\/www.unesen.ca\/press\/?p=7630&amp;lang=fr","title":{"rendered":"Mois de l\u2019histoire des Noirs \u2013 Nos membres \u00e0 l\u2019honneur : Celine Ahodekon"},"content":{"rendered":"<p style=\"text-align: center;\"><a href=\"http:\/\/www.une-sen.org\/press\/wp-content\/uploads\/2020\/02\/dsc_0076-web_1-1.jpg\"><img loading=\"lazy\" class=\"alignnone size-medium wp-image-7632\" src=\"http:\/\/www.une-sen.org\/press\/wp-content\/uploads\/2020\/02\/dsc_0076-web_1-1-300x199.jpg\" alt=\"\" width=\"300\" height=\"199\" srcset=\"https:\/\/www.unesen.ca\/press\/wp-content\/uploads\/2020\/02\/dsc_0076-web_1-1-300x199.jpg 300w, https:\/\/www.unesen.ca\/press\/wp-content\/uploads\/2020\/02\/dsc_0076-web_1-1-768x510.jpg 768w, https:\/\/www.unesen.ca\/press\/wp-content\/uploads\/2020\/02\/dsc_0076-web_1-1.jpg 903w\" sizes=\"(max-width: 300px) 100vw, 300px\" \/><\/a><\/p>\n<p>Le 7 f\u00e9vrier 2020<\/p>\n<p>Celine travaille \u00e0 Parcs Canada comme animatrice-guide du patrimoine au lieu historique national du Fort-Langley. Son travail consiste \u00e0 raconter aux visiteurs notre histoire commune, un sujet qui la passionne.<\/p>\n<p>Celine est tr\u00e8s pr\u00e9sente au sein de son \u00c9l\u00e9ment et de sa section locale. Elle a occup\u00e9 plusieurs charges syndicales, dont celles de membre de l\u2019\u00e9quipe de n\u00e9gociation de Parcs Canada et de repr\u00e9sentante de l\u2019\u00e9quit\u00e9 pour les membres de minorit\u00e9s visibles du Syndicat des employ\u00e9es et employ\u00e9s nationaux. Elle a aussi fait partie du comit\u00e9 organisateur de la toute premi\u00e8re conf\u00e9rence des membres raciaux visibles de l\u2019AFPC-Colombie-Britannique. Elle s\u2019investit dans son conseil r\u00e9gional de m\u00eame que dans son comit\u00e9 r\u00e9gional des droits de la personne de l\u2019AFPC, o\u00f9 elle s\u2019emploie actuellement \u00e0 organiser les festivit\u00e9s du Mois de l\u2019histoire des Noirs qui se d\u00e9rouleront \u00e0 Abbotsford (C.-B.).<\/p>\n<p>Nous lui avons demand\u00e9 pourquoi le Mois de l\u2019histoire des Noirs \u00e9tait important pour elle. Elle nous a r\u00e9pondu que \u00ab\u2009nous avons encore beaucoup de travail \u00e0 faire afin de cr\u00e9er une soci\u00e9t\u00e9 o\u00f9 tout le monde se sent \u00e9gal. Le fait de consacrer un mois \u00e0 l\u2019histoire des Noirs est une fa\u00e7on de se rem\u00e9morer ou de faire d\u00e9couvrir \u00e0 d\u2019autres la contribution des Noirs \u00e0 l\u2019\u00e9conomie, \u00e0 la politique et \u00e0 la vie sociale du Canada\u2009\u00bb.<\/p>\n<p>Source: <a href=\"http:\/\/syndicatafpc.ca\/mois-lhistoire-noirs-nos-membres-lhonneur-celine?_ga=2.148100273.789933935.1581367624-722671214.1553177201\">Site web de l&#8217;AFPC<\/a><\/p>\n","protected":false},"excerpt":{"rendered":"<p>Le 7 f\u00e9vrier 2020 Celine travaille \u00e0 Parcs Canada comme animatrice-guide du patrimoine au lieu historique national du Fort-Langley. Son travail consiste \u00e0 raconter aux visiteurs notre histoire commune, un sujet qui la passionne. Celine est tr\u00e8s pr\u00e9sente au sein de son \u00c9l\u00e9ment et de sa section locale. Elle a occup\u00e9 plusieurs charges syndicales, dont &hellip; <\/p>\n<p class=\"link-more\"><a href=\"https:\/\/www.unesen.ca\/press\/?p=7630&#038;lang=fr\" class=\"more-link\">>><span class=\"screen-reader-text\"> &#8220;Mois de l\u2019histoire des Noirs \u2013 Nos membres \u00e0 l\u2019honneur : Celine Ahodekon&#8221;<\/span><\/a><\/p>\n","protected":false},"author":6,"featured_media":0,"comment_status":"closed","ping_status":"open","sticky":false,"template":"","format":"standard","meta":{"_links_to":"","_links_to_target":""},"categories":[],"tags":[],"_links":{"self":[{"href":"https:\/\/www.unesen.ca\/press\/index.php?rest_route=\/wp\/v2\/posts\/7630"}],"collection":[{"href":"https:\/\/www.unesen.ca\/press\/index.php?rest_route=\/wp\/v2\/posts"}],"about":[{"href":"https:\/\/www.unesen.ca\/press\/index.php?rest_route=\/wp\/v2\/types\/post"}],"author":[{"embeddable":true,"href":"https:\/\/www.unesen.ca\/press\/index.php?rest_route=\/wp\/v2\/users\/6"}],"replies":[{"embeddable":true,"href":"https:\/\/www.unesen.ca\/press\/index.php?rest_route=%2Fwp%2Fv2%2Fcomments&post=7630"}],"version-history":[{"count":1,"href":"https:\/\/www.unesen.ca\/press\/index.php?rest_route=\/wp\/v2\/posts\/7630\/revisions"}],"predecessor-version":[{"id":7633,"href":"https:\/\/www.unesen.ca\/press\/index.php?rest_route=\/wp\/v2\/posts\/7630\/revisions\/7633"}],"wp:attachment":[{"href":"https:\/\/www.unesen.ca\/press\/index.php?rest_route=%2Fwp%2Fv2%2Fmedia&parent=7630"}],"wp:term":[{"taxonomy":"category","embeddable":true,"href":"https:\/\/www.unesen.ca\/press\/index.php?rest_route=%2Fwp%2Fv2%2Fcategories&post=7630"},{"taxonomy":"post_tag","embeddable":true,"href":"https:\/\/www.unesen.ca\/press\/index.php?rest_route=%2Fwp%2Fv2%2Ftags&post=7630"}],"curies":[{"name":"wp","href":"https:\/\/api.w.org\/{rel}","templated":true}]}}