{"id":7602,"date":"2020-01-28T10:07:58","date_gmt":"2020-01-28T15:07:58","guid":{"rendered":"http:\/\/fr.une-sen.org\/press\/?p=7602"},"modified":"2020-01-28T10:07:58","modified_gmt":"2020-01-28T15:07:58","slug":"parcs-canada-la-cip-tient-ses-audiences-cette-semaine","status":"publish","type":"post","link":"https:\/\/www.unesen.ca\/press\/?p=7602&amp;lang=fr","title":{"rendered":"Parcs Canada : la CIP tient ses audiences cette semaine"},"content":{"rendered":"<p style=\"text-align: center;\"><a href=\"http:\/\/www.une-sen.org\/press\/wp-content\/uploads\/2020\/01\/untitled_design_19_0-1.png\"><img loading=\"lazy\" class=\"alignnone size-medium wp-image-7604\" src=\"http:\/\/www.une-sen.org\/press\/wp-content\/uploads\/2020\/01\/untitled_design_19_0-1-300x148.png\" alt=\"\" width=\"300\" height=\"148\" srcset=\"https:\/\/www.unesen.ca\/press\/wp-content\/uploads\/2020\/01\/untitled_design_19_0-1-300x148.png 300w, https:\/\/www.unesen.ca\/press\/wp-content\/uploads\/2020\/01\/untitled_design_19_0-1-768x380.png 768w, https:\/\/www.unesen.ca\/press\/wp-content\/uploads\/2020\/01\/untitled_design_19_0-1.png 960w\" sizes=\"(max-width: 300px) 100vw, 300px\" \/><\/a><\/p>\n<p style=\"text-align: left;\">Le 27 janvier 2020<\/p>\n<p>Nos membres \u00e0 Parcs Canada se rendront aux audiences de la commission de l\u2019int\u00e9r\u00eat public (CIP), qui se tiennent les 27, 28 et 30 janvier \u00e0 Ottawa. Il s\u2019agit <a href=\"http:\/\/syndicatafpc.ca\/dates-audiences-commissions-linteret-public-cip?_ga=2.105015808.2041374084.1580132607-2050668281.1558442663\" target=\"_blank\" rel=\"noopener noreferrer\">d\u2019une des neuf unit\u00e9s de n\u00e9gociation de l\u2019AFPC qui ont recours au processus des CIP<\/a> apr\u00e8s l\u2019impasse \u00e0 la table d\u00e9clar\u00e9e en juillet dernier.<\/p>\n<p>Durant les audiences, l\u2019AFPC pr\u00e9sentera ses revendications pour une convention collective \u00e9quitable et progressiste, dont les suivantes :<\/p>\n<ul>\n<li>Une augmentation \u00e9conomique concurrentielle<\/li>\n<li>Des protections salariales pour mettre les membres \u00e0 l\u2019abri de Ph\u00e9nix<\/li>\n<li>L\u2019am\u00e9lioration des cong\u00e9s, de la conciliation travail-famille et des conditions de travail des travailleuses et travailleurs saisonniers et la parit\u00e9 avec les fonctionnaires de l\u2019administration publique centrale<\/li>\n<li>L\u2019acc\u00e8s \u00e0 un cong\u00e9 pour victimes de violence familiale<\/li>\n<li>Des mesures visant \u00e0 obtenir la parit\u00e9 salariale pour les gardes de parc et leurs superviseurs<\/li>\n<li>Une prime d\u2019utilisation de langue autochtone<\/li>\n<li>La cr\u00e9ation d\u2019un comit\u00e9 mixte sur les services de garde d\u2019enfants<\/li>\n<li>La possibilit\u00e9 de se joindre au Conseil national mixte<\/li>\n<\/ul>\n<p style=\"text-align: center;\"><a href=\"https:\/\/www.youtube.com\/watch?v=RClrIpcm6cg&amp;feature=youtu.be\" target=\"_blank\" rel=\"noopener noreferrer\">Vid\u00e9o : les membres de l\u2019\u00e9quipe de n\u00e9go de Parcs Canada discutent des enjeux<\/a><\/p>\n<p><strong>Qu\u2019est-ce qu\u2019une commission de l\u2019int\u00e9r\u00eat public (CIP)?<\/strong><\/p>\n<p>En cas d\u2019impasse, la loi qui r\u00e9git la n\u00e9gociation collective au f\u00e9d\u00e9ral pr\u00e9voit la mise sur pied d\u2019une CIP pour aider les parties \u00e0 conclure une entente.<\/p>\n<p>La CIP est compos\u00e9e de trois membres : une pr\u00e9sidence nomm\u00e9e par la commission des relations de travail et deux personnes nomm\u00e9es respectivement par le syndicat et l\u2019employeur. Les deux parties soumettent leur m\u00e9moire \u00e0 la CIP et expliquent leurs positions sur les questions en litige. La CIP r\u00e9dige ensuite un rapport recommandant des moyens de parvenir \u00e0 un r\u00e8glement. Les recommandations ne sont pas ex\u00e9cutoires. Une fois les rapports des CIP publi\u00e9s, les \u00e9quipes de n\u00e9gociation de l\u2019AFPC se r\u00e9unissent pour en discuter.<\/p>\n<p><strong>Tenez-vous au courant<\/strong><\/p>\n<p>Il est important que tous les travailleurs et travailleuses de Parcs Canada soient tenus au courant du progr\u00e8s des n\u00e9gociations, surtout \u00e0 cette \u00e9tape critique du processus. Voici comment vous pouvez nous aider \u00e0 passer le mot :<\/p>\n<ul>\n<li>Diffusez largement nos courriels sur les n\u00e9gos.<\/li>\n<li>Partagez nos info-n\u00e9go dans les m\u00e9dias sociaux, par exemple Facebook et Twitter.<\/li>\n<li>Encouragez vos coll\u00e8gues \u00e0 visiter la <a href=\"http:\/\/syndicatafpc.ca\/parcs-canada?_ga=2.9186998.2041374084.1580132607-2050668281.1558442663\" target=\"_blank\" rel=\"noopener noreferrer\">page Web de Parcs Canada<\/a>.<\/li>\n<li>Rappelez aux membres de s\u2019inscrire <a href=\"https:\/\/psacunion.us1.list-manage.com\/subscribe\/post?u=781863db81c974cf297a8fa95&amp;id=3691e8f9c6\" target=\"_blank\" rel=\"noopener noreferrer\">pour recevoir nos bulletins \u00e9lectroniques sur les n\u00e9gos<\/a>.<\/li>\n<\/ul>\n<p>Source: <a href=\"http:\/\/syndicatafpc.ca\/parcs-canada-cip-tient-ses-audiences-cette-semaine?_ga=2.223579931.168777624.1580134699-722671214.1553177201\">AFPC<\/a><\/p>\n","protected":false},"excerpt":{"rendered":"<p>Le 27 janvier 2020 Nos membres \u00e0 Parcs Canada se rendront aux audiences de la commission de l\u2019int\u00e9r\u00eat public (CIP), qui se tiennent les 27, 28 et 30 janvier \u00e0 Ottawa. Il s\u2019agit d\u2019une des neuf unit\u00e9s de n\u00e9gociation de l\u2019AFPC qui ont recours au processus des CIP apr\u00e8s l\u2019impasse \u00e0 la table d\u00e9clar\u00e9e en &hellip; <\/p>\n<p class=\"link-more\"><a href=\"https:\/\/www.unesen.ca\/press\/?p=7602&#038;lang=fr\" class=\"more-link\">>><span class=\"screen-reader-text\"> &#8220;Parcs Canada : la CIP tient ses audiences cette semaine&#8221;<\/span><\/a><\/p>\n","protected":false},"author":6,"featured_media":0,"comment_status":"closed","ping_status":"open","sticky":false,"template":"","format":"standard","meta":{"_links_to":"","_links_to_target":""},"categories":[],"tags":[],"_links":{"self":[{"href":"https:\/\/www.unesen.ca\/press\/index.php?rest_route=\/wp\/v2\/posts\/7602"}],"collection":[{"href":"https:\/\/www.unesen.ca\/press\/index.php?rest_route=\/wp\/v2\/posts"}],"about":[{"href":"https:\/\/www.unesen.ca\/press\/index.php?rest_route=\/wp\/v2\/types\/post"}],"author":[{"embeddable":true,"href":"https:\/\/www.unesen.ca\/press\/index.php?rest_route=\/wp\/v2\/users\/6"}],"replies":[{"embeddable":true,"href":"https:\/\/www.unesen.ca\/press\/index.php?rest_route=%2Fwp%2Fv2%2Fcomments&post=7602"}],"version-history":[{"count":1,"href":"https:\/\/www.unesen.ca\/press\/index.php?rest_route=\/wp\/v2\/posts\/7602\/revisions"}],"predecessor-version":[{"id":7605,"href":"https:\/\/www.unesen.ca\/press\/index.php?rest_route=\/wp\/v2\/posts\/7602\/revisions\/7605"}],"wp:attachment":[{"href":"https:\/\/www.unesen.ca\/press\/index.php?rest_route=%2Fwp%2Fv2%2Fmedia&parent=7602"}],"wp:term":[{"taxonomy":"category","embeddable":true,"href":"https:\/\/www.unesen.ca\/press\/index.php?rest_route=%2Fwp%2Fv2%2Fcategories&post=7602"},{"taxonomy":"post_tag","embeddable":true,"href":"https:\/\/www.unesen.ca\/press\/index.php?rest_route=%2Fwp%2Fv2%2Ftags&post=7602"}],"curies":[{"name":"wp","href":"https:\/\/api.w.org\/{rel}","templated":true}]}}