{"id":7586,"date":"2020-01-13T09:49:15","date_gmt":"2020-01-13T14:49:15","guid":{"rendered":"http:\/\/fr.une-sen.org\/press\/?p=7586"},"modified":"2020-01-15T09:49:25","modified_gmt":"2020-01-15T14:49:25","slug":"colloque-regional-c-b-et-yukon","status":"publish","type":"post","link":"https:\/\/www.unesen.ca\/press\/?p=7586&amp;lang=fr","title":{"rendered":"Colloque r\u00e9gional &#8211; C.-B. et Yukon"},"content":{"rendered":"<p><img loading=\"lazy\" class=\"alignnone size-full wp-image-7587\" src=\"http:\/\/www.une-sen.org\/press\/wp-content\/uploads\/2020\/01\/RS-Poster-BCYT-f.png\" alt=\"\" width=\"1200\" height=\"750\" srcset=\"https:\/\/www.unesen.ca\/press\/wp-content\/uploads\/2020\/01\/RS-Poster-BCYT-f.png 1200w, https:\/\/www.unesen.ca\/press\/wp-content\/uploads\/2020\/01\/RS-Poster-BCYT-f-300x188.png 300w, https:\/\/www.unesen.ca\/press\/wp-content\/uploads\/2020\/01\/RS-Poster-BCYT-f-768x480.png 768w, https:\/\/www.unesen.ca\/press\/wp-content\/uploads\/2020\/01\/RS-Poster-BCYT-f-1024x640.png 1024w\" sizes=\"(max-width: 767px) 89vw, (max-width: 1000px) 54vw, (max-width: 1071px) 543px, 580px\" \/><\/p>\n<h2><a href=\"https:\/\/fr.une-sen.org\/events\/seminars\/BCYT\/registration\/index.php\">Pour vous inscrire en ligne, veuillez cliquer ici.<\/a><\/h2>\n<p>L\u2019\u00e9quipe r\u00e9gionale de Colombie-Britannique et du Yukon vous invite \u00e0 participer au colloque r\u00e9gional qui se tiendra du 13 au 15 mars 2020 \u00e0 l&#8217;h\u00f4tel Pinnacle Harbourfront, Vancouver, Colombie -Britannique.<\/p>\n<p>L\u2019\u00e9v\u00e9nement offrira des expos\u00e9s et des ateliers de formation qui vous donneront les connaissances et la confiance n\u00e9cessaires pour aider vos membres. C\u2019est \u00e9galement un excellent endroit pour rencontrer des membres actives et membres actifs comme vous et nouer des amiti\u00e9s durables.<\/p>\n<p>Pour un aper\u00e7u d\u2019autres choses que nous vous r\u00e9servons, consultez le\u00a0<a href=\"http:\/\/fr.une-sen.org\/events\/seminars\/BCYT\/agenda.php\" target=\"_blank\" rel=\"noopener noreferrer\">programme du colloque<\/a>.<\/p>\n<p>Le SEN financera les d\u00e9l\u00e9gu\u00e9es et d\u00e9l\u00e9gu\u00e9s suivants pour chaque section locale\u00a0:<\/p>\n<ul type=\"disc\">\n<li>La pr\u00e9sidente ou le pr\u00e9sident d\u2019une section locale ou sa rempla\u00e7ante ou son rempla\u00e7ant devrait \u00eatre l&#8217;une ou l&#8217;un des d\u00e9l\u00e9gu\u00e9s;<\/li>\n<li>On devrait accorder la priorit\u00e9 \u00e0 une ou un membre qui n\u2019a pas d\u00e9j\u00e0 assist\u00e9 \u00e0 un colloque;<\/li>\n<li>Les sections locales \u00e9liront une ou un d\u00e9l\u00e9gu\u00e9 jeunesse pour assister au Colloque r\u00e9gional (35\u00a0ans ou moins au 31\u00a0d\u00e9cembre\u00a02020).<\/li>\n<\/ul>\n<p>Les sections locales doivent encourager la participation des membres des groupes d\u2019\u00e9quit\u00e9. Elles peuvent d\u00e9l\u00e9guer d\u2019autres membres \u00e0 leurs propres frais.<\/p>\n<p>Vous devez vous inscrire d\u2019ici le\u00a0<strong>vendredi le 7 f\u00e9vrier.<\/strong>\u00a0Malheureusement, nous ne pouvons pas accepter les inscriptions en retard.<\/p>\n<p>Si vous avez des questions concernant le Colloque, veuillez communiquer avec Suzanne Boucher \u00e0\u00a0<a href=\"mailto:events@une-sen.org\">events@une-sen.org<\/a>.<\/p>\n<p>Les d\u00e9l\u00e9gu\u00e9es et les d\u00e9l\u00e9gu\u00e9s au colloque r\u00e9gional devraient arriver \u00e0 temps le vendredi 13 mars pour les inscriptions qui commenceront \u00e0 19h. Des chambres seront r\u00e9serv\u00e9es pour les d\u00e9l\u00e9gu\u00e9es et les d\u00e9l\u00e9gu\u00e9s \u00e0 l\u2019h\u00f4tel Sheraton pour les vendredi et samedi soirs du colloque. Des activit\u00e9s sont pr\u00e9vues en soir\u00e9e. Le colloque prend fin le dimanche 15 mars \u00e0 12h30.<\/p>\n<p>En toute solidarit\u00e9,<\/p>\n<p>Shirley Torres, Vice-pr\u00e9sidente r\u00e9gionale, Colombie-Britannique et Yukon<br \/>\nBrian Bakker, Vice-pr\u00e9sident r\u00e9gional adjoint, Colombie-Britannique et Yukon<br \/>\nLinda Woods, Vice-pr\u00e9sidente r\u00e9gionale adjointe, Colombie-Britannique et Yukon<br \/>\nChelsea Cameron, Repr\u00e9sentant r\u00e9gional aux droits de la personne, Colombie-Britannique et Yukon<\/p>\n<h2><a href=\"https:\/\/fr.une-sen.org\/events\/seminars\/BCYT\/registration\/index.php\">Pour vous inscrire en ligne, veuillez cliquer ici.<\/a><\/h2>\n<p>&nbsp;<\/p>\n<p>&nbsp;<\/p>\n","protected":false},"excerpt":{"rendered":"<p>Pour vous inscrire en ligne, veuillez cliquer ici. L\u2019\u00e9quipe r\u00e9gionale de Colombie-Britannique et du Yukon vous invite \u00e0 participer au colloque r\u00e9gional qui se tiendra du 13 au 15 mars 2020 \u00e0 l&#8217;h\u00f4tel Pinnacle Harbourfront, Vancouver, Colombie -Britannique. L\u2019\u00e9v\u00e9nement offrira des expos\u00e9s et des ateliers de formation qui vous donneront les connaissances et la confiance &hellip; <\/p>\n<p class=\"link-more\"><a href=\"https:\/\/www.unesen.ca\/press\/?p=7586&#038;lang=fr\" class=\"more-link\">>><span class=\"screen-reader-text\"> &#8220;Colloque r\u00e9gional &#8211; C.-B. et Yukon&#8221;<\/span><\/a><\/p>\n","protected":false},"author":2,"featured_media":0,"comment_status":"closed","ping_status":"open","sticky":false,"template":"","format":"standard","meta":{"_links_to":"","_links_to_target":""},"categories":[],"tags":[],"_links":{"self":[{"href":"https:\/\/www.unesen.ca\/press\/index.php?rest_route=\/wp\/v2\/posts\/7586"}],"collection":[{"href":"https:\/\/www.unesen.ca\/press\/index.php?rest_route=\/wp\/v2\/posts"}],"about":[{"href":"https:\/\/www.unesen.ca\/press\/index.php?rest_route=\/wp\/v2\/types\/post"}],"author":[{"embeddable":true,"href":"https:\/\/www.unesen.ca\/press\/index.php?rest_route=\/wp\/v2\/users\/2"}],"replies":[{"embeddable":true,"href":"https:\/\/www.unesen.ca\/press\/index.php?rest_route=%2Fwp%2Fv2%2Fcomments&post=7586"}],"version-history":[{"count":1,"href":"https:\/\/www.unesen.ca\/press\/index.php?rest_route=\/wp\/v2\/posts\/7586\/revisions"}],"predecessor-version":[{"id":7588,"href":"https:\/\/www.unesen.ca\/press\/index.php?rest_route=\/wp\/v2\/posts\/7586\/revisions\/7588"}],"wp:attachment":[{"href":"https:\/\/www.unesen.ca\/press\/index.php?rest_route=%2Fwp%2Fv2%2Fmedia&parent=7586"}],"wp:term":[{"taxonomy":"category","embeddable":true,"href":"https:\/\/www.unesen.ca\/press\/index.php?rest_route=%2Fwp%2Fv2%2Fcategories&post=7586"},{"taxonomy":"post_tag","embeddable":true,"href":"https:\/\/www.unesen.ca\/press\/index.php?rest_route=%2Fwp%2Fv2%2Ftags&post=7586"}],"curies":[{"name":"wp","href":"https:\/\/api.w.org\/{rel}","templated":true}]}}