{"id":7578,"date":"2020-01-14T15:36:21","date_gmt":"2020-01-14T20:36:21","guid":{"rendered":"http:\/\/fr.une-sen.org\/press\/?p=7578"},"modified":"2020-01-22T12:42:41","modified_gmt":"2020-01-22T17:42:41","slug":"negos-avec-le-ct%e2%80%af-lafpc-se-dirige-vers-la-mediation","status":"publish","type":"post","link":"https:\/\/www.unesen.ca\/press\/?p=7578&amp;lang=fr","title":{"rendered":"N\u00e9gos avec le CT\u202f: l\u2019AFPC se dirige vers la m\u00e9diation"},"content":{"rendered":"<p style=\"text-align: center;\"><a href=\"http:\/\/www.une-sen.org\/press\/wp-content\/uploads\/2020\/01\/ottawa-winter.jpg\"><img loading=\"lazy\" class=\"alignnone size-medium wp-image-7580\" src=\"http:\/\/www.une-sen.org\/press\/wp-content\/uploads\/2020\/01\/ottawa-winter-300x200.jpg\" alt=\"\" width=\"300\" height=\"200\" srcset=\"https:\/\/www.unesen.ca\/press\/wp-content\/uploads\/2020\/01\/ottawa-winter-300x200.jpg 300w, https:\/\/www.unesen.ca\/press\/wp-content\/uploads\/2020\/01\/ottawa-winter-768x512.jpg 768w, https:\/\/www.unesen.ca\/press\/wp-content\/uploads\/2020\/01\/ottawa-winter.jpg 900w\" sizes=\"(max-width: 300px) 100vw, 300px\" \/><\/a><\/p>\n<p style=\"text-align: left;\">Le 14 janvier 2020<\/p>\n<p>L\u2019\u00e9quipe de n\u00e9gociation de l\u2019AFPC qui repr\u00e9sente les 90\u202f000\u202fmembres du groupe PA (Services des programmes et de l\u2019administration) a accept\u00e9 d\u2019aller en m\u00e9diation les 16 et 17\u202fjanvier.<\/p>\n<p>C\u2019est la commission de l\u2019int\u00e9r\u00eat public (CIP) qui a convoqu\u00e9 les s\u00e9ances de m\u00e9diation. Les parties y aborderont les <a href=\"http:\/\/syndicatafpc.ca\/proposition-sur-enjeux-communs-0?_ga=2.235833409.1124011195.1579014250-2075787626.1562272402\" target=\"_blank\" rel=\"noopener noreferrer\">enjeux communs<\/a> et <a href=\"http:\/\/syndicatafpc.ca\/groupe-programmes-ladministration-depose-ses?_ga=2.28091900.1124011195.1579014250-2075787626.1562272402\" target=\"_blank\" rel=\"noopener noreferrer\">ceux propres au groupe PA<\/a> (l\u2019information concernant les autres groupes du Conseil du Tr\u00e9sor suivra bient\u00f4t).<\/p>\n<p>L\u2019AFPC et le gouvernement avaient d\u00e9fendu leurs positions respectives <a href=\"http:\/\/syndicatafpc.ca\/concessions-maigres-salaires-gouvernement-revient?_ga=2.224259547.1124011195.1579014250-2075787626.1562272402\" target=\"_blank\" rel=\"noopener noreferrer\">devant la CIP du 4 au 7\u202fd\u00e9cembre<\/a>.<\/p>\n<p>Aussit\u00f4t que la m\u00e9diation sera termin\u00e9e, l\u2019AFPC fera une mise \u00e0 jour.<\/p>\n<p><strong>Qu\u2019est-ce qu\u2019une commission de l\u2019int\u00e9r\u00eat public (CIP)?<\/strong><\/p>\n<p>En cas d\u2019impasse, la loi qui r\u00e9git la n\u00e9gociation collective au f\u00e9d\u00e9ral pr\u00e9voit la mise sur pied d\u2019une CIP pour aider les parties \u00e0 conclure une entente.<\/p>\n<p>La CIP est compos\u00e9e de trois membres : une pr\u00e9sidence nomm\u00e9e par la commission des relations de travail et deux personnes nomm\u00e9es respectivement par le syndicat et l\u2019employeur. Les deux parties soumettent leur m\u00e9moire \u00e0 la CIP et expliquent leurs positions sur les questions en litige. La pr\u00e9sidence peut aussi convoquer des s\u00e9ances suppl\u00e9mentaires. La CIP r\u00e9dige ensuite un rapport recommandant des moyens de parvenir \u00e0 un r\u00e8glement. Les recommandations ne sont pas ex\u00e9cutoires.<\/p>\n<p>Une fois le rapport de la CIP publi\u00e9, l\u2019\u00e9quipe de n\u00e9gociation de l\u2019AFPC se r\u00e9unit pour en discuter. Habituellement, cette rencontre est suivie d\u2019une reprise des pourparlers avec l\u2019employeur. Les rapports devraient \u00eatre pr\u00e9sent\u00e9s en 2020.<\/p>\n<p>Source: <a href=\"http:\/\/syndicatafpc.ca\/negos-avec-ct-lafpc-se-dirige-vers-mediation?_ga=2.226435610.1288295614.1579033354-1085135486.1530128637\">AFPC<\/a><\/p>\n<p>&nbsp;<\/p>\n","protected":false},"excerpt":{"rendered":"<p>Le 14 janvier 2020 L\u2019\u00e9quipe de n\u00e9gociation de l\u2019AFPC qui repr\u00e9sente les 90\u202f000\u202fmembres du groupe PA (Services des programmes et de l\u2019administration) a accept\u00e9 d\u2019aller en m\u00e9diation les 16 et 17\u202fjanvier. C\u2019est la commission de l\u2019int\u00e9r\u00eat public (CIP) qui a convoqu\u00e9 les s\u00e9ances de m\u00e9diation. Les parties y aborderont les enjeux communs et ceux propres &hellip; <\/p>\n<p class=\"link-more\"><a href=\"https:\/\/www.unesen.ca\/press\/?p=7578&#038;lang=fr\" class=\"more-link\">>><span class=\"screen-reader-text\"> &#8220;N\u00e9gos avec le CT\u202f: l\u2019AFPC se dirige vers la m\u00e9diation&#8221;<\/span><\/a><\/p>\n","protected":false},"author":6,"featured_media":0,"comment_status":"closed","ping_status":"open","sticky":false,"template":"","format":"standard","meta":{"_links_to":"","_links_to_target":""},"categories":[],"tags":[],"_links":{"self":[{"href":"https:\/\/www.unesen.ca\/press\/index.php?rest_route=\/wp\/v2\/posts\/7578"}],"collection":[{"href":"https:\/\/www.unesen.ca\/press\/index.php?rest_route=\/wp\/v2\/posts"}],"about":[{"href":"https:\/\/www.unesen.ca\/press\/index.php?rest_route=\/wp\/v2\/types\/post"}],"author":[{"embeddable":true,"href":"https:\/\/www.unesen.ca\/press\/index.php?rest_route=\/wp\/v2\/users\/6"}],"replies":[{"embeddable":true,"href":"https:\/\/www.unesen.ca\/press\/index.php?rest_route=%2Fwp%2Fv2%2Fcomments&post=7578"}],"version-history":[{"count":1,"href":"https:\/\/www.unesen.ca\/press\/index.php?rest_route=\/wp\/v2\/posts\/7578\/revisions"}],"predecessor-version":[{"id":7581,"href":"https:\/\/www.unesen.ca\/press\/index.php?rest_route=\/wp\/v2\/posts\/7578\/revisions\/7581"}],"wp:attachment":[{"href":"https:\/\/www.unesen.ca\/press\/index.php?rest_route=%2Fwp%2Fv2%2Fmedia&parent=7578"}],"wp:term":[{"taxonomy":"category","embeddable":true,"href":"https:\/\/www.unesen.ca\/press\/index.php?rest_route=%2Fwp%2Fv2%2Fcategories&post=7578"},{"taxonomy":"post_tag","embeddable":true,"href":"https:\/\/www.unesen.ca\/press\/index.php?rest_route=%2Fwp%2Fv2%2Ftags&post=7578"}],"curies":[{"name":"wp","href":"https:\/\/api.w.org\/{rel}","templated":true}]}}