{"id":7553,"date":"2019-11-28T13:27:39","date_gmt":"2019-11-28T18:27:39","guid":{"rendered":"http:\/\/fr.une-sen.org\/press\/?p=7553"},"modified":"2019-11-28T14:17:21","modified_gmt":"2019-11-28T19:17:21","slug":"congres-triennal-de-2020-du-sen-preavis","status":"publish","type":"post","link":"https:\/\/www.unesen.ca\/press\/?p=7553&amp;lang=fr","title":{"rendered":"Congr\u00e8s triennal de 2020 du SEN &#8211; PR\u00c9AVIS"},"content":{"rendered":"<p><img loading=\"lazy\" class=\"alignnone size-full wp-image-7563\" src=\"http:\/\/www.une-sen.org\/press\/wp-content\/uploads\/2019\/11\/Convention2020-AdvanceNotice-f-1.png\" alt=\"\" width=\"1200\" height=\"750\" srcset=\"https:\/\/www.unesen.ca\/press\/wp-content\/uploads\/2019\/11\/Convention2020-AdvanceNotice-f-1.png 1200w, https:\/\/www.unesen.ca\/press\/wp-content\/uploads\/2019\/11\/Convention2020-AdvanceNotice-f-1-300x188.png 300w, https:\/\/www.unesen.ca\/press\/wp-content\/uploads\/2019\/11\/Convention2020-AdvanceNotice-f-1-768x480.png 768w, https:\/\/www.unesen.ca\/press\/wp-content\/uploads\/2019\/11\/Convention2020-AdvanceNotice-f-1-1024x640.png 1024w\" sizes=\"(max-width: 767px) 89vw, (max-width: 1000px) 54vw, (max-width: 1071px) 543px, 580px\" \/><\/p>\n<p>Le 18<sup>e<\/sup> congr\u00e8s triennal du SEN aura lieu \u00e0 Montr\u00e9al, Qu\u00e9bec, en ao\u00fbt 2020. Le moment est venu de songer \u00e0 \u00e9lire des d\u00e9l\u00e9gu\u00e9es et d\u00e9l\u00e9gu\u00e9s, \u00e0 r\u00e9diger des r\u00e9solutions et \u00e0 assurer la conformit\u00e9 de votre section locale.<\/p>\n<p><strong>A) <u>Lieu et dates du congr\u00e8s<\/u><\/strong><\/p>\n<p>Du 24 au 28 ao\u00fbt 2020<\/p>\n<p>H\u00f4tel Fairmont Le Reine Elizabeth<\/p>\n<p>900 Boulevard Ren\u00e9-L\u00e9vesque Ouest, Montr\u00e9al (QC) H3B 4A5<\/p>\n<p><strong>B)<\/strong> <strong> <u>Statut des d\u00e9l\u00e9gu\u00e9es et d\u00e9l\u00e9gu\u00e9s<\/u><\/strong><\/p>\n<p>Les formulaires de demande des d\u00e9l\u00e9gu\u00e9es et d\u00e9l\u00e9gu\u00e9s doivent \u00eatre soumis au plus tard le <strong>24 avril 2020<\/strong>. Les d\u00e9l\u00e9gu\u00e9es et d\u00e9l\u00e9gu\u00e9s doivent \u00eatre \u00e9lus au cours d\u2019une assembl\u00e9e g\u00e9n\u00e9rale des membres de la section locale.<\/p>\n<p><strong>C) <u>R\u00e9solutions du congr\u00e8s<\/u><\/strong><\/p>\n<p>Les r\u00e9solutions du congr\u00e8s doivent \u00eatre achemin\u00e9es au plus tard le <strong>24 avril 2020<\/strong>. Les r\u00e9solutions de votre section locale doivent \u00eatre approuv\u00e9es \u00e0 une assembl\u00e9e g\u00e9n\u00e9rale des membres de la section locale.<\/p>\n<p>Les informations d\u00e9taill\u00e9es sur le congr\u00e8s seront communiqu\u00e9es dans la lettre de convocation officielle au congr\u00e8s et des r\u00e9solutions en janvier.<\/p>\n<p>Si vous avez des questions ou des commentaires au sujet du congr\u00e8s, je vous encourage \u00e0 visiter notre site web \u00e0 <a href=\"http:\/\/fr.une-sen.org\/events\/convention\/\">http:\/\/fr.une-sen.org\/events\/convention\/<\/a> ou contacter votre <a href=\"http:\/\/fr.une-sen.org\/who_we_are\/regions\/\">\u00e9quipe r\u00e9gionale<\/a>.<\/p>\n<p>En toute solidarit\u00e9,<\/p>\n<p>Kevin King<br \/>\nPr\u00e9sident national<br \/>\nSEN<\/p>\n","protected":false},"excerpt":{"rendered":"<p>Le 18e congr\u00e8s triennal du SEN aura lieu \u00e0 Montr\u00e9al, Qu\u00e9bec, en ao\u00fbt 2020. Le moment est venu de songer \u00e0 \u00e9lire des d\u00e9l\u00e9gu\u00e9es et d\u00e9l\u00e9gu\u00e9s, \u00e0 r\u00e9diger des r\u00e9solutions et \u00e0 assurer la conformit\u00e9 de votre section locale. A) Lieu et dates du congr\u00e8s Du 24 au 28 ao\u00fbt 2020 H\u00f4tel Fairmont Le Reine &hellip; <\/p>\n<p class=\"link-more\"><a href=\"https:\/\/www.unesen.ca\/press\/?p=7553&#038;lang=fr\" class=\"more-link\">>><span class=\"screen-reader-text\"> &#8220;Congr\u00e8s triennal de 2020 du SEN &#8211; PR\u00c9AVIS&#8221;<\/span><\/a><\/p>\n","protected":false},"author":2,"featured_media":0,"comment_status":"closed","ping_status":"open","sticky":false,"template":"","format":"standard","meta":{"_links_to":"","_links_to_target":""},"categories":[],"tags":[],"_links":{"self":[{"href":"https:\/\/www.unesen.ca\/press\/index.php?rest_route=\/wp\/v2\/posts\/7553"}],"collection":[{"href":"https:\/\/www.unesen.ca\/press\/index.php?rest_route=\/wp\/v2\/posts"}],"about":[{"href":"https:\/\/www.unesen.ca\/press\/index.php?rest_route=\/wp\/v2\/types\/post"}],"author":[{"embeddable":true,"href":"https:\/\/www.unesen.ca\/press\/index.php?rest_route=\/wp\/v2\/users\/2"}],"replies":[{"embeddable":true,"href":"https:\/\/www.unesen.ca\/press\/index.php?rest_route=%2Fwp%2Fv2%2Fcomments&post=7553"}],"version-history":[{"count":5,"href":"https:\/\/www.unesen.ca\/press\/index.php?rest_route=\/wp\/v2\/posts\/7553\/revisions"}],"predecessor-version":[{"id":7564,"href":"https:\/\/www.unesen.ca\/press\/index.php?rest_route=\/wp\/v2\/posts\/7553\/revisions\/7564"}],"wp:attachment":[{"href":"https:\/\/www.unesen.ca\/press\/index.php?rest_route=%2Fwp%2Fv2%2Fmedia&parent=7553"}],"wp:term":[{"taxonomy":"category","embeddable":true,"href":"https:\/\/www.unesen.ca\/press\/index.php?rest_route=%2Fwp%2Fv2%2Fcategories&post=7553"},{"taxonomy":"post_tag","embeddable":true,"href":"https:\/\/www.unesen.ca\/press\/index.php?rest_route=%2Fwp%2Fv2%2Ftags&post=7553"}],"curies":[{"name":"wp","href":"https:\/\/api.w.org\/{rel}","templated":true}]}}