{"id":7536,"date":"2019-11-14T18:51:50","date_gmt":"2019-11-14T23:51:50","guid":{"rendered":"http:\/\/fr.une-sen.org\/press\/?p=7536"},"modified":"2019-11-14T19:11:02","modified_gmt":"2019-11-15T00:11:02","slug":"conference-sur-les-droits-de-la-personne","status":"publish","type":"post","link":"https:\/\/www.unesen.ca\/press\/?p=7536&amp;lang=fr","title":{"rendered":"Conf\u00e9rence sur les droits de la personne"},"content":{"rendered":"<p><img loading=\"lazy\" class=\"alignnone size-full wp-image-7538\" src=\"http:\/\/www.une-sen.org\/press\/wp-content\/uploads\/2019\/11\/Poster-CONF-HR-f.png\" alt=\"\" width=\"1200\" height=\"750\" srcset=\"https:\/\/www.unesen.ca\/press\/wp-content\/uploads\/2019\/11\/Poster-CONF-HR-f.png 1200w, https:\/\/www.unesen.ca\/press\/wp-content\/uploads\/2019\/11\/Poster-CONF-HR-f-300x188.png 300w, https:\/\/www.unesen.ca\/press\/wp-content\/uploads\/2019\/11\/Poster-CONF-HR-f-768x480.png 768w, https:\/\/www.unesen.ca\/press\/wp-content\/uploads\/2019\/11\/Poster-CONF-HR-f-1024x640.png 1024w\" sizes=\"(max-width: 767px) 89vw, (max-width: 1000px) 54vw, (max-width: 1071px) 543px, 580px\" \/><\/p>\n<p>Conf\u00e9rence sur les droits de la personne du SEN<br \/>\nDu 14 au 17 novembre\u00a02019<br \/>\nH\u00f4tel Hilton Lac-Leamy<\/p>\n<ul>\n<li><strong><a href=\"http:\/\/fr.une-sen.org\/events\/conferences\/HR\/Program-HR-Pocket-f.pdf\">Ordre du jour<\/a><\/strong><\/li>\n<li><strong><a href=\"http:\/\/fr.une-sen.org\/events\/conferences\/HR\/Program-HR-Final-f.pdf\">Programme de la conf\u00e9rence<\/a><\/strong><\/li>\n<\/ul>\n<div class=\"result-header\"><span class=\"tlid-translation translation\" lang=\"fr\"><span title=\"\">Restez \u00e0 jour pour le d\u00e9but de la conf\u00e9rence!<\/span><\/span><\/div>\n<div><\/div>\n<p><a style=\"font-size: 1rem;\" href=\"http:\/\/www.facebook.com\/Union.NE.Syndicat.EN\"><img loading=\"lazy\" title=\"Like us on Facebook\" src=\"http:\/\/en.une-sen.org\/images\/smicons\/fb.png\" width=\"30\" height=\"30\" \/><\/a> \u00a0 \u00a0\u00a0 \u00a0\u00a0 <a style=\"font-size: 1rem;\" href=\"https:\/\/twitter.com\/UNE_SEN\"><img loading=\"lazy\" title=\"Follow us on Twitter\" src=\"http:\/\/en.une-sen.org\/images\/smicons\/twitter.png\" width=\"30\" height=\"30\" \/> \u00a0 \u00a0<\/a> <a style=\"font-size: 1rem;\" href=\"https:\/\/www.instagram.com\/une.sen\/\"><img loading=\"lazy\" title=\"Follow us on Instagram\" src=\"http:\/\/en.une-sen.org\/images\/smicons\/instagram.png\" width=\"30\" height=\"30\" \/><\/a><\/p>\n<p><a class=\"twitter-timeline\" data-width=\"525\" data-height=\"788\" data-dnt=\"true\" href=\"https:\/\/twitter.com\/UNE_SEN?ref_src=twsrc%5Etfw\">Tweets by UNE_SEN<\/a><script async src=\"https:\/\/platform.twitter.com\/widgets.js\" charset=\"utf-8\"><\/script><\/p>\n","protected":false},"excerpt":{"rendered":"<p>Conf\u00e9rence sur les droits de la personne du SEN Du 14 au 17 novembre\u00a02019 H\u00f4tel Hilton Lac-Leamy Ordre du jour Programme de la conf\u00e9rence Restez \u00e0 jour pour le d\u00e9but de la conf\u00e9rence! \u00a0 \u00a0\u00a0 \u00a0\u00a0 \u00a0 \u00a0 Tweets by UNE_SEN<\/p>\n","protected":false},"author":2,"featured_media":0,"comment_status":"closed","ping_status":"open","sticky":false,"template":"","format":"standard","meta":{"_links_to":"","_links_to_target":""},"categories":[],"tags":[],"_links":{"self":[{"href":"https:\/\/www.unesen.ca\/press\/index.php?rest_route=\/wp\/v2\/posts\/7536"}],"collection":[{"href":"https:\/\/www.unesen.ca\/press\/index.php?rest_route=\/wp\/v2\/posts"}],"about":[{"href":"https:\/\/www.unesen.ca\/press\/index.php?rest_route=\/wp\/v2\/types\/post"}],"author":[{"embeddable":true,"href":"https:\/\/www.unesen.ca\/press\/index.php?rest_route=\/wp\/v2\/users\/2"}],"replies":[{"embeddable":true,"href":"https:\/\/www.unesen.ca\/press\/index.php?rest_route=%2Fwp%2Fv2%2Fcomments&post=7536"}],"version-history":[{"count":5,"href":"https:\/\/www.unesen.ca\/press\/index.php?rest_route=\/wp\/v2\/posts\/7536\/revisions"}],"predecessor-version":[{"id":7549,"href":"https:\/\/www.unesen.ca\/press\/index.php?rest_route=\/wp\/v2\/posts\/7536\/revisions\/7549"}],"wp:attachment":[{"href":"https:\/\/www.unesen.ca\/press\/index.php?rest_route=%2Fwp%2Fv2%2Fmedia&parent=7536"}],"wp:term":[{"taxonomy":"category","embeddable":true,"href":"https:\/\/www.unesen.ca\/press\/index.php?rest_route=%2Fwp%2Fv2%2Fcategories&post=7536"},{"taxonomy":"post_tag","embeddable":true,"href":"https:\/\/www.unesen.ca\/press\/index.php?rest_route=%2Fwp%2Fv2%2Ftags&post=7536"}],"curies":[{"name":"wp","href":"https:\/\/api.w.org\/{rel}","templated":true}]}}