{"id":7526,"date":"2019-10-22T08:11:32","date_gmt":"2019-10-22T13:11:32","guid":{"rendered":"http:\/\/fr.une-sen.org\/press\/?p=7526"},"modified":"2019-10-22T08:11:32","modified_gmt":"2019-10-22T13:11:32","slug":"la-conference-de-negociation-des-oes-prepare-les-questions-pour-lintense-ronde-de-negociation","status":"publish","type":"post","link":"https:\/\/www.unesen.ca\/press\/?p=7526&amp;lang=fr","title":{"rendered":"La Conf\u00e9rence de n\u00e9gociation des OES pr\u00e9pare les questions pour l\u2019intense ronde de n\u00e9gociation"},"content":{"rendered":"<p>Ottawa, Ont. \u2013 Le bureau r\u00e9gional des Op\u00e9rations des enqu\u00eates statistiques (OES) et les \u00e9quipes d\u2019intervieweuses et intervieweurs sur place se sont rencontr\u00e9s pendant trois\u00a0jours pour discuter des bons et des mauvais c\u00f4t\u00e9s de la situation en pr\u00e9paration aux prochaines n\u00e9gociations en (MOIS). Leur convention actuelle a pris fin en\u00a02018, et les membres du SEN ont h\u00e2te de retourner \u00e0 la table de n\u00e9gociation en vue de n\u00e9gocier une entente \u00e9quitable.<\/p>\n<p>Le pr\u00e9sident national du SEN, Kevin King, a dit aux membres ce qui suit\u00a0:<\/p>\n<p>\u00ab\u00a0Nos membres aux OES font un travail sans but lucratif important qui profite \u00e0 tous les Canadiens. Pourtant, ils ne sont pas appr\u00e9ci\u00e9s \u00e0 leur juste valeur par l\u2019employeur. Cela doit changer. Nous sommes fiers d\u2019appuyer ces deux\u00a0unit\u00e9s de n\u00e9gociation et esp\u00e9rons que le SEN puisse faire respecter une convention juste et \u00e9quitable.\u00a0\u00bb<\/p>\n<p>La Conf\u00e9rence nationale de n\u00e9gociation des OES a \u00e9t\u00e9 l\u2019occasion pour les membres de discuter de l\u2019intention et d\u2019\u00e9tablir la priorit\u00e9 des demandes pr\u00e9sent\u00e9es par les travailleurs de partout au pays.<\/p>\n<p>F\u00e9licitations aux d\u00e9l\u00e9gu\u00e9es et d\u00e9l\u00e9gu\u00e9s suivants, qui ont \u00e9t\u00e9 \u00e9lus pour faire partie des \u00e9quipes de n\u00e9gociation des OES.<\/p>\n<p><img loading=\"lazy\" class=\"alignnone size-full wp-image-7527\" src=\"http:\/\/www.une-sen.org\/press\/wp-content\/uploads\/2019\/10\/SSO-BargTeam-RO-1.png\" alt=\"\" width=\"1200\" height=\"750\" srcset=\"https:\/\/www.unesen.ca\/press\/wp-content\/uploads\/2019\/10\/SSO-BargTeam-RO-1.png 1200w, https:\/\/www.unesen.ca\/press\/wp-content\/uploads\/2019\/10\/SSO-BargTeam-RO-1-300x188.png 300w, https:\/\/www.unesen.ca\/press\/wp-content\/uploads\/2019\/10\/SSO-BargTeam-RO-1-768x480.png 768w, https:\/\/www.unesen.ca\/press\/wp-content\/uploads\/2019\/10\/SSO-BargTeam-RO-1-1024x640.png 1024w\" sizes=\"(max-width: 767px) 89vw, (max-width: 1000px) 54vw, (max-width: 1071px) 543px, 580px\" \/><\/p>\n<table>\n<tbody>\n<tr>\n<td colspan=\"2\" width=\"312\"><strong>Bureaux r\u00e9gionaux<\/strong><\/td>\n<\/tr>\n<tr>\n<td width=\"156\"><strong>Edmonton<\/strong><\/td>\n<td width=\"156\">Yun-Csang Ghimn<\/td>\n<\/tr>\n<tr>\n<td width=\"156\"><strong>Winnipeg<\/strong><\/td>\n<td width=\"156\">Donna Fidelak<\/td>\n<\/tr>\n<tr>\n<td width=\"156\"><strong>Sturgeon Falls<\/strong><\/td>\n<td width=\"156\">Michelle Rivet<\/td>\n<\/tr>\n<tr>\n<td width=\"156\"><strong>Sherbrooke<\/strong><\/td>\n<td width=\"156\">Alice Vall\u00e9e<\/td>\n<\/tr>\n<tr>\n<td width=\"156\"><strong>Halifax<\/strong><\/td>\n<td width=\"156\">Neville David<\/td>\n<\/tr>\n<tr>\n<td width=\"156\"><strong>\u00a0<\/strong><\/td>\n<td width=\"156\">&nbsp;<\/td>\n<\/tr>\n<tr>\n<td width=\"156\"><strong>Suppl\u00e9ante n<sup>o<\/sup>\u00a01<\/strong><\/td>\n<td width=\"156\">Anna Goldfeld<\/td>\n<\/tr>\n<tr>\n<td width=\"156\"><strong>Suppl\u00e9ante n<sup>o<\/sup>\u00a02<\/strong><\/td>\n<td width=\"156\">Imane Meddah<\/td>\n<\/tr>\n<tr>\n<td width=\"156\"><strong>Suppl\u00e9ante n<sup>o<\/sup>\u00a03<\/strong><\/td>\n<td width=\"156\">Helen Anderson<\/td>\n<\/tr>\n<\/tbody>\n<\/table>\n<p><img loading=\"lazy\" class=\"alignnone size-full wp-image-7528\" src=\"http:\/\/www.une-sen.org\/press\/wp-content\/uploads\/2019\/10\/SSO-BargTeam-Field-1.png\" alt=\"\" width=\"1200\" height=\"750\" srcset=\"https:\/\/www.unesen.ca\/press\/wp-content\/uploads\/2019\/10\/SSO-BargTeam-Field-1.png 1200w, https:\/\/www.unesen.ca\/press\/wp-content\/uploads\/2019\/10\/SSO-BargTeam-Field-1-300x188.png 300w, https:\/\/www.unesen.ca\/press\/wp-content\/uploads\/2019\/10\/SSO-BargTeam-Field-1-768x480.png 768w, https:\/\/www.unesen.ca\/press\/wp-content\/uploads\/2019\/10\/SSO-BargTeam-Field-1-1024x640.png 1024w\" sizes=\"(max-width: 767px) 89vw, (max-width: 1000px) 54vw, (max-width: 1071px) 543px, 580px\" \/><\/p>\n<table>\n<tbody>\n<tr>\n<td colspan=\"2\" width=\"312\"><strong>Intervieweuses et intervieweurs sur place<\/strong><\/td>\n<\/tr>\n<tr>\n<td width=\"156\"><strong>Non rattach\u00e9e \u00e0 une r\u00e9gion n<sup>o<\/sup>\u00a01<\/strong><\/td>\n<td width=\"156\">Phyllis Allen<\/td>\n<\/tr>\n<tr>\n<td width=\"156\"><strong>Non rattach\u00e9e \u00e0 une r\u00e9gion n<sup>o<\/sup>\u00a02<\/strong><\/td>\n<td width=\"156\">Elyse Jones<\/td>\n<\/tr>\n<tr>\n<td width=\"156\"><strong>R\u00e9gion de l\u2019Ouest<\/strong><\/td>\n<td width=\"156\">Linda Woods<\/td>\n<\/tr>\n<tr>\n<td width=\"156\"><strong>R\u00e9gion centrale (Ont. et RCN)<\/strong><\/td>\n<td width=\"156\">Shelly Daudlin<\/td>\n<\/tr>\n<tr>\n<td width=\"156\"><strong>R\u00e9gion de l\u2019Est (Qu\u00e9. et Atl.)<\/strong><\/td>\n<td width=\"156\">Claude-Andr\u00e9 Leduc<\/td>\n<\/tr>\n<tr>\n<td width=\"156\"><strong>\u00a0<\/strong><\/td>\n<td width=\"156\">&nbsp;<\/td>\n<\/tr>\n<tr>\n<td width=\"156\"><strong>Suppl\u00e9ante n<sup>o<\/sup>\u00a01<\/strong><\/td>\n<td width=\"156\">Kelly Marshall<\/td>\n<\/tr>\n<tr>\n<td width=\"156\"><strong>Suppl\u00e9ante n<sup>o<\/sup>\u00a02<\/strong><\/td>\n<td width=\"156\">Joanne Bekker<\/td>\n<\/tr>\n<tr>\n<td width=\"156\"><strong>Suppl\u00e9ant n<sup>o<\/sup>\u00a03<\/strong><\/td>\n<td width=\"156\">Nilesh Patel<\/td>\n<\/tr>\n<\/tbody>\n<\/table>\n<p>&nbsp;<\/p>\n","protected":false},"excerpt":{"rendered":"<p>Ottawa, Ont. \u2013 Le bureau r\u00e9gional des Op\u00e9rations des enqu\u00eates statistiques (OES) et les \u00e9quipes d\u2019intervieweuses et intervieweurs sur place se sont rencontr\u00e9s pendant trois\u00a0jours pour discuter des bons et des mauvais c\u00f4t\u00e9s de la situation en pr\u00e9paration aux prochaines n\u00e9gociations en (MOIS). Leur convention actuelle a pris fin en\u00a02018, et les membres du SEN &hellip; <\/p>\n<p class=\"link-more\"><a href=\"https:\/\/www.unesen.ca\/press\/?p=7526&#038;lang=fr\" class=\"more-link\">>><span class=\"screen-reader-text\"> &#8220;La Conf\u00e9rence de n\u00e9gociation des OES pr\u00e9pare les questions pour l\u2019intense ronde de n\u00e9gociation&#8221;<\/span><\/a><\/p>\n","protected":false},"author":2,"featured_media":0,"comment_status":"closed","ping_status":"open","sticky":false,"template":"","format":"standard","meta":{"_links_to":"","_links_to_target":""},"categories":[],"tags":[],"_links":{"self":[{"href":"https:\/\/www.unesen.ca\/press\/index.php?rest_route=\/wp\/v2\/posts\/7526"}],"collection":[{"href":"https:\/\/www.unesen.ca\/press\/index.php?rest_route=\/wp\/v2\/posts"}],"about":[{"href":"https:\/\/www.unesen.ca\/press\/index.php?rest_route=\/wp\/v2\/types\/post"}],"author":[{"embeddable":true,"href":"https:\/\/www.unesen.ca\/press\/index.php?rest_route=\/wp\/v2\/users\/2"}],"replies":[{"embeddable":true,"href":"https:\/\/www.unesen.ca\/press\/index.php?rest_route=%2Fwp%2Fv2%2Fcomments&post=7526"}],"version-history":[{"count":1,"href":"https:\/\/www.unesen.ca\/press\/index.php?rest_route=\/wp\/v2\/posts\/7526\/revisions"}],"predecessor-version":[{"id":7529,"href":"https:\/\/www.unesen.ca\/press\/index.php?rest_route=\/wp\/v2\/posts\/7526\/revisions\/7529"}],"wp:attachment":[{"href":"https:\/\/www.unesen.ca\/press\/index.php?rest_route=%2Fwp%2Fv2%2Fmedia&parent=7526"}],"wp:term":[{"taxonomy":"category","embeddable":true,"href":"https:\/\/www.unesen.ca\/press\/index.php?rest_route=%2Fwp%2Fv2%2Fcategories&post=7526"},{"taxonomy":"post_tag","embeddable":true,"href":"https:\/\/www.unesen.ca\/press\/index.php?rest_route=%2Fwp%2Fv2%2Ftags&post=7526"}],"curies":[{"name":"wp","href":"https:\/\/api.w.org\/{rel}","templated":true}]}}