{"id":7493,"date":"2019-09-23T07:15:45","date_gmt":"2019-09-23T12:15:45","guid":{"rendered":"http:\/\/fr.une-sen.org\/press\/?p=7493"},"modified":"2019-09-23T09:10:09","modified_gmt":"2019-09-23T14:10:09","slug":"participez-a-la-greve-mondiale-pour-le-climat","status":"publish","type":"post","link":"https:\/\/www.unesen.ca\/press\/?p=7493&amp;lang=fr","title":{"rendered":"Participez \u00e0 la Gr\u00e8ve mondiale pour le climat!"},"content":{"rendered":"<p><img loading=\"lazy\" class=\"alignnone size-full wp-image-7494\" src=\"http:\/\/www.une-sen.org\/press\/wp-content\/uploads\/2019\/09\/ClimateDay-1.png\" alt=\"\" width=\"1200\" height=\"750\" srcset=\"https:\/\/www.unesen.ca\/press\/wp-content\/uploads\/2019\/09\/ClimateDay-1.png 1200w, https:\/\/www.unesen.ca\/press\/wp-content\/uploads\/2019\/09\/ClimateDay-1-300x188.png 300w, https:\/\/www.unesen.ca\/press\/wp-content\/uploads\/2019\/09\/ClimateDay-1-768x480.png 768w, https:\/\/www.unesen.ca\/press\/wp-content\/uploads\/2019\/09\/ClimateDay-1-1024x640.png 1024w\" sizes=\"(max-width: 767px) 89vw, (max-width: 1000px) 54vw, (max-width: 1071px) 543px, 580px\" \/><\/p>\n<div class=\"field field-name-body field-type-text-with-summary field-label-hidden view-mode-full\">\n<div class=\"field-items\">\n<div class=\"field-item even\">\n<p>Partout dans le monde, des gens se rendront dans les rues le 27 septembre prochain pour attirer l\u2019attention sur la crise climatique croissante. L\u2019AFPC encourage toues et tous ses membres qui le peuvent \u00e0 manifester leur appui \u00e0 <strong><a href=\"https:\/\/fr.globalclimatestrike.net\/#join\">la Gr\u00e8ve mondiale pour le climat<\/a><\/strong>\u00a0et \u00e0 y participer.<\/p>\n<p><strong><a href=\"https:\/\/nouvelles.umontreal.ca\/article\/2019\/09\/05\/les-canadiens-soutiennent-la-lutte-contre-les-changements-climatiques\/\">L\u2019environnement devenant l\u2019une des principales pr\u00e9occupations des Canadiennes et Canadiens lors des prochaines \u00e9lections f\u00e9d\u00e9rales<\/a><\/strong>, cette mobilisation nous donne l\u2019occasion de faire comprendre \u00e0 tous les chefs de partis politiques l\u2019urgence d\u2019agir. Visitez le\u00a0<strong><a href=\"https:\/\/fr.globalclimatestrike.net\/#join\">site Web de la Gr\u00e8ve mondiale pour le climat<\/a><\/strong>\u00a0pour savoir o\u00f9 et quand les mobilisations auront lieu dans votre ville ou r\u00e9gion.<\/p>\n<h3 class=\"rtecenter\"><a href=\"http:\/\/syndicatafpc.ca\/sites\/psac\/files\/attachments\/pdfs\/psac-climate-justice-lettersize_0.pdf\"><strong>T\u00e9l\u00e9chargez l&#8217;affiche de l&#8217;AFPC pour la justice climatique !<\/strong><\/a><\/h3>\n<h2>Qu\u2019est-ce que la Gr\u00e8ve mondiale pour le climat?<\/h2>\n<p>Les jeunes du monde entier m\u00e8nent la lutte contre les changements climatiques. Ils demandent maintenant \u00e0 tous les citoyens et citoyennes de se joindre \u00e0 eux dans la lutte pour pr\u00e9server leur avenir. On pr\u00e9voit des manifestations citoyennes et \u00e9tudiantes \u00e0 la cl\u00f4ture de la rencontre des dirigeants mondiaux participant au\u00a0<strong><a href=\"https:\/\/www.un.org\/fr\/climatechange\/\">Sommet Action Climat des Nations Unies<\/a><\/strong>\u00a0le 23\u00a0septembre prochain. Des actions seront organis\u00e9es dans plus de 150\u00a0pays \u00e0 travers le monde et tous les citoyens et citoyennes sont encourag\u00e9s \u00e0 y participer. Cette manifestation mondiale de solidarit\u00e9 montrera clairement aux dirigeants et dirigeantes du monde entier que nous attendons une action ambitieuse de leur part contre les changements climatiques, et nous la voulons maintenant!<\/p>\n<h2>Je ne peux pas m\u2019absenter du travail, mais je veux appuyer le mouvement. Qu\u2019est-ce que je peux faire?<\/h2>\n<p>Il est entendu que nous n\u2019avons pas toutes et tous la possibilit\u00e9 de prendre un jour de cong\u00e9 pour participer \u00e0 la journ\u00e9e de mobilisation pour le climat, mais cela ne veut pas dire que vous ne pouvez pas faire entendre votre voix. Voici quelques id\u00e9es sur la fa\u00e7on dont vous pouvez appuyer le mouvement pendant que vous travaillez\u00a0:<\/p>\n<ul>\n<li>Partagez les messages sur la Gr\u00e8ve mondiale pour le climat dans les m\u00e9dias sociaux pendant vos pauses. Vous pouvez afficher des photos personnelles ou de groupe en utilisant le mot-clic\u00a0:\u00a0<strong>#Gr\u00e8vepourleClimat<\/strong>.<\/li>\n<li>Organisez une pr\u00e9sentation ou une discussion \u00e0 l\u2019heure du d\u00eener au travail pour partager de l\u2019information sur la manifestation mondiale pour le climat.<\/li>\n<li>Pr\u00e9sentez \u00e0 votre employeur une proposition\u00a0expliquant comment et pourquoi votre lieu de travail devrait participer \u00e0 la Gr\u00e8ve mondiale pour le climat.<\/li>\n<li>Si vous \u00eates un groupe d\u2019employ\u00e9s qui souhaite passer \u00e0 l\u2019action, vous pouvez organiser une action en milieu de travail.<\/li>\n<li>Si vous pouvez demander un cong\u00e9 officiel \u00e0 votre lieu de travail, faites savoir \u00e0 votre employeur pourquoi vous prenez un cong\u00e9 afin de vous assurer que votre action sensibilise les gens. Encouragez vos coll\u00e8gues \u00e0 faire de m\u00eame.<\/li>\n<\/ul>\n<p><a id=\"_Hlk19776830\" name=\"_Hlk19776830\"><\/a><strong>Visitez le<\/strong>\u00a0<strong><a href=\"https:\/\/fr.globalclimatestrike.net\/#join\">site Web de la Gr\u00e8ve mondiale pour le climat<\/a><\/strong>\u00a0pour avoir d\u2019autres id\u00e9es sur la fa\u00e7on dont vous pouvez appuyer le mouvement.<\/p>\n<\/div>\n<\/div>\n<\/div>\n<div class=\"field field-name-field-attachments\">\n<div class=\"label-above\">Fichiers joints:<\/div>\n<p><span class=\"file\"><img class=\"file-icon\" title=\"application\/pdf\" src=\"http:\/\/syndicatafpc.ca\/modules\/file\/icons\/application-pdf.png\" alt=\"PDF icon\" \/>\u00a0<a href=\"http:\/\/syndicatafpc.ca\/sites\/psac\/files\/attachments\/pdfs\/psac-climate-justice-lettersize_0.pdf\" type=\"application\/pdf; length=1500375\">psac-climate-justice-lettersize.pdf<\/a><\/span><\/p>\n<\/div>\n<div><\/div>\n<div>Source : <a href=\"http:\/\/www.syndicatafpc.ca\"><em>www.syndicatafpc.ca<\/em><\/a><\/div>\n","protected":false},"excerpt":{"rendered":"<p>Partout dans le monde, des gens se rendront dans les rues le 27 septembre prochain pour attirer l\u2019attention sur la crise climatique croissante. L\u2019AFPC encourage toues et tous ses membres qui le peuvent \u00e0 manifester leur appui \u00e0 la Gr\u00e8ve mondiale pour le climat\u00a0et \u00e0 y participer. L\u2019environnement devenant l\u2019une des principales pr\u00e9occupations des Canadiennes &hellip; <\/p>\n<p class=\"link-more\"><a href=\"https:\/\/www.unesen.ca\/press\/?p=7493&#038;lang=fr\" class=\"more-link\">>><span class=\"screen-reader-text\"> &#8220;Participez \u00e0 la Gr\u00e8ve mondiale pour le climat!&#8221;<\/span><\/a><\/p>\n","protected":false},"author":2,"featured_media":0,"comment_status":"closed","ping_status":"open","sticky":false,"template":"","format":"standard","meta":{"_links_to":"","_links_to_target":""},"categories":[],"tags":[],"_links":{"self":[{"href":"https:\/\/www.unesen.ca\/press\/index.php?rest_route=\/wp\/v2\/posts\/7493"}],"collection":[{"href":"https:\/\/www.unesen.ca\/press\/index.php?rest_route=\/wp\/v2\/posts"}],"about":[{"href":"https:\/\/www.unesen.ca\/press\/index.php?rest_route=\/wp\/v2\/types\/post"}],"author":[{"embeddable":true,"href":"https:\/\/www.unesen.ca\/press\/index.php?rest_route=\/wp\/v2\/users\/2"}],"replies":[{"embeddable":true,"href":"https:\/\/www.unesen.ca\/press\/index.php?rest_route=%2Fwp%2Fv2%2Fcomments&post=7493"}],"version-history":[{"count":3,"href":"https:\/\/www.unesen.ca\/press\/index.php?rest_route=\/wp\/v2\/posts\/7493\/revisions"}],"predecessor-version":[{"id":7498,"href":"https:\/\/www.unesen.ca\/press\/index.php?rest_route=\/wp\/v2\/posts\/7493\/revisions\/7498"}],"wp:attachment":[{"href":"https:\/\/www.unesen.ca\/press\/index.php?rest_route=%2Fwp%2Fv2%2Fmedia&parent=7493"}],"wp:term":[{"taxonomy":"category","embeddable":true,"href":"https:\/\/www.unesen.ca\/press\/index.php?rest_route=%2Fwp%2Fv2%2Fcategories&post=7493"},{"taxonomy":"post_tag","embeddable":true,"href":"https:\/\/www.unesen.ca\/press\/index.php?rest_route=%2Fwp%2Fv2%2Ftags&post=7493"}],"curies":[{"name":"wp","href":"https:\/\/api.w.org\/{rel}","templated":true}]}}