{"id":7486,"date":"2019-09-13T07:41:09","date_gmt":"2019-09-13T12:41:09","guid":{"rendered":"http:\/\/fr.une-sen.org\/press\/?p=7486"},"modified":"2019-09-30T06:48:13","modified_gmt":"2019-09-30T11:48:13","slug":"conference-sure-les-droits-de-la-personne-du-sen","status":"publish","type":"post","link":"https:\/\/www.unesen.ca\/press\/?p=7486&amp;lang=fr","title":{"rendered":"Conf\u00e9rence sure les droits de la personne du SEN"},"content":{"rendered":"<p><img loading=\"lazy\" class=\"alignnone size-full wp-image-7487\" src=\"http:\/\/www.une-sen.org\/press\/wp-content\/uploads\/2019\/09\/Poster-CONF-HR-f.png\" alt=\"\" width=\"5400\" height=\"3375\" srcset=\"https:\/\/www.unesen.ca\/press\/wp-content\/uploads\/2019\/09\/Poster-CONF-HR-f.png 5400w, https:\/\/www.unesen.ca\/press\/wp-content\/uploads\/2019\/09\/Poster-CONF-HR-f-300x188.png 300w, https:\/\/www.unesen.ca\/press\/wp-content\/uploads\/2019\/09\/Poster-CONF-HR-f-768x480.png 768w, https:\/\/www.unesen.ca\/press\/wp-content\/uploads\/2019\/09\/Poster-CONF-HR-f-1024x640.png 1024w\" sizes=\"(max-width: 767px) 89vw, (max-width: 1000px) 54vw, (max-width: 1071px) 543px, 580px\" \/><\/p>\n<p>Conf\u00e9rence sur les droits de la personne du SEN<br \/>\nDu 14 au 17 novembre\u00a02019<br \/>\nH\u00f4tel Hilton Lac-Leamy<\/p>\n<p>La date de la conf\u00e9rence sur les droits de la personne approche. Nous vous invitons \u00e0 soumettre votre demande pour vous joindre \u00e0 nous et venir \u00e0 Gatineau, Qu\u00e9bec, du 14 au 17\u00a0novembre 2019, et avoir la chance de rencontrer nos coll\u00e8gues d\u00e9fenseurs des droits de la personne et de discuter des nombreux d\u00e9fis que doit relever notre syndicat.<\/p>\n<p>Dans le cadre de la conf\u00e9rence, qui a lieu tous les trois ans, nous pourrons entendre des conf\u00e9renciers, participer \u00e0 des s\u00e9ances de formation et faire du r\u00e9seautage.<\/p>\n<p>En outre, des \u00e9lections se tiendront pour les postes suivants\u00a0:<\/p>\n<ul>\n<li>Repr\u00e9sentante nationale\/repr\u00e9sentant national de l\u2019\u00e9quit\u00e9 pour les Autochtones<\/li>\n<li>Repr\u00e9sentante nationale\/repr\u00e9sentant national de l\u2019\u00e9quit\u00e9 pour les personnes handicap\u00e9es<\/li>\n<li>Repr\u00e9sentante nationale\/repr\u00e9sentant national de l\u2019\u00e9quit\u00e9 pour les minorit\u00e9s visibles<\/li>\n<li>Repr\u00e9sentante nationale\/repr\u00e9sentant national de l\u2019\u00e9quit\u00e9 pour la communaut\u00e9 LGBTQ2+<\/li>\n<li>Repr\u00e9sentante nationale\/repr\u00e9sentant national de l\u2019\u00e9quit\u00e9 pour les femmes<\/li>\n<li>Quatre d\u00e9l\u00e9gu\u00e9es\/d\u00e9l\u00e9gu\u00e9s de chacun des groupes d\u2019\u00e9quit\u00e9 pour le congr\u00e8s triennal de 2020<\/li>\n<\/ul>\n<p>Les membres doivent indiquer leur appartenance \u00e0 un groupe d\u2019\u00e9quit\u00e9 durant le processus de demande et ne pourront pas changer de groupe d\u2019\u00e9quit\u00e9 \u00e0 la conf\u00e9rence ni le modifier.<\/p>\n<p>Pour un aper\u00e7u d\u2019autres choses que nous vous r\u00e9servons, consultez le\u00a0<a href=\"http:\/\/fr.une-sen.org\/events\/conferences\/HR\/agenda.php\" target=\"_blank\" rel=\"noopener noreferrer\">programme de la conf\u00e9rence<\/a>.<\/p>\n<p>Au moment de vous inscrire en ligne, on vous demandera de remplir un formulaire. Vos r\u00e9ponses seront utilis\u00e9es dans le cadre du processus de s\u00e9lection de la Conf\u00e9rence. Voici les questions qui seront pos\u00e9es, vous pouvez donc vous pr\u00e9parer; il vous suffira ensuite de copier-coller vos r\u00e9ponses durant le processus d\u2019inscription.<\/p>\n<p>D\u00e9crivez votre exp\u00e9rience en tant que d\u00e9fenseur\/d\u00e9fenseure des droits de la personne au sein du syndicat ou de votre collectivit\u00e9 ou racontez votre histoire personnelle (appuyez-vous sur les lignes directrices suivantes pour la description)\u00a0:<\/p>\n<ol start=\"1\" type=\"1\">\n<li>En quoi votre participation aura-t-elle une incidence sur votre section locale, votre Syndicat et votre collectivit\u00e9?<\/li>\n<li>Avez-vous d\u00e9j\u00e0 fait face \u00e0 des probl\u00e8mes li\u00e9s aux droits de la personne ou avez-vous d\u00e9j\u00e0 suivi une formation connexe?<\/li>\n<li>D\u00e9crivez votre organisation communautaire, votre section locale ou toute autre exp\u00e9rience que vous jugez pertinente (p.ex. activisme communautaire \u00e0 l\u2019\u00e9gard des droits de la personne ou de la justice sociale, postes occup\u00e9s au sein du syndicat).<\/li>\n<li>Pourquoi les droits de la personne ont-ils de l\u2019importance pour vous?<\/li>\n<\/ol>\n<p><strong>Vous devez vous inscrire au plus tard le vendredi 4\u00a0octobre\u00a02019.<\/strong><\/p>\n<p><strong><a href=\"https:\/\/fr.une-sen.org\/events\/conferences\/HR\/registration\/index.php\">CLIQUEZ ICI POUR VOUS INSCRIRE EN LIGNE<\/a><\/strong><\/p>\n<p>Si vous n\u2019arrivez pas \u00e0 vous inscrire, veuillez communiquer avec un des responsables des activit\u00e9s du SEN, \u00e0\u00a0<a href=\"mailto:events@une-sen.org\">events@une-sen.org<\/a>.<\/p>\n","protected":false},"excerpt":{"rendered":"<p>Conf\u00e9rence sur les droits de la personne du SEN Du 14 au 17 novembre\u00a02019 H\u00f4tel Hilton Lac-Leamy La date de la conf\u00e9rence sur les droits de la personne approche. Nous vous invitons \u00e0 soumettre votre demande pour vous joindre \u00e0 nous et venir \u00e0 Gatineau, Qu\u00e9bec, du 14 au 17\u00a0novembre 2019, et avoir la chance &hellip; <\/p>\n<p class=\"link-more\"><a href=\"https:\/\/www.unesen.ca\/press\/?p=7486&#038;lang=fr\" class=\"more-link\">>><span class=\"screen-reader-text\"> &#8220;Conf\u00e9rence sure les droits de la personne du SEN&#8221;<\/span><\/a><\/p>\n","protected":false},"author":2,"featured_media":0,"comment_status":"closed","ping_status":"open","sticky":false,"template":"","format":"standard","meta":{"_links_to":"","_links_to_target":""},"categories":[],"tags":[],"_links":{"self":[{"href":"https:\/\/www.unesen.ca\/press\/index.php?rest_route=\/wp\/v2\/posts\/7486"}],"collection":[{"href":"https:\/\/www.unesen.ca\/press\/index.php?rest_route=\/wp\/v2\/posts"}],"about":[{"href":"https:\/\/www.unesen.ca\/press\/index.php?rest_route=\/wp\/v2\/types\/post"}],"author":[{"embeddable":true,"href":"https:\/\/www.unesen.ca\/press\/index.php?rest_route=\/wp\/v2\/users\/2"}],"replies":[{"embeddable":true,"href":"https:\/\/www.unesen.ca\/press\/index.php?rest_route=%2Fwp%2Fv2%2Fcomments&post=7486"}],"version-history":[{"count":2,"href":"https:\/\/www.unesen.ca\/press\/index.php?rest_route=\/wp\/v2\/posts\/7486\/revisions"}],"predecessor-version":[{"id":7499,"href":"https:\/\/www.unesen.ca\/press\/index.php?rest_route=\/wp\/v2\/posts\/7486\/revisions\/7499"}],"wp:attachment":[{"href":"https:\/\/www.unesen.ca\/press\/index.php?rest_route=%2Fwp%2Fv2%2Fmedia&parent=7486"}],"wp:term":[{"taxonomy":"category","embeddable":true,"href":"https:\/\/www.unesen.ca\/press\/index.php?rest_route=%2Fwp%2Fv2%2Fcategories&post=7486"},{"taxonomy":"post_tag","embeddable":true,"href":"https:\/\/www.unesen.ca\/press\/index.php?rest_route=%2Fwp%2Fv2%2Ftags&post=7486"}],"curies":[{"name":"wp","href":"https:\/\/api.w.org\/{rel}","templated":true}]}}