{"id":7458,"date":"2019-09-09T07:51:05","date_gmt":"2019-09-09T12:51:05","guid":{"rendered":"http:\/\/fr.une-sen.org\/press\/?p=7458"},"modified":"2019-09-09T07:51:05","modified_gmt":"2019-09-09T12:51:05","slug":"le-conseil-du-tresor-quitte-la-table-des-negociations","status":"publish","type":"post","link":"https:\/\/www.unesen.ca\/press\/?p=7458&amp;lang=fr","title":{"rendered":"Le Conseil du Tr\u00e9sor quitte la table des n\u00e9gociations"},"content":{"rendered":"<p><img loading=\"lazy\" class=\"alignnone size-full wp-image-7460\" src=\"http:\/\/www.une-sen.org\/press\/wp-content\/uploads\/2019\/09\/BargainingPH.png\" alt=\"\" width=\"1200\" height=\"750\" srcset=\"https:\/\/www.unesen.ca\/press\/wp-content\/uploads\/2019\/09\/BargainingPH.png 1200w, https:\/\/www.unesen.ca\/press\/wp-content\/uploads\/2019\/09\/BargainingPH-300x188.png 300w, https:\/\/www.unesen.ca\/press\/wp-content\/uploads\/2019\/09\/BargainingPH-768x480.png 768w, https:\/\/www.unesen.ca\/press\/wp-content\/uploads\/2019\/09\/BargainingPH-1024x640.png 1024w\" sizes=\"(max-width: 767px) 89vw, (max-width: 1000px) 54vw, (max-width: 1071px) 543px, 580px\" \/><\/p>\n<p>Malgr\u00e9 les efforts de l\u2019AFPC et des \u00e9quipes de n\u00e9gociation repr\u00e9sentant le groupe\u00a0PA et les enjeux communs, l\u2019employeur a choisi de se retirer des n\u00e9gociations.<\/p>\n<p>L\u2019employeur n\u2019a m\u00eame pas r\u00e9serv\u00e9 les services d\u2019interpr\u00e9tation pour le samedi 7\u00a0septembre et a d\u00e9cid\u00e9 de ne pas en informer le n\u00e9gociateur en chef de l\u2019AFPC. Les n\u00e9gociateurs du Conseil du Tr\u00e9sor, les repr\u00e9sentants de la direction et le Bureau du Conseil priv\u00e9 ont fait preuve d\u2019un manque total de respect envers l\u2019AFPC et les repr\u00e9sentants de notre \u00e9quipe de n\u00e9gociation.<\/p>\n<p>Le d\u00e9clenchement des \u00e9lections \u00e9tant pr\u00e9vu, les parties ne seront pas en mesure de reprendre les n\u00e9gociations avant l\u2019\u00e9lection d\u2019un nouveau gouvernement.<\/p>\n<p>Nous nous souviendrons de cela.<\/p>\n","protected":false},"excerpt":{"rendered":"<p>Malgr\u00e9 les efforts de l\u2019AFPC et des \u00e9quipes de n\u00e9gociation repr\u00e9sentant le groupe\u00a0PA et les enjeux communs, l\u2019employeur a choisi de se retirer des n\u00e9gociations. L\u2019employeur n\u2019a m\u00eame pas r\u00e9serv\u00e9 les services d\u2019interpr\u00e9tation pour le samedi 7\u00a0septembre et a d\u00e9cid\u00e9 de ne pas en informer le n\u00e9gociateur en chef de l\u2019AFPC. Les n\u00e9gociateurs du Conseil &hellip; <\/p>\n<p class=\"link-more\"><a href=\"https:\/\/www.unesen.ca\/press\/?p=7458&#038;lang=fr\" class=\"more-link\">>><span class=\"screen-reader-text\"> &#8220;Le Conseil du Tr\u00e9sor quitte la table des n\u00e9gociations&#8221;<\/span><\/a><\/p>\n","protected":false},"author":2,"featured_media":0,"comment_status":"closed","ping_status":"open","sticky":false,"template":"","format":"standard","meta":{"_links_to":"","_links_to_target":""},"categories":[],"tags":[],"_links":{"self":[{"href":"https:\/\/www.unesen.ca\/press\/index.php?rest_route=\/wp\/v2\/posts\/7458"}],"collection":[{"href":"https:\/\/www.unesen.ca\/press\/index.php?rest_route=\/wp\/v2\/posts"}],"about":[{"href":"https:\/\/www.unesen.ca\/press\/index.php?rest_route=\/wp\/v2\/types\/post"}],"author":[{"embeddable":true,"href":"https:\/\/www.unesen.ca\/press\/index.php?rest_route=\/wp\/v2\/users\/2"}],"replies":[{"embeddable":true,"href":"https:\/\/www.unesen.ca\/press\/index.php?rest_route=%2Fwp%2Fv2%2Fcomments&post=7458"}],"version-history":[{"count":2,"href":"https:\/\/www.unesen.ca\/press\/index.php?rest_route=\/wp\/v2\/posts\/7458\/revisions"}],"predecessor-version":[{"id":7461,"href":"https:\/\/www.unesen.ca\/press\/index.php?rest_route=\/wp\/v2\/posts\/7458\/revisions\/7461"}],"wp:attachment":[{"href":"https:\/\/www.unesen.ca\/press\/index.php?rest_route=%2Fwp%2Fv2%2Fmedia&parent=7458"}],"wp:term":[{"taxonomy":"category","embeddable":true,"href":"https:\/\/www.unesen.ca\/press\/index.php?rest_route=%2Fwp%2Fv2%2Fcategories&post=7458"},{"taxonomy":"post_tag","embeddable":true,"href":"https:\/\/www.unesen.ca\/press\/index.php?rest_route=%2Fwp%2Fv2%2Ftags&post=7458"}],"curies":[{"name":"wp","href":"https:\/\/api.w.org\/{rel}","templated":true}]}}