{"id":742,"date":"2012-03-21T16:37:30","date_gmt":"2012-03-21T20:37:30","guid":{"rendered":"http:\/\/www.une-sen.org\/press\/?p=742"},"modified":"2014-02-25T19:04:52","modified_gmt":"2014-02-25T19:04:52","slug":"nous-voyons-les-choses-telles-que-nous-sommes","status":"publish","type":"post","link":"https:\/\/www.unesen.ca\/press\/?p=742&amp;lang=fr","title":{"rendered":"Nous voyons les choses telles que nous sommes"},"content":{"rendered":"<p><img loading=\"lazy\" class=\"alignnone size-full wp-image-744\" title=\"march21_f\" alt=\"\" src=\"http:\/\/www.une-sen.org\/press\/wp-content\/uploads\/2012\/04\/march21_f.jpg\" width=\"541\" height=\"360\" srcset=\"https:\/\/www.unesen.ca\/press\/wp-content\/uploads\/2012\/04\/march21_f.jpg 541w, https:\/\/www.unesen.ca\/press\/wp-content\/uploads\/2012\/04\/march21_f-300x199.jpg 300w\" sizes=\"(max-width: 541px) 100vw, 541px\" \/><\/p>\n<blockquote><p><em>\u00ab\u00a0Nous ne voyons pas les choses telles qu&#8217;elles sont,<br \/>\nmais telles que nous sommes\u00a0\u00bb<\/em><br \/>\nAna\u00efs Nin<br \/>\nM\u00e9morialiste et auteure am\u00e9ricaine, 1903 \u2013 1977<\/p><\/blockquote>\n<p>La Journ\u00e9e internationale pour l&#8217;\u00e9limination de la discrimination raciale; qu\u2019est ce qu\u2019elle signifie pour moi?<\/p>\n<p>C\u2019est notre journ\u00e9e pour r\u00e9fl\u00e9chir. C\u2019est l\u2019occasion de jeter un regard en arri\u00e8re pour appr\u00e9cier les progr\u00e8s r\u00e9alis\u00e9s tout en se rappelant qu&#8217;il nous reste encore du chemin \u00e0 parcourir.<\/p>\n<p>En 1960, 69 personnes ont \u00e9t\u00e9 tu\u00e9es alors qu\u2019elles manifestaient pacifiquement contre l&#8217;apartheid \u00e0 Sharpeville, en Afrique du Sud. Le massacre de Sharpeville a choqu\u00e9 le monde. En 1966, les Nations Unies ont d\u00e9clar\u00e9 le 21 mars comme \u00e9tant la Journ\u00e9e internationale pour l&#8217;\u00e9limination de la discrimination raciale.<\/p>\n<p>Certains affirment que le racisme ne sera jamais \u00e9limin\u00e9. Par contre, je crois que c\u2019est une question d\u2019\u00eatre patient! C&#8217;est regrettable que, d\u2019ici l\u00e0, nous devons endurer des combats, la s\u00e9gr\u00e9gation, et l\u2019examen \u00e0 la loupe.<\/p>\n<p>Le racisme de disparaitra pas apr\u00e8s le 21 mars. Il ne sera jamais \u00e9limin\u00e9 du jour au lendemain. Nous devons gravir une marche suppl\u00e9mentaire; nous devons continuer \u00e0 examiner nos actions, nos comportements et le regard que nous portons sur l\u2019autre.<\/p>\n<p>Le 21 mars, tirons les le\u00e7ons de nos pr\u00e9jug\u00e9s et soyons assez braves pour les critiquer.<\/p>\n<p>&#8211; Mary Jeyananthan<\/p>\n<p>Mary Jeyananthan est la Repr\u00e9sentante nationale de l\u2019\u00e9quit\u00e9 pour les membres de minorit\u00e9s visibles. Le 26 mars, elle participera aussi \u00e0 un \u00e9v\u00e9nement visant \u00e0 combattre le racisme \u00e0 London, en Ontario.<\/p>\n","protected":false},"excerpt":{"rendered":"<p>\u00ab\u00a0Nous ne voyons pas les choses telles qu&#8217;elles sont, mais telles que nous sommes\u00a0\u00bb Ana\u00efs Nin M\u00e9morialiste et auteure am\u00e9ricaine, 1903 \u2013 1977 La Journ\u00e9e internationale pour l&#8217;\u00e9limination de la discrimination raciale; qu\u2019est ce qu\u2019elle signifie pour moi? C\u2019est notre journ\u00e9e pour r\u00e9fl\u00e9chir. C\u2019est l\u2019occasion de jeter un regard en arri\u00e8re pour appr\u00e9cier les progr\u00e8s &hellip; <\/p>\n<p class=\"link-more\"><a href=\"https:\/\/www.unesen.ca\/press\/?p=742&#038;lang=fr\" class=\"more-link\">>><span class=\"screen-reader-text\"> &#8220;Nous voyons les choses telles que nous sommes&#8221;<\/span><\/a><\/p>\n","protected":false},"author":3,"featured_media":0,"comment_status":"open","ping_status":"open","sticky":false,"template":"","format":"standard","meta":{"_links_to":"","_links_to_target":""},"categories":[],"tags":[],"_links":{"self":[{"href":"https:\/\/www.unesen.ca\/press\/index.php?rest_route=\/wp\/v2\/posts\/742"}],"collection":[{"href":"https:\/\/www.unesen.ca\/press\/index.php?rest_route=\/wp\/v2\/posts"}],"about":[{"href":"https:\/\/www.unesen.ca\/press\/index.php?rest_route=\/wp\/v2\/types\/post"}],"author":[{"embeddable":true,"href":"https:\/\/www.unesen.ca\/press\/index.php?rest_route=\/wp\/v2\/users\/3"}],"replies":[{"embeddable":true,"href":"https:\/\/www.unesen.ca\/press\/index.php?rest_route=%2Fwp%2Fv2%2Fcomments&post=742"}],"version-history":[{"count":1,"href":"https:\/\/www.unesen.ca\/press\/index.php?rest_route=\/wp\/v2\/posts\/742\/revisions"}],"predecessor-version":[{"id":3552,"href":"https:\/\/www.unesen.ca\/press\/index.php?rest_route=\/wp\/v2\/posts\/742\/revisions\/3552"}],"wp:attachment":[{"href":"https:\/\/www.unesen.ca\/press\/index.php?rest_route=%2Fwp%2Fv2%2Fmedia&parent=742"}],"wp:term":[{"taxonomy":"category","embeddable":true,"href":"https:\/\/www.unesen.ca\/press\/index.php?rest_route=%2Fwp%2Fv2%2Fcategories&post=742"},{"taxonomy":"post_tag","embeddable":true,"href":"https:\/\/www.unesen.ca\/press\/index.php?rest_route=%2Fwp%2Fv2%2Ftags&post=742"}],"curies":[{"name":"wp","href":"https:\/\/api.w.org\/{rel}","templated":true}]}}