{"id":7382,"date":"2019-07-15T07:27:43","date_gmt":"2019-07-15T12:27:43","guid":{"rendered":"http:\/\/fr.une-sen.org\/press\/?p=7382"},"modified":"2019-07-15T07:27:43","modified_gmt":"2019-07-15T12:27:43","slug":"reprise-des-negos-avec-parcs-canada-le-16-juillet","status":"publish","type":"post","link":"https:\/\/www.unesen.ca\/press\/?p=7382&amp;lang=fr","title":{"rendered":"Reprise des n\u00e9gos avec Parcs Canada le 16 juillet"},"content":{"rendered":"<div class=\"field field-name-body field-type-text-with-summary field-label-hidden view-mode-full\">\n<div class=\"field-items\">\n<div class=\"field-item even\">\n<p><img loading=\"lazy\" class=\"alignnone size-full wp-image-7383\" src=\"http:\/\/www.une-sen.org\/press\/wp-content\/uploads\/2019\/07\/BargainingParks-1.png\" alt=\"\" width=\"1200\" height=\"750\" srcset=\"https:\/\/www.unesen.ca\/press\/wp-content\/uploads\/2019\/07\/BargainingParks-1.png 1200w, https:\/\/www.unesen.ca\/press\/wp-content\/uploads\/2019\/07\/BargainingParks-1-300x188.png 300w, https:\/\/www.unesen.ca\/press\/wp-content\/uploads\/2019\/07\/BargainingParks-1-768x480.png 768w, https:\/\/www.unesen.ca\/press\/wp-content\/uploads\/2019\/07\/BargainingParks-1-1024x640.png 1024w\" sizes=\"(max-width: 767px) 89vw, (max-width: 1000px) 54vw, (max-width: 1071px) 543px, 580px\" \/><\/p>\n<p>Les n\u00e9gociations entre l\u2019AFPC et Parcs Canada se poursuivront\u00a0<strong>du 16 au 18 juillet<\/strong>\u00a0dans la r\u00e9gion de la capitale\u00a0nationale. Le but de notre \u00e9quipe\u00a0: obtenir une bonne convention collective pour les quelque 4\u00a0000\u00a0fonctionnaires qui travaillent \u00e0 Parcs Canada partout au pays.<\/p>\n<h2>Le point sur la derni\u00e8re s\u00e9ance<\/h2>\n<p>Le mois dernier, notre \u00e9quipe de n\u00e9go a continu\u00e9 \u00e0 insister sur la parit\u00e9 avec l\u2019administration publique centrale, en plus d\u2019aborder d\u2019importantes questions comme la sant\u00e9 mentale au travail et l\u2019am\u00e9lioration du cong\u00e9 de maternit\u00e9 et du cong\u00e9 parental. Elle a aussi\u00a0:<\/p>\n<ul>\n<li>propos\u00e9 des am\u00e9liorations aux conditions d\u2019emploi des gardes de parc;<\/li>\n<li>sugg\u00e9r\u00e9 la cr\u00e9ation d\u2019un comit\u00e9 mixte sur les services de garde d\u2019enfants;<\/li>\n<li>expos\u00e9 \u00e0 l\u2019employeur les avantages de l\u2019adh\u00e9sion au\u00a0<a href=\"https:\/\/www.njc-cnm.gc.ca\/en\"><strong>Conseil national mixte<\/strong><\/a>\u00a0(CNM).<\/li>\n<\/ul>\n<h2>Soyez dans le coup<\/h2>\n<ul>\n<li><a href=\"http:\/\/syndicatafpc.ca\/inscrivez-vous-liste-diffusion-lafpc-0?_ga=2.267125515.464148105.1562934119-2050668281.1558442663\">Inscrivez-vous<\/a>\u00a0\u00e0 notre liste de diffusion.<\/li>\n<li>V\u00e9rifiez si vos coordonn\u00e9es sont \u00e0 jour.<\/li>\n<li>Consultez r\u00e9guli\u00e8rement la page Web\u00a0<a href=\"http:\/\/syndicatafpc.ca\/employer\/parks-canada-agency?_ga=2.98135450.464148105.1562934119-2050668281.1558442663\"><strong>de l\u2019\u00e9quipe de n\u00e9go de Parcs Canada<\/strong>\u00a0<\/a>sur le site de l\u2019AFPC.<\/li>\n<li>T\u00e9moignez votre appui \u00e0 l\u2019\u00e9quipe de n\u00e9go sur\u00a0<a href=\"https:\/\/www.facebook.com\/psac.national\/\"><strong>Facebook<\/strong><\/a>\u00a0et\u00a0<a href=\"https:\/\/twitter.com\/psacnat\"><strong>Twitter<\/strong><\/a>.<\/li>\n<li>Discutez avec vos coll\u00e8gues de votre convention collective, de vos avantages sociaux et des protections dont vous b\u00e9n\u00e9ficiez.<\/li>\n<li>Participez \u00e0 n\u2019importe laquelle s\u00e9ance d\u2019information dans votre r\u00e9gion.<\/li>\n<\/ul>\n<p><strong>Tenez-vous au courant et passez le mot!<\/strong><\/p>\n<\/div>\n<\/div>\n<\/div>\n","protected":false},"excerpt":{"rendered":"<p>Les n\u00e9gociations entre l\u2019AFPC et Parcs Canada se poursuivront\u00a0du 16 au 18 juillet\u00a0dans la r\u00e9gion de la capitale\u00a0nationale. Le but de notre \u00e9quipe\u00a0: obtenir une bonne convention collective pour les quelque 4\u00a0000\u00a0fonctionnaires qui travaillent \u00e0 Parcs Canada partout au pays. Le point sur la derni\u00e8re s\u00e9ance Le mois dernier, notre \u00e9quipe de n\u00e9go a continu\u00e9 &hellip; <\/p>\n<p class=\"link-more\"><a href=\"https:\/\/www.unesen.ca\/press\/?p=7382&#038;lang=fr\" class=\"more-link\">>><span class=\"screen-reader-text\"> &#8220;Reprise des n\u00e9gos avec Parcs Canada le 16 juillet&#8221;<\/span><\/a><\/p>\n","protected":false},"author":2,"featured_media":0,"comment_status":"closed","ping_status":"open","sticky":false,"template":"","format":"standard","meta":{"_links_to":"","_links_to_target":""},"categories":[],"tags":[],"_links":{"self":[{"href":"https:\/\/www.unesen.ca\/press\/index.php?rest_route=\/wp\/v2\/posts\/7382"}],"collection":[{"href":"https:\/\/www.unesen.ca\/press\/index.php?rest_route=\/wp\/v2\/posts"}],"about":[{"href":"https:\/\/www.unesen.ca\/press\/index.php?rest_route=\/wp\/v2\/types\/post"}],"author":[{"embeddable":true,"href":"https:\/\/www.unesen.ca\/press\/index.php?rest_route=\/wp\/v2\/users\/2"}],"replies":[{"embeddable":true,"href":"https:\/\/www.unesen.ca\/press\/index.php?rest_route=%2Fwp%2Fv2%2Fcomments&post=7382"}],"version-history":[{"count":1,"href":"https:\/\/www.unesen.ca\/press\/index.php?rest_route=\/wp\/v2\/posts\/7382\/revisions"}],"predecessor-version":[{"id":7384,"href":"https:\/\/www.unesen.ca\/press\/index.php?rest_route=\/wp\/v2\/posts\/7382\/revisions\/7384"}],"wp:attachment":[{"href":"https:\/\/www.unesen.ca\/press\/index.php?rest_route=%2Fwp%2Fv2%2Fmedia&parent=7382"}],"wp:term":[{"taxonomy":"category","embeddable":true,"href":"https:\/\/www.unesen.ca\/press\/index.php?rest_route=%2Fwp%2Fv2%2Fcategories&post=7382"},{"taxonomy":"post_tag","embeddable":true,"href":"https:\/\/www.unesen.ca\/press\/index.php?rest_route=%2Fwp%2Fv2%2Ftags&post=7382"}],"curies":[{"name":"wp","href":"https:\/\/api.w.org\/{rel}","templated":true}]}}